{"id":307611,"date":"2025-08-09T15:50:23","date_gmt":"2025-08-09T15:50:23","guid":{"rendered":"https:\/\/www.europesays.com\/fr\/307611\/"},"modified":"2025-08-09T15:50:23","modified_gmt":"2025-08-09T15:50:23","slug":"un-club-de-ligue-1-pret-a-sauter-sur-jonathan-rowe","status":"publish","type":"post","link":"https:\/\/www.europesays.com\/fr\/307611\/","title":{"rendered":"Un club de Ligue 1 pr\u00eat \u00e0 sauter sur Jonathan Rowe"},"content":{"rendered":"<p>Et si <a href=\"https:\/\/www.footmercato.net\/joueur\/jon-rowe\/\" rel=\"nofollow noopener\" target=\"_blank\">Jonathan Rowe<\/a> pliait bagage apr\u00e8s une seule saison \u00e0 l\u2019OM ? Il y a un an, l\u2019Anglais avait fait des pieds et des mains pour rejoindre le club phoc\u00e9en. Arriv\u00e9 contre 14,5 millions d\u2019euros, l\u2019attaquant de 22 ans aura finalement connu une premi\u00e8re saison contrast\u00e9e (30 matchs, 3 buts, 4 passes d\u00e9cisives), malgr\u00e9 quelques parenth\u00e8ses enchant\u00e9es contre l\u2019OL.<\/p>\n<p>            La suite apr\u00e8s cette publicit\u00e9<\/p>\n<p>Cet \u00e9t\u00e9, Rowe a repris des couleurs en remportant l\u2019Euro Espoirs avec l\u2019Angleterre face \u00e0 l\u2019Allemagne (3-2), et en endossant un r\u00f4le \u00ab\u00a0d\u2019impact player\u00a0\u00bb. A la cl\u00e9 : le but vainqueur en finale sur une passe d\u00e9cisive du Lyonnais Tyler Morton. Surfer sur cette dynamique, tel \u00e9tait l\u2019enjeu de cette pr\u00e9paration. S\u2019il a montr\u00e9 de bonnes choses, l\u2019Anglais a aussi vu d\u00e9barquer \u00e0 son poste le Br\u00e9silien Igor Paixao, joueur le plus cher de l\u2019histoire de l\u2019OM d\u00e9sormais. Une donn\u00e9e qui dit beaucoup sur la fragilit\u00e9 de son statut.<\/p>\n<p>            La suite apr\u00e8s cette publicit\u00e9<\/p>\n<p>        Rennes est sur Jonathan Rowe<\/p>\n<p>Ces derniers jours, nous vous informions <a href=\"https:\/\/www.footmercato.net\/a5018719882421029288-om-ca-sactive-autour-de-jonathan-rowe\" rel=\"nofollow noopener\" target=\"_blank\">qu\u2019il ne serait pas conserv\u00e9 \u00e0 tout prix<\/a>, compte tenu de sa valeur marchande. Son nom a d\u2019ailleurs \u00e9t\u00e9 li\u00e9 \u00e0 plusieurs clubs au cours de l\u2019\u00e9t\u00e9, notamment l\u2019Atalanta Bergame et l\u2019AS Roma, mais aussi Fenerbah\u00e7e et Besiktas en Turquie. L\u2019ancien joueur de Norwich dispose aussi d\u2019une belle cote en Premier League, o\u00f9 plusieurs \u00e9curies suivent sa situation de pr\u00e8s.<\/p>\n<p>D\u2019apr\u00e8s nos informations, Rowe ne laisse pas non plus indiff\u00e9rent en <a href=\"https:\/\/www.footmercato.net\/france\/ligue-1\/\" rel=\"nofollow noopener\" target=\"_blank\">Ligue 1<\/a>. Apr\u00e8s avoir fait venir le Polonais Frankowski, mais aussi les deux Marseillais, Valentin Rongier et Quentin Merlin, le Stade Rennais cible d\u00e9sormais un \u00e9l\u00e9ment plus offensif. Jonathan Rowe fait justement partie des profils d\u2019ailiers suivis par le club. L\u2019int\u00e9r\u00eat n\u2019a pas d\u00e9pass\u00e9 le stade embryonnaire pour le moment. Les prochains jours devraient nous aider \u00e0 mieux savoir quelle direction prendra ce dossier.<\/p>\n<p>\n    Pub. le 09\/08\/2025 13:41<br \/>\n            &#8211; MAJ le 09\/08\/2025 17:25\n    <\/p>\n","protected":false},"excerpt":{"rendered":"Et si Jonathan Rowe pliait bagage apr\u00e8s une seule saison \u00e0 l\u2019OM ? Il y a un an,&hellip;\n","protected":false},"author":2,"featured_media":307612,"comment_status":"","ping_status":"","sticky":false,"template":"","format":"standard","meta":{"footnotes":""},"categories":[2821],"tags":[1111,11,829,1777,674,1011,27,12,584,25],"class_list":{"0":"post-307611","1":"post","2":"type-post","3":"status-publish","4":"format-standard","5":"has-post-thumbnail","7":"category-rennes","8":"tag-actu","9":"tag-actualites","10":"tag-bretagne","11":"tag-eu","12":"tag-europe","13":"tag-fr","14":"tag-france","15":"tag-news","16":"tag-rennes","17":"tag-republique-francaise"},"share_on_mastodon":{"url":"https:\/\/pubeurope.com\/@fr\/114999605498778661","error":""},"_links":{"self":[{"href":"https:\/\/www.europesays.com\/fr\/wp-json\/wp\/v2\/posts\/307611","targetHints":{"allow":["GET"]}}],"collection":[{"href":"https:\/\/www.europesays.com\/fr\/wp-json\/wp\/v2\/posts"}],"about":[{"href":"https:\/\/www.europesays.com\/fr\/wp-json\/wp\/v2\/types\/post"}],"author":[{"embeddable":true,"href":"https:\/\/www.europesays.com\/fr\/wp-json\/wp\/v2\/users\/2"}],"replies":[{"embeddable":true,"href":"https:\/\/www.europesays.com\/fr\/wp-json\/wp\/v2\/comments?post=307611"}],"version-history":[{"count":0,"href":"https:\/\/www.europesays.com\/fr\/wp-json\/wp\/v2\/posts\/307611\/revisions"}],"wp:featuredmedia":[{"embeddable":true,"href":"https:\/\/www.europesays.com\/fr\/wp-json\/wp\/v2\/media\/307612"}],"wp:attachment":[{"href":"https:\/\/www.europesays.com\/fr\/wp-json\/wp\/v2\/media?parent=307611"}],"wp:term":[{"taxonomy":"category","embeddable":true,"href":"https:\/\/www.europesays.com\/fr\/wp-json\/wp\/v2\/categories?post=307611"},{"taxonomy":"post_tag","embeddable":true,"href":"https:\/\/www.europesays.com\/fr\/wp-json\/wp\/v2\/tags?post=307611"}],"curies":[{"name":"wp","href":"https:\/\/api.w.org\/{rel}","templated":true}]}}