{"id":307621,"date":"2025-08-09T15:58:13","date_gmt":"2025-08-09T15:58:13","guid":{"rendered":"https:\/\/www.europesays.com\/fr\/307621\/"},"modified":"2025-08-09T15:58:13","modified_gmt":"2025-08-09T15:58:13","slug":"un-festival-traditionnel-equestre-inedit-organise-pres-de-bordeaux","status":"publish","type":"post","link":"https:\/\/www.europesays.com\/fr\/307621\/","title":{"rendered":"un festival traditionnel \u00e9questre in\u00e9dit organis\u00e9 pr\u00e8s de Bordeaux"},"content":{"rendered":"<p>Un grand-p\u00e8re, sa fille et sa petite-fille ont d\u00e9cid\u00e9 de cr\u00e9er un festival inspir\u00e9 d\u2019une c\u00e9l\u00e8bre f\u00eate \u00e9questre portugaise. La premi\u00e8re \u00e9dition des Cavalcades de Saint-Macaire se tiendra au pied des remparts de la cit\u00e9 m\u00e9di\u00e9vale, du vendredi 22 et dimanche 24 ao\u00fbt.<\/p>\n<p class=\"fig-paragraph\">L\u2019\u00e9v\u00e9nement se tiendra au pied des murailles de la cit\u00e9 m\u00e9di\u00e9vale de Saint-Macaire, dont l\u2019esplanade se jette dans la Garonne. Trois Girondins,\u00a0<a href=\"http:\/\/www.lefigaro.fr\/bordeaux\/pres-de-bordeaux-des-seminaires-d-equicoaching-pour-reduire-les-tensions-entre-collegues-20250803\" data-fig-type=\"NewsFlash\" data-gtm-custom-categorie=\"navigation\" data-gtm-custom-action=\"crossclick\" data-gtm-custom-label=\"Contextuel\" data-gtm-event=\"customEventSPE\" data-fig-domain=\"LEFIGARO\" target=\"_blank\" rel=\"noopener\">passionn\u00e9s d\u2019\u00e9quitation<\/a>, ont d\u00e9cid\u00e9 d\u2019organiser un festival \u00e9questre du vendredi 22 ao\u00fbt au dimanche 24 ao\u00fbt. Inspir\u00e9e de la Feira de Goleg\u00e3, une foire \u00e9questre mondialement connue qui se d\u00e9roule dans la ville \u00e9ponyme au Portugal, ce nouveau festival, tr\u00e8s fran\u00e7ais, a \u00e9t\u00e9 baptis\u00e9 les Cavalcades de Saint-Macaire. \u00abC\u2019est une histoire de famille\u00bb, explique d\u2019embl\u00e9e Maud Le Grix de la Salle, qui coorganise l\u2019\u00e9v\u00e9nement avec sa m\u00e8re, Catherine Maud Le Grix de la Salle, et son grand-p\u00e8re, Alain de Chefdebien. \u00abNous avons d\u00e9couvert\u00a0<a href=\"http:\/\/www.lefigaro.fr\/culture\/patrimoine\/manuel-bastos-le-cavaleiros-portugais-20231112\" data-fig-type=\"Article\" data-gtm-custom-categorie=\"navigation\" data-gtm-custom-action=\"crossclick\" data-gtm-custom-label=\"Contextuel\" data-gtm-event=\"customEventSPE\" data-fig-domain=\"LEFIGARO\" target=\"_blank\" rel=\"noopener\">la tradition autour du cheval<\/a> \u00a0\u00e0 la Feira de Goleg\u00e3 o\u00f9 mon grand-p\u00e8re nous a emmen\u00e9es tr\u00e8s jeune. Cela nous a donn\u00e9 envie de cr\u00e9er une f\u00eate qui c\u00e9l\u00e8bre la tradition fran\u00e7aise \u00e9questre\u00bb, compl\u00e8te-t-elle.<\/p>\n<p>Venir \u00e0 cheval<\/p>\n<p class=\"fig-paragraph\">Durant Les Cavalcades de Saint-Macaire, qui doivent se d\u00e9rouler sur trois jours, des d\u00e9monstrations de dressage, d\u2019\u00e9quitation en amazone ou encore de sauts d\u2019obstacles seront propos\u00e9s au public. Ce festival a aussi une particularit\u00e9\u00a0: les cavaliers sont invit\u00e9s \u00e0 se rendre et \u00e0 participer \u00e0 l\u2019\u00e9v\u00e9nement \u00e0 cheval. Les inscriptions, ouvertes jusqu\u2019au 10 ao\u00fbt, leur permettront de participer \u00e0 plusieurs jeux \u00e9questres tandis que les pi\u00e9tons se verront proposer des balades en cal\u00e8ches, des promenades \u00e0 poneys, un concours de jet\u00e9 de fers \u00e0 chevaux ou encore un puzzle g\u00e9ant.<\/p>\n<p>                                    <a class=\"fig-a11y-skip a11y-hidden\" href=\"#fig-a11y-skip-main-inarticle\"><br \/>\n        Passer la publicit\u00e9<br \/>\n    <\/a><\/p>\n<p class=\"fig-paragraph\">Cr\u00e9\u00e9es et pens\u00e9es pour offrir de joyeux moments en famille, Les Cavalcades de Saint-Macaire organisent \u00e9galement deux spectacles nocturnes que les amateurs pourront regarder en tribune ou version cabaret &#8211; accompagn\u00e9 d\u2019un d\u00eener VIP cuisin\u00e9 sous la direction de Laurent Lapierre. En parall\u00e8le, artistes et artisans du monde \u00e9questre pr\u00e9senteront sur leurs \u00e9tals tableaux, objets et \u00e9quipements \u00e0 vendre. Le tarif d\u2019entr\u00e9e de la foire est fix\u00e9 \u00e0 15 euros pour les adultes et 10 euros pour les enfants \u00e0 partir de 5 ans. Il faudra d\u00e9bourser 20 euros pour assister au spectacle \u00e9questre en tribune. Des tarifs destin\u00e9s \u00e0 couvrir les faits logistiques de l\u2019association. \u00abLe but n\u2019est pas de gagner de l\u2019argent. Nous souhaitons que les familles passent un beau moment et partager notre passion du cheval\u00bb, insiste Maud Le Grix de la Salle.<\/p>\n","protected":false},"excerpt":{"rendered":"Un grand-p\u00e8re, sa fille et sa petite-fille ont d\u00e9cid\u00e9 de cr\u00e9er un festival inspir\u00e9 d\u2019une c\u00e9l\u00e8bre f\u00eate \u00e9questre&hellip;\n","protected":false},"author":2,"featured_media":307622,"comment_status":"","ping_status":"","sticky":false,"template":"","format":"standard","meta":{"footnotes":""},"categories":[2817],"tags":[1111,11,1997,2621,1777,674,1011,27,12,2219,2551,25,20348],"class_list":{"0":"post-307621","1":"post","2":"type-post","3":"status-publish","4":"format-standard","5":"has-post-thumbnail","7":"category-bordeaux","8":"tag-actu","9":"tag-actualites","10":"tag-bordeaux","11":"tag-chevaux","12":"tag-eu","13":"tag-europe","14":"tag-fr","15":"tag-france","16":"tag-news","17":"tag-nouvelle-aquitaine","18":"tag-patrimoine","19":"tag-republique-francaise","20":"tag-tradition"},"share_on_mastodon":{"url":"https:\/\/pubeurope.com\/@fr\/114999636987003784","error":""},"_links":{"self":[{"href":"https:\/\/www.europesays.com\/fr\/wp-json\/wp\/v2\/posts\/307621","targetHints":{"allow":["GET"]}}],"collection":[{"href":"https:\/\/www.europesays.com\/fr\/wp-json\/wp\/v2\/posts"}],"about":[{"href":"https:\/\/www.europesays.com\/fr\/wp-json\/wp\/v2\/types\/post"}],"author":[{"embeddable":true,"href":"https:\/\/www.europesays.com\/fr\/wp-json\/wp\/v2\/users\/2"}],"replies":[{"embeddable":true,"href":"https:\/\/www.europesays.com\/fr\/wp-json\/wp\/v2\/comments?post=307621"}],"version-history":[{"count":0,"href":"https:\/\/www.europesays.com\/fr\/wp-json\/wp\/v2\/posts\/307621\/revisions"}],"wp:featuredmedia":[{"embeddable":true,"href":"https:\/\/www.europesays.com\/fr\/wp-json\/wp\/v2\/media\/307622"}],"wp:attachment":[{"href":"https:\/\/www.europesays.com\/fr\/wp-json\/wp\/v2\/media?parent=307621"}],"wp:term":[{"taxonomy":"category","embeddable":true,"href":"https:\/\/www.europesays.com\/fr\/wp-json\/wp\/v2\/categories?post=307621"},{"taxonomy":"post_tag","embeddable":true,"href":"https:\/\/www.europesays.com\/fr\/wp-json\/wp\/v2\/tags?post=307621"}],"curies":[{"name":"wp","href":"https:\/\/api.w.org\/{rel}","templated":true}]}}