{"id":307627,"date":"2025-08-09T16:01:09","date_gmt":"2025-08-09T16:01:09","guid":{"rendered":"https:\/\/www.europesays.com\/fr\/307627\/"},"modified":"2025-08-09T16:01:09","modified_gmt":"2025-08-09T16:01:09","slug":"feu-de-bois-grandes-tablees-cocktails-un-barbecue-nocturne-dans-le-jardin-de-la-wilderie-pres-de-lille","status":"publish","type":"post","link":"https:\/\/www.europesays.com\/fr\/307627\/","title":{"rendered":"Feu de bois, grandes tabl\u00e9es, cocktails&#8230; un barbecue nocturne dans le jardin de la Wilderie pr\u00e8s de Lille"},"content":{"rendered":"<p>            Par<br \/>\n        <strong><br \/>\n            <a href=\"https:\/\/actu.fr\/auteur\/redaction-lille\" title=\"Consulter tous les articles de R\u00e9daction Lille\" rel=\"nofollow noopener\" target=\"_blank\">R\u00e9daction Lille<\/a><br \/>\n        <\/strong><\/p>\n<p>        Publi\u00e9 le<\/p>\n<p>            9 ao\u00fbt 2025 \u00e0 17h51        <\/p>\n<p>Cocktails, c\u00f4telettes et camemberts grill\u00e9s sont au menu du Barbecue Night ce vendredi 15 aout 2025. Cet \u00e9v\u00e9nement est organis\u00e9 par le restaurant La Wilderie, situ\u00e9 \u00e0<a href=\"https:\/\/actu.fr\/hauts-de-france\/saint-andre-lez-lille_59527\" rel=\"nofollow noopener\" target=\"_blank\"> Saint-Andr\u00e9-lez-Lille<\/a> (Nord) au 26 rue F\u00e9lix Faure. Carnivore ou v\u00e9g\u00e9tarien, bonne nouvelle, il y en aura pour tous les go\u00fbts. D\u00e9tails.<\/p>\n<p class=\" wall-content\">C\u2019est dans le jardin de l\u2019\u00e9tablissement que l\u2019\u00e9v\u00e9nement se d\u00e9roule dans une ambiance feux de bois et de grandes tabl\u00e9es autour d\u2019un barbecue g\u00e9ant ouvert \u00e0 tous. De quoi profiter au maximum du beau temps annonc\u00e9 ce vendredi.<\/p>\n<p>Formule Carnivore\u00a0<\/p>\n<p class=\" wall-content\">Si l\u2019\u00e9v\u00e9nement vous int\u00e9resse, les menus sont d\u00e9j\u00e0 disponibles et il y en a pour tous les go\u00fbts.\u00a0 La premi\u00e8re formule, c\u2019est la Carnivore, \u00e0 35 euros. Elle comprend deux viandes parmi les ribs de porc sauce BBQ, les supr\u00eames de volaille marin\u00e9s ou le magret de canard. Le tout accompagn\u00e9 de son buffet de salades et de desserts \u00e0 volont\u00e9.<\/p>\n<p>Formule v\u00e9g\u00e9tarienne<\/p>\n<p class=\" wall-content\">Pour la deuxi\u00e8me formule, il s\u2019agit de la v\u00e9g\u00e9tarienne \u00e0 24 euros. Elle est compos\u00e9e d\u2019aubergines grill\u00e9es et de poivrons marin\u00e9s avec le m\u00eame buffet que pour la formule carnivore.<\/p>\n<p class=\" wall-content\">Pour les plus gourmands, il est aussi possible de commander un camembert r\u00f4ti \u00e0 partager pour 10 euros.<\/p>\n<p class=\" wall-content\">Le barbecue aura lieu uniquement dans les jardins, et les places sont \u00e0 r\u00e9server sur <a href=\"https:\/\/lawilderie.com\/\" rel=\"nofollow noopener\" target=\"_blank\">le site de la Wilderie <\/a>ou sur <a href=\"https:\/\/www.facebook.com\/lawilderie.lille\/posts\/avec-qui-vas-tu-venir-%C3%A0-notre-barbecue-night-cocktails-c%C3%B4telettes-les-pieds-dans\/1066867028757410\/\" rel=\"nofollow noopener\" target=\"_blank\">Facebook<\/a>. Pour profiter des grillades, rendez-vous \u00e0 19 h, au 26 rue F\u00e9lix Faure \u00e0 Saint-Andr\u00e9-lez-Lille.<\/p>\n<p class=\" wall-content\"><b>Dimitri Petit<\/b><\/p>\n<p class=\" wall-content\">Suivez toute l\u2019actualit\u00e9 de vos villes et m\u00e9dias favoris en vous inscrivant \u00e0 <a href=\"https:\/\/moncompte.actu.fr\" title=\"D\u00e9couvez Mon Actu\" rel=\"nofollow noopener\" data-trk=\"{&quot;cta&quot;:{&quot;action&quot;:&quot;https:\\\/\\\/moncompte.actu.fr&quot;,&quot;category&quot;:&quot;mon compte&quot;,&quot;from&quot;:&quot;article footer&quot;,&quot;name&quot;:&quot;Mon actu&quot;,&quot;type&quot;:&quot;cta&quot;}}\" target=\"_blank\">Mon Actu<\/a>.<\/p>\n","protected":false},"excerpt":{"rendered":"Par R\u00e9daction Lille Publi\u00e9 le 9 ao\u00fbt 2025 \u00e0 17h51 Cocktails, c\u00f4telettes et camemberts grill\u00e9s sont au menu&hellip;\n","protected":false},"author":2,"featured_media":307628,"comment_status":"","ping_status":"","sticky":false,"template":"","format":"standard","meta":{"footnotes":""},"categories":[2815],"tags":[1111,11,1777,674,3696,1011,27,811,1307,12,25,1340],"class_list":{"0":"post-307627","1":"post","2":"type-post","3":"status-publish","4":"format-standard","5":"has-post-thumbnail","7":"category-lille","8":"tag-actu","9":"tag-actualites","10":"tag-eu","11":"tag-europe","12":"tag-evenements","13":"tag-fr","14":"tag-france","15":"tag-hauts-de-france","16":"tag-lille","17":"tag-news","18":"tag-republique-francaise","19":"tag-restaurant"},"share_on_mastodon":{"url":"https:\/\/pubeurope.com\/@fr\/114999648812940617","error":""},"_links":{"self":[{"href":"https:\/\/www.europesays.com\/fr\/wp-json\/wp\/v2\/posts\/307627","targetHints":{"allow":["GET"]}}],"collection":[{"href":"https:\/\/www.europesays.com\/fr\/wp-json\/wp\/v2\/posts"}],"about":[{"href":"https:\/\/www.europesays.com\/fr\/wp-json\/wp\/v2\/types\/post"}],"author":[{"embeddable":true,"href":"https:\/\/www.europesays.com\/fr\/wp-json\/wp\/v2\/users\/2"}],"replies":[{"embeddable":true,"href":"https:\/\/www.europesays.com\/fr\/wp-json\/wp\/v2\/comments?post=307627"}],"version-history":[{"count":0,"href":"https:\/\/www.europesays.com\/fr\/wp-json\/wp\/v2\/posts\/307627\/revisions"}],"wp:featuredmedia":[{"embeddable":true,"href":"https:\/\/www.europesays.com\/fr\/wp-json\/wp\/v2\/media\/307628"}],"wp:attachment":[{"href":"https:\/\/www.europesays.com\/fr\/wp-json\/wp\/v2\/media?parent=307627"}],"wp:term":[{"taxonomy":"category","embeddable":true,"href":"https:\/\/www.europesays.com\/fr\/wp-json\/wp\/v2\/categories?post=307627"},{"taxonomy":"post_tag","embeddable":true,"href":"https:\/\/www.europesays.com\/fr\/wp-json\/wp\/v2\/tags?post=307627"}],"curies":[{"name":"wp","href":"https:\/\/api.w.org\/{rel}","templated":true}]}}