{"id":307631,"date":"2025-08-09T16:03:11","date_gmt":"2025-08-09T16:03:11","guid":{"rendered":"https:\/\/www.europesays.com\/fr\/307631\/"},"modified":"2025-08-09T16:03:11","modified_gmt":"2025-08-09T16:03:11","slug":"spectacles-concerts-cine-en-aout-lete-marseillais-prend-ses-quartiers-au-stade-nautique","status":"publish","type":"post","link":"https:\/\/www.europesays.com\/fr\/307631\/","title":{"rendered":"Spectacles, concerts, cin\u00e9&#8230; En ao\u00fbt, l&rsquo;\u00c9t\u00e9 marseillais prend ses quartiers au stade nautique"},"content":{"rendered":"<p>Apr\u00e8s le <a href=\"https:\/\/www.laprovence.com\/article\/region\/74647331256016\/affluence-record-pour-les-rappeurs-hatik-et-rimk-en-concert-sur-la-scene-flottante-du-vieux-port-a-marseille\" target=\"_blank\" rel=\"noopener\">Vieux-Port et sa sc\u00e8ne sur l&rsquo;eau<\/a> et <a href=\"https:\/\/www.laprovence.com\/article\/region\/24516935612845\/sport-loisirs-visites-spectacles-du-nord-au-sud-lete-marseillais-prend-ses-quartiers\" target=\"_blank\" rel=\"noopener\">l&rsquo;Espace Mistral \u00e0 l&rsquo;Estaque<\/a> (16e), c&rsquo;est au tour du stade nautique Florence-Arthaud de devenir le centre n\u00e9vralgique de l&rsquo;\u00c9t\u00e9 marseillais en ao\u00fbt. \u00ab\u00a0<a href=\"https:\/\/www.laprovence.com\/article\/sports\/9051151789045514\/ceremonie-douverture-des-jo-2024-a-marseille-2-500-personnes-communient-sur-la-plage\" target=\"_blank\" rel=\"noopener\">Le Club 2024 ouvert pendant les Jeux olympiques<\/a> l&rsquo;an dernier a \u00e9t\u00e9 le catalyseur de plusieurs aspirations, des envies du maire Beno\u00eet Payan d&rsquo;animer le littoral. Les \u00e9quipements du stade nautique municipal le permettent\u00a0\u00bb, explique Herv\u00e9 Menchon, adjoint (EELV) au maire en charge de la mer.\u00a0<\/p>\n<p>Comme l&rsquo;an dernier, au sein du Club 2024, une jauge est mise en place, le site ne pouvant accueillir que 2 000 personnes simultan\u00e9ment. C\u00f4t\u00e9 restauration, deux food-trucks compl\u00e8tent l&rsquo;offre des commerces voisins, \u00ab\u00a0avec qui on \u00e9change beaucoup\u00a0\u00bb, assure Juliette Masson, adjointe \u00e0 la mairie des 6e et 8e arrondissements, consciente des <a href=\"https:\/\/laprovence.com\/article\/region\/5089593377731514\/on-nous-a-fait-miroiter-une-belle-saison-olympique-a-marseille-les-restos-pres-des-sites-des-jo-nont-pas-fait-le-plein\" target=\"_blank\" rel=\"noopener\">inqui\u00e9tudes d\u00e9j\u00e0 soulev\u00e9es l&rsquo;ann\u00e9e pass\u00e9e<\/a>.<\/p>\n<p>Les \u00e9lus assurent que les riverains ne devraient gu\u00e8re souffrir des nuisances que ces concerts et projections pourraient causer, \u00ab\u00a0compte tenu des jours (les week-ends) et horaires (jusqu&rsquo;\u00e0 23h) choisis, qui demeurent acceptables\u00a0\u00bb, soulignent-ils, Herv\u00e9 Menchon insistant sur le fait que \u00ab\u00a0ce sont les soir\u00e9es non autoris\u00e9es organis\u00e9es sur la plage des Sablines, derri\u00e8re le stade nautique ou sur le parking Napol\u00e9on aux Goudes, qui ont r\u00e9cemment entra\u00een\u00e9 des nuisances et qu&rsquo;on a fait arr\u00eater en saisissant le mat\u00e9riel de sono.\u00a0\u00bb Le rendez-vous de l&rsquo;\u00c9t\u00e9 marseillais ne se t\u00e9lescopera pas avec celui du Delta Festival pr\u00e9vu \u00e0 quelques centaines de m\u00e8tres de l\u00e0, du 27 au 31 ao\u00fbt, et que la Ville esp\u00e8re pouvoir <a href=\"https:\/\/laprovence.com\/article\/region\/1344044258324914\/le-delta-festival-va-t-il-quitter-marseille\" target=\"_blank\" rel=\"noopener\">organiser ailleurs que sur la plage \u00e0 l&rsquo;avenir<\/a> : \u00ab\u00a0On ne va pas emp\u00eacher qu&rsquo;il se d\u00e9roule, mais il n&rsquo;a pas sa place ici\u00a0\u00bb, estime l&rsquo;adjoint \u00e0 la mer.<\/p>\n<p>Depuis le lundi 4 et jusqu&rsquo;au mardi 26 ao\u00fbt, les activit\u00e9s et animations sportives, ludiques et culturelles propos\u00e9es au stade nautique sont gratuites et inclusives. De nombreux transats sont dispos\u00e9s sur plusieurs espaces lounge abrit\u00e9s du soleil. Le village de la biodiversit\u00e9 marine invite les 3-12 ans \u00e0 participer \u00e0 des ateliers de recyclage, de pr\u00e9servation des ressources marines et de gestion responsable des d\u00e9chets \u00e0 travers des customisations de casquettes, de collages de sable, de coloriages&#8230; (du lundi au vendredi, de 16\u00a0h\u00a030 \u00e0 20\u00a0h, ferm\u00e9 le 15 ao\u00fbt). <a href=\"https:\/\/www.laprovence.com\/article\/region\/1375978429396115\/marseille-on-a-teste-pour-vous-les-activites-nautiques-de-l-ete-marseillais\" target=\"_blank\" rel=\"noopener\">Des activit\u00e9s nautiques<\/a> (paddle, kayak, d\u00e9riveur et bateau collectif \u00e0 voile) sont \u00e9galement ouvertes \u00e0 tous gratuitement, d\u00e8s 12 ans (du lundi au vendredi, de 9\u00a0h \u00e0 18\u00a0h) sur inscription en ligne et sur place.\u00a0<\/p>\n<p>Spectacles, concerts, cin\u00e9<\/p>\n<p>Les week-ends (le samedi de 16\u00a0h\u00a030 \u00e0 20\u00a0h et le dimanche de 16\u00a0h\u00a030 \u00e0 21\u00a0h), d&rsquo;autres animations prennent le relais en journ\u00e9e, avec des activit\u00e9s et jeux autour du th\u00e8me de la mer, des lectures de contes, des concerts&#8230; L&rsquo;association \u00ab\u00a08 vies pour la plan\u00e8te\u00a0\u00bb r\u00e9cup\u00e8rera les d\u00e9chets pr\u00e9sents le long des berges avec son \u00ab\u00a0batolab\u00a0\u00bb, afin de les analyser et les valoriser.\u00a0<\/p>\n<p>Les vendredis et samedis soir, place \u00e0 des concerts \u00ab\u00a0carte blanche\u00a0\u00bb : les Nuits Flamencas avec Juan Carmona samedi 9 d\u00e8s 20\u00a0h, Jazz sous les \u00e9toiles vendredi 15 d\u00e8s 20\u00a0h, Marsatac samedi 16 d\u00e8s 19\u00a0h\u00a045, Savon noir vendredi 22 d\u00e8s 19\u00a0h, et Latinissimo avec Myra et Liquid Jane, samedi 23 ao\u00fbt d\u00e8s 20\u00a0h.\u00a0<\/p>\n<p>Les dimanches, rendez-vous \u00e0 partir de 21h pour profiter de la projection gratuite d&rsquo;un film \u00e0 la belle \u00e9toile, avec une programmation tout public : dimanche 10 ao\u00fbt, Le Comte deMonte-Cristo, de Matthieu Delaporte et Alexandre de La Patelli\u00e8re ; dimanche 17 ao\u00fbt, Good Morning England, de Richard Curtis ; dimanche 24 ao\u00fbt, Ponyo sur la falaise, d&rsquo;Hayao Miyazaki.<\/p>\n<p><strong>Jusqu&rsquo;au 26 ao\u00fbt, du lundi au jeudi, de 10\u00a0h \u00e0 20\u00a0h, du vendredi au dimanche de 10\u00a0h \u00e0 23 h, au stade nautique municipal Florence-Arthaud, au 6, promenade Georges-Pompidou (8e).\u00a0<\/strong><\/p>\n","protected":false},"excerpt":{"rendered":"Apr\u00e8s le Vieux-Port et sa sc\u00e8ne sur l&rsquo;eau et l&rsquo;Espace Mistral \u00e0 l&rsquo;Estaque (16e), c&rsquo;est au tour du&hellip;\n","protected":false},"author":2,"featured_media":307632,"comment_status":"","ping_status":"","sticky":false,"template":"","format":"standard","meta":{"footnotes":""},"categories":[2814],"tags":[17,1111,11,2863,1345,4156,1777,674,1011,27,20839,761,884,12,6020,882,16,25,853],"class_list":{"0":"post-307631","1":"post","2":"type-post","3":"status-publish","4":"format-standard","5":"has-post-thumbnail","7":"category-marseille","8":"tag-17","9":"tag-actu","10":"tag-actualites","11":"tag-aout","12":"tag-cine","13":"tag-concerts","14":"tag-eu","15":"tag-europe","16":"tag-fr","17":"tag-france","18":"tag-lete","19":"tag-marseillais","20":"tag-marseille","21":"tag-news","22":"tag-prend","23":"tag-provence-alpes-cote-dazur","24":"tag-region","25":"tag-republique-francaise","26":"tag-spectacles"},"share_on_mastodon":{"url":"https:\/\/pubeurope.com\/@fr\/114999656705572223","error":""},"_links":{"self":[{"href":"https:\/\/www.europesays.com\/fr\/wp-json\/wp\/v2\/posts\/307631","targetHints":{"allow":["GET"]}}],"collection":[{"href":"https:\/\/www.europesays.com\/fr\/wp-json\/wp\/v2\/posts"}],"about":[{"href":"https:\/\/www.europesays.com\/fr\/wp-json\/wp\/v2\/types\/post"}],"author":[{"embeddable":true,"href":"https:\/\/www.europesays.com\/fr\/wp-json\/wp\/v2\/users\/2"}],"replies":[{"embeddable":true,"href":"https:\/\/www.europesays.com\/fr\/wp-json\/wp\/v2\/comments?post=307631"}],"version-history":[{"count":0,"href":"https:\/\/www.europesays.com\/fr\/wp-json\/wp\/v2\/posts\/307631\/revisions"}],"wp:featuredmedia":[{"embeddable":true,"href":"https:\/\/www.europesays.com\/fr\/wp-json\/wp\/v2\/media\/307632"}],"wp:attachment":[{"href":"https:\/\/www.europesays.com\/fr\/wp-json\/wp\/v2\/media?parent=307631"}],"wp:term":[{"taxonomy":"category","embeddable":true,"href":"https:\/\/www.europesays.com\/fr\/wp-json\/wp\/v2\/categories?post=307631"},{"taxonomy":"post_tag","embeddable":true,"href":"https:\/\/www.europesays.com\/fr\/wp-json\/wp\/v2\/tags?post=307631"}],"curies":[{"name":"wp","href":"https:\/\/api.w.org\/{rel}","templated":true}]}}