{"id":307636,"date":"2025-08-09T16:06:12","date_gmt":"2025-08-09T16:06:12","guid":{"rendered":"https:\/\/www.europesays.com\/fr\/307636\/"},"modified":"2025-08-09T16:06:12","modified_gmt":"2025-08-09T16:06:12","slug":"metropole-de-lyon-un-homme-decede-dans-lincendie-de-son-appartement-a-givors","status":"publish","type":"post","link":"https:\/\/www.europesays.com\/fr\/307636\/","title":{"rendered":"M\u00e9tropole de Lyon. Un homme d\u00e9c\u00e8de dans l\u2019incendie de son appartement \u00e0 Givors"},"content":{"rendered":"<p>Un incendie s\u2019est d\u00e9clar\u00e9 ce samedi 9\u00a0ao\u00fbt en d\u00e9but d\u2019apr\u00e8s-midi cit\u00e9 Jules Vall\u00e8s, dans le quartier des Vernes \u00e0 Givors, au sud de Lyon.\u00a0Le sinistre a fait une victime, l\u2019occupant de ce logement, au troisi\u00e8me \u00e9tage d\u2019un immeuble qui en compte quatre.<\/p>\n<p>Les soldats du feu sont intervenus sur place un peu apr\u00e8s 14 heures.<\/p>\n<p>Les flammes ont ravag\u00e9 l\u2019appartement. L\u2019homme, qui a 46 ans selon les informations recueillies, n\u2019a pas pu \u00eatre sauv\u00e9. Il a \u00e9t\u00e9 pris en charge en arr\u00eat cardio-respiratoire \u00e0 14h45 et sorti aux moyens de l\u2019\u00e9chelle des pompiers. Mais il a \u00e9t\u00e9 d\u00e9clar\u00e9 d\u00e9c\u00e9d\u00e9 peu apr\u00e8s par les services m\u00e9dicaux d\u2019urgence.<\/p>\n<p>Ce contenu est bloqu\u00e9 car vous n&rsquo;avez pas accept\u00e9 les cookies et autres traceurs.<\/p>\n<p>En cliquant sur \u00ab J\u2019accepte \u00bb, les cookies et autres traceurs seront d\u00e9pos\u00e9s et vous pourrez visualiser les contenus  (<a href=\"\" class=\"consentModule_policy\" target=\"_blank\" title=\"Consulter la politique de protection des donn\u00e9es du fournisseur\">plus d&rsquo;informations<\/a>).<\/p>\n<p>En cliquant sur \u00ab J\u2019accepte tous les cookies \u00bb, vous autorisez des d\u00e9p\u00f4ts de cookies et autres traceurs pour le stockage de vos donn\u00e9es sur nos sites et applications \u00e0 des fins de personnalisation et de ciblage publicitaire.<\/p>\n<p class=\"consentModule_secondaryText\">Vous gardez la possibilit\u00e9 de retirer votre consentement \u00e0 tout moment en consultant notre <a href=\"https:\/\/www.leprogres.fr\/protection-des-donnees\" target=\"_blank\" title=\"Consulter notre politique de protection des donn\u00e9es\" rel=\"noopener\">politique de protection des donn\u00e9es<\/a>. <br \/>&#13;<br \/>\n            <a href=\"https:\/\/www.leprogres.fr\/faits-divers-justice\/2025\/08\/09\/javascript:Didomi.notice.show()\" class=\"consentModule_cmp\" target=\"_blank\" rel=\"noopener\">G\u00e9rer mes choix<\/a>&#13;\n        <\/p>\n<p>&#13;<br \/>\n                        J&rsquo;accepte&#13;<br \/>\n            J&rsquo;accepte tous les cookies&#13;\n        <\/p>\n<p>  2e incendie mortel cette semaine dans la r\u00e9gion lyonnaise\u00a0<\/p>\n<p>La fum\u00e9e a alert\u00e9 des voisins, qui ont r\u00e9ussi \u00e0 \u00e9vacuer un autre homme, un peu plus \u00e2g\u00e9 et ayant des difficult\u00e9s pour se d\u00e9placer, habitant juste au-dessus de l\u2019appartement en flammes.<\/p>\n<p>Au total, onze habitants de l\u2019immeuble sont sortis d\u2019eux-m\u00eames.<\/p>\n<p>Dix engins ont \u00e9t\u00e9 d\u00e9p\u00each\u00e9s afin d\u2019\u00e9teindre l\u2019incendie, dont on ignore, \u00e0 l\u2019heure o\u00f9 nous \u00e9crivons ces lignes, les causes. Une enqu\u00eate a \u00e9t\u00e9 ouverte. A 17 heures, les secours \u00e9taient toujours sur place.<\/p>\n<p>C\u2019est la deuxi\u00e8me fois cette semaine qu\u2019une personne d\u00e9c\u00e8de dans un incendie d\u2019appartement dans Lyon et ses environs. Jeudi 7\u00a0ao\u00fbt au matin, un homme est d\u00e9c\u00e9d\u00e9 dans son logement rue de Bonnel, dans le 3e\u00a0 arrondissement de Lyon.<\/p>\n","protected":false},"excerpt":{"rendered":"Un incendie s\u2019est d\u00e9clar\u00e9 ce samedi 9\u00a0ao\u00fbt en d\u00e9but d\u2019apr\u00e8s-midi cit\u00e9 Jules Vall\u00e8s, dans le quartier des Vernes&hellip;\n","protected":false},"author":2,"featured_media":307637,"comment_status":"","ping_status":"","sticky":false,"template":"","format":"standard","meta":{"footnotes":""},"categories":[1889],"tags":[1111,11,2430,3154,1777,674,274,107,1011,27,19625,22961,1310,2428,12,25,2429],"class_list":{"0":"post-307636","1":"post","2":"type-post","3":"status-publish","4":"format-standard","5":"has-post-thumbnail","7":"category-lyon","8":"tag-actu","9":"tag-actualites","10":"tag-auvergne-rhone-alpes","11":"tag-edition-sud-lyonnais","12":"tag-eu","13":"tag-europe","14":"tag-faits-divers-justice","15":"tag-fil-info","16":"tag-fr","17":"tag-france","18":"tag-givors","19":"tag-givors-bassin","20":"tag-incendie","21":"tag-lyon","22":"tag-news","23":"tag-republique-francaise","24":"tag-rhone"},"share_on_mastodon":{"url":"https:\/\/pubeurope.com\/@fr\/114999668404049861","error":""},"_links":{"self":[{"href":"https:\/\/www.europesays.com\/fr\/wp-json\/wp\/v2\/posts\/307636","targetHints":{"allow":["GET"]}}],"collection":[{"href":"https:\/\/www.europesays.com\/fr\/wp-json\/wp\/v2\/posts"}],"about":[{"href":"https:\/\/www.europesays.com\/fr\/wp-json\/wp\/v2\/types\/post"}],"author":[{"embeddable":true,"href":"https:\/\/www.europesays.com\/fr\/wp-json\/wp\/v2\/users\/2"}],"replies":[{"embeddable":true,"href":"https:\/\/www.europesays.com\/fr\/wp-json\/wp\/v2\/comments?post=307636"}],"version-history":[{"count":0,"href":"https:\/\/www.europesays.com\/fr\/wp-json\/wp\/v2\/posts\/307636\/revisions"}],"wp:featuredmedia":[{"embeddable":true,"href":"https:\/\/www.europesays.com\/fr\/wp-json\/wp\/v2\/media\/307637"}],"wp:attachment":[{"href":"https:\/\/www.europesays.com\/fr\/wp-json\/wp\/v2\/media?parent=307636"}],"wp:term":[{"taxonomy":"category","embeddable":true,"href":"https:\/\/www.europesays.com\/fr\/wp-json\/wp\/v2\/categories?post=307636"},{"taxonomy":"post_tag","embeddable":true,"href":"https:\/\/www.europesays.com\/fr\/wp-json\/wp\/v2\/tags?post=307636"}],"curies":[{"name":"wp","href":"https:\/\/api.w.org\/{rel}","templated":true}]}}