{"id":307638,"date":"2025-08-09T16:09:13","date_gmt":"2025-08-09T16:09:13","guid":{"rendered":"https:\/\/www.europesays.com\/fr\/307638\/"},"modified":"2025-08-09T16:09:13","modified_gmt":"2025-08-09T16:09:13","slug":"un-mandat-darret-emis-par-la-justice-francaise-contre-lancien-premier-secretaire-de-lambassade-dalgerie-en-france","status":"publish","type":"post","link":"https:\/\/www.europesays.com\/fr\/307638\/","title":{"rendered":"Un mandat d&rsquo;arr\u00eat \u00e9mis par la justice fran\u00e7aise contre l\u2019ancien premier secr\u00e9taire de l\u2019ambassade d\u2019Alg\u00e9rie en France"},"content":{"rendered":"<p class=\"c-chapo \">\n  Ce mandat d&rsquo;arr\u00eat intervient dans le cadre de l&rsquo;enqu\u00eate sur l&rsquo;enl\u00e8vement et la s\u00e9questration d&rsquo;un youtubeur opposant alg\u00e9rien, en avril 2024.\n<\/p>\n<p>            lire plus tard<\/p>\n<p id=\"dialog__title\" class=\"dialog__title\">Pour sauvegarder cet article, connectez-vous ou cr\u00e9ez un compte franceinfo<\/p>\n<p class=\"dialog__description\">Sans paiement. Sans abonnement.<\/p>\n<p>        Fermer la fen\u00eatre d\u2019activation des notifications France Info<\/p>\n<p>            cr\u00e9er votre compte<\/p>\n<p>            se connecter<\/p>\n<p>        Fermer la fen\u00eatre de pr\u00e9sentation<\/p>\n<p>    <img loading=\"lazy\" decoding=\"async\" class=\"signature__image lazyload\" width=\"100\" height=\"100\" data- alt=\"\" src=\"https:\/\/www.europesays.com\/fr\/wp-content\/uploads\/2025\/05\/64a7df4c5fe71_placeholder-36b69ec8.png\"\/><\/p>\n<p>    Publi\u00e9 le 09\/08\/2025 17:38<\/p>\n<p>        Temps de lecture : 1min<\/p>\n<p>    <img decoding=\"async\"  alt=\"Le drapeau alg\u00e9rien flotte au dessus de l'ambassade d'Alg\u00e9rie \u00e0 Paris. (JULIEN MATTIA \/ LE PICTORIUM \/ MAXPPP)\" width=\"432\" height=\"243\" src=\"https:\/\/www.europesays.com\/fr\/wp-content\/uploads\/2025\/08\/maxnewsworldsix575427-68284e53ee7c5712051717.jpg\" fetchpriority=\"high\"\/><\/p>\n<p>      Le drapeau alg\u00e9rien flotte au dessus de l&rsquo;ambassade d&rsquo;Alg\u00e9rie \u00e0 Paris. (JULIEN MATTIA \/ LE PICTORIUM \/ MAXPPP)<\/p>\n<p>Un mandat d&rsquo;arr\u00eat a \u00e9t\u00e9 \u00e9mis par la justice fran\u00e7aise contre l&rsquo;ancien premier secr\u00e9taire de l&rsquo;ambassade d&rsquo;Alg\u00e9rie en France, apprend l&rsquo;Agence Radio France de source judiciaire samedi 9 ao\u00fbt. Cette proc\u00e9dure intervient dans le cadre de l&rsquo;enqu\u00eate sur l&rsquo;enl\u00e8vement et la s\u00e9questration <a href=\"https:\/\/www.franceinfo.fr\/monde\/afrique\/algerie\/algerie-l-influenceur-amir-boukhors-se-confie-sur-le-kidnapping-dont-il-aurait-ete-victime_7187379.html\" rel=\"nofollow noopener\" target=\"_blank\">d&rsquo;un youtubeur opposant alg\u00e9rien en avril 2024, Amir Boukhors, dit Amir DZ<\/a>.<\/p>\n<p>Le mandat d&rsquo;arr\u00eat a \u00e9t\u00e9 \u00e9mis le 25\u00a0juillet par un magistrat instructeur. L&rsquo;influenceur avait \u00e9t\u00e9 enlev\u00e9 le 29\u00a0avril 2024 dans le Val-de-Marne puis rel\u00e2ch\u00e9 le 1er mai de cette m\u00eame ann\u00e9e. L&rsquo;enqu\u00eate, d&rsquo;abord men\u00e9e \u00e0 Cr\u00e9teil, a \u00e9t\u00e9 reprise en f\u00e9vrier par le parquet national antiterroriste (Pnat) et confi\u00e9e \u00e0 la DGSI et \u00e0 la Brigade criminelle.<\/p>\n<p class=\"related-tags__title\" role=\"heading\" aria-level=\"2\">les mots-cl\u00e9s associ\u00e9s \u00e0 cet article\n    <\/p>\n","protected":false},"excerpt":{"rendered":"Ce mandat d&rsquo;arr\u00eat intervient dans le cadre de l&rsquo;enqu\u00eate sur l&rsquo;enl\u00e8vement et la s\u00e9questration d&rsquo;un youtubeur opposant alg\u00e9rien,&hellip;\n","protected":false},"author":2,"featured_media":307639,"comment_status":"","ping_status":"","sticky":false,"template":"","format":"standard","meta":{"footnotes":""},"categories":[1888],"tags":[1111,1928,11,1927,1777,674,1011,27,12,1926,626,1925,25],"class_list":{"0":"post-307638","1":"post","2":"type-post","3":"status-publish","4":"format-standard","5":"has-post-thumbnail","7":"category-paris","8":"tag-actu","9":"tag-actu-paris","10":"tag-actualites","11":"tag-actualites-paris","12":"tag-eu","13":"tag-europe","14":"tag-fr","15":"tag-france","16":"tag-news","17":"tag-news-paris","18":"tag-paris","19":"tag-paris-news","20":"tag-republique-francaise"},"share_on_mastodon":{"url":"https:\/\/pubeurope.com\/@fr\/114999680443467469","error":""},"_links":{"self":[{"href":"https:\/\/www.europesays.com\/fr\/wp-json\/wp\/v2\/posts\/307638","targetHints":{"allow":["GET"]}}],"collection":[{"href":"https:\/\/www.europesays.com\/fr\/wp-json\/wp\/v2\/posts"}],"about":[{"href":"https:\/\/www.europesays.com\/fr\/wp-json\/wp\/v2\/types\/post"}],"author":[{"embeddable":true,"href":"https:\/\/www.europesays.com\/fr\/wp-json\/wp\/v2\/users\/2"}],"replies":[{"embeddable":true,"href":"https:\/\/www.europesays.com\/fr\/wp-json\/wp\/v2\/comments?post=307638"}],"version-history":[{"count":0,"href":"https:\/\/www.europesays.com\/fr\/wp-json\/wp\/v2\/posts\/307638\/revisions"}],"wp:featuredmedia":[{"embeddable":true,"href":"https:\/\/www.europesays.com\/fr\/wp-json\/wp\/v2\/media\/307639"}],"wp:attachment":[{"href":"https:\/\/www.europesays.com\/fr\/wp-json\/wp\/v2\/media?parent=307638"}],"wp:term":[{"taxonomy":"category","embeddable":true,"href":"https:\/\/www.europesays.com\/fr\/wp-json\/wp\/v2\/categories?post=307638"},{"taxonomy":"post_tag","embeddable":true,"href":"https:\/\/www.europesays.com\/fr\/wp-json\/wp\/v2\/tags?post=307638"}],"curies":[{"name":"wp","href":"https:\/\/api.w.org\/{rel}","templated":true}]}}