{"id":307670,"date":"2025-08-09T16:26:15","date_gmt":"2025-08-09T16:26:15","guid":{"rendered":"https:\/\/www.europesays.com\/fr\/307670\/"},"modified":"2025-08-09T16:26:15","modified_gmt":"2025-08-09T16:26:15","slug":"atp-cincinnati-rune-confirme-la-version-de-medvedev-mais-en-pense-bien-autre-chose-je-trouve-agreable-de-jouer-des-matchs-sur-une-surface-comparable-a-celle-sur-laquelle-nous-jouerons-un","status":"publish","type":"post","link":"https:\/\/www.europesays.com\/fr\/307670\/","title":{"rendered":"ATP &#8211; Cincinnati > Rune confirme la version de Medvedev, mais en pense bien autre chose : \u00ab Je trouve agr\u00e9able de jouer des matchs sur une surface comparable \u00e0 celle sur laquelle nous jouerons un Grand Chelem \u00bb"},"content":{"rendered":"<p>Comme lors de chaque tournoi, on scrute avec atten\u00adtion les r\u00e9ac\u00adtions des joueurs par rapport aux condi\u00adtions de jeu. Tr\u00e8s souvent, <a href=\"https:\/\/www.welovetennis.fr\/atp\/atp-cincinnati\/medvedev-na-pas-finit-de-raler-on-dirait-que-cette-annee-les-courts-a-cincinnati-sont-un-peu-plus-lents-quavant\" data-wpel-link=\"internal\" target=\"_blank\" rel=\"noopener\">Daniil Medvedev fait partie des premiers \u00e0 s\u2019ex\u00adprimer, et \u00e0 Cincinnati, le Russe s\u2019est montr\u00e9 mitig\u00e9, quoique moins critique qu\u2019\u00e0 son habi\u00adtude<\/a>.<\/p>\n<p>Daniil expli\u00adquait que les courts \u00e9taient plus lents cette ann\u00e9e, et c\u2019est une carac\u00adt\u00e9\u00adris\u00adtique qu\u2019Holger Rune a \u00e9gale\u00adment fait remar\u00adquer. Mais au contraire de Medvedev, le Danois s\u2019est montr\u00e9 tr\u00e8s satis\u00adfait de ces condi\u00adtions, qui permettent selon lui une pr\u00e9pa\u00adra\u00adtion opti\u00admale pour l\u2019US\u00a0Open.<\/p>\n<p><strong>\u00ab\u202fLa balle rebondit encore beau\u00adcoup ici, mais globa\u00adle\u00adment, les courts sont plus lents qu\u2019il y a un an, ce qui les rend simi\u00adlaires \u00e0 ceux de l\u2019US Open, m\u00eame si les coups rebon\u00addissent moins. Cependant, je trouve agr\u00e9able de jouer des matchs sur une surface compa\u00adrable \u00e0 celle sur laquelle nous joue\u00adrons un Grand Chelem dans deux semaines. Je trouve cela fantas\u00adtique. Il y a un an, les courts \u00e9taient tr\u00e8s rapides, mais cette ann\u00e9e, il est plus facile de s\u2019adapter aux condi\u00adtions. L\u2019endroit est vrai\u00adment magni\u00adfique main\u00adte\u00adnant, et nous, les joueurs de tennis, sommes heureux car nous nous sentons encore mieux accueillis et, globa\u00adle\u00adment, nous nous plai\u00adsons\u00a0ici.\u202f\u00bb<\/strong><\/p>\n<p class=\"post-published-date\" style=\"color: silver; font-size: 75%; text-align: left;\">Publi\u00e9 le samedi 9 ao\u00fbt 2025 \u00e0 17:18<\/p>\n","protected":false},"excerpt":{"rendered":"Comme lors de chaque tournoi, on scrute avec atten\u00adtion les r\u00e9ac\u00adtions des joueurs par rapport aux condi\u00adtions de&hellip;\n","protected":false},"author":2,"featured_media":307671,"comment_status":"","ping_status":"","sticky":false,"template":"","format":"standard","meta":{"footnotes":""},"categories":[1415],"tags":[1011,27,35661,44800,60,1467],"class_list":{"0":"post-307670","1":"post","2":"type-post","3":"status-publish","4":"format-standard","5":"has-post-thumbnail","7":"category-tennis","8":"tag-fr","9":"tag-france","10":"tag-medvedev","11":"tag-rune","12":"tag-sports","13":"tag-tennis"},"share_on_mastodon":{"url":"https:\/\/pubeurope.com\/@fr\/114999747080304729","error":""},"_links":{"self":[{"href":"https:\/\/www.europesays.com\/fr\/wp-json\/wp\/v2\/posts\/307670","targetHints":{"allow":["GET"]}}],"collection":[{"href":"https:\/\/www.europesays.com\/fr\/wp-json\/wp\/v2\/posts"}],"about":[{"href":"https:\/\/www.europesays.com\/fr\/wp-json\/wp\/v2\/types\/post"}],"author":[{"embeddable":true,"href":"https:\/\/www.europesays.com\/fr\/wp-json\/wp\/v2\/users\/2"}],"replies":[{"embeddable":true,"href":"https:\/\/www.europesays.com\/fr\/wp-json\/wp\/v2\/comments?post=307670"}],"version-history":[{"count":0,"href":"https:\/\/www.europesays.com\/fr\/wp-json\/wp\/v2\/posts\/307670\/revisions"}],"wp:featuredmedia":[{"embeddable":true,"href":"https:\/\/www.europesays.com\/fr\/wp-json\/wp\/v2\/media\/307671"}],"wp:attachment":[{"href":"https:\/\/www.europesays.com\/fr\/wp-json\/wp\/v2\/media?parent=307670"}],"wp:term":[{"taxonomy":"category","embeddable":true,"href":"https:\/\/www.europesays.com\/fr\/wp-json\/wp\/v2\/categories?post=307670"},{"taxonomy":"post_tag","embeddable":true,"href":"https:\/\/www.europesays.com\/fr\/wp-json\/wp\/v2\/tags?post=307670"}],"curies":[{"name":"wp","href":"https:\/\/api.w.org\/{rel}","templated":true}]}}