{"id":307672,"date":"2025-08-09T16:28:12","date_gmt":"2025-08-09T16:28:12","guid":{"rendered":"https:\/\/www.europesays.com\/fr\/307672\/"},"modified":"2025-08-09T16:28:12","modified_gmt":"2025-08-09T16:28:12","slug":"people-motogp-audi-ou-ducati-qui-accelere-le-mieux-avec-les-freres-marquez","status":"publish","type":"post","link":"https:\/\/www.europesays.com\/fr\/307672\/","title":{"rendered":"People MotoGP : Audi ou Ducati, qui acc\u00e9l\u00e8re le mieux avec les fr\u00e8res Marquez ?"},"content":{"rendered":"<p><strong>Dans la s\u00e9rie voiture contre moto, Audi Espagne a<br \/>\npropos\u00e9 \u00e0 <a href=\"https:\/\/www.paddock-gp.com\/?s=marc+marquez\" target=\"_blank\" rel=\"noopener nofollow\">Marc Marquez<\/a> et <a href=\"https:\/\/www.paddock-gp.com\/?s=alex+marquez\" target=\"_blank\" rel=\"noopener nofollow\">Alex Marquez<\/a> de s\u2019affronter en<br \/>\nacc\u00e9l\u00e9ration.<\/strong><\/p>\n<p>Si l\u2019on en croit la vid\u00e9o diffus\u00e9e par le constructeur allemand,<br \/>\nles deux fr\u00e8res pensaient \u00eatre convi\u00e9s pour essayer une nouvelle<br \/>\nmoto.<\/p>\n<p>MM93 \u2014 Oui, parfait pour la moto.<br data-start=\"108\" data-end=\"111\"\/><br \/>\nAM73 \u2014 Oui, il fait beau, hein ?<br data-start=\"138\" data-end=\"141\"\/><br \/>\nMM93 \u2014\u00a0 Moi, j\u2019ai tout pris.<br data-start=\"158\" data-end=\"161\"\/><br \/>\nAM73 \u2014 Moi aussi. Casque, bottes.<br \/>MM93 \u2014\u00a0 Protection dorsale ?<br \/>AM73 \u2014 Aussi. Et toi, la combi ? Tu l\u2019as oubli\u00e9e ?<br data-start=\"252\" data-end=\"255\"\/><br \/>\nMM93 \u2014\u00a0 Non, non, non.<br data-start=\"271\" data-end=\"274\"\/><br \/>\nAM73 \u2014 Tu es comment ?<br data-start=\"288\" data-end=\"291\"\/><br \/>\nMM93 \u2014\u00a0 Tout en rouge.<br data-start=\"307\" data-end=\"310\"\/><br \/>\nAM73 \u2014\u00a0 Tout en rouge ? Moi, tout en bleu.<br \/>MM93 \u2014\u00a0 Tout en bleu ? Allez, viens.<\/p>\n<p>En fait, ils ont vite d\u00e9couvert qu\u2019une Audi RS e-tron GT les<br \/>\nattendait a c\u00f4t\u00e9 d\u2019une classique mais n\u00e9anmoins tr\u00e8s performante<br \/>\nDucati Panigale V4 S.<br \/>911 chevaux contre 215 chevaux, 2 tonnes contre 200 kilos, mais<br \/>\nsurtout un couple de 1026.35 Nm contre 123,6 Nm, et bien s\u00fbr 4<br \/>\nroues motrices contre une seule.<\/p>\n<p>AM73 \u2014 Oh, et \u00e7a ?<br data-start=\"403\" data-end=\"406\"\/><br \/>\nMM93 \u2014\u00a0 Audi RS e-tron GT pour moi. Toi, la<br \/>\nmoto.<br data-start=\"447\" data-end=\"450\"\/><br \/>\nAM73 \u2014 Non, non, non, non. Attends, attends.<br data-start=\"489\" data-end=\"492\"\/><br \/>\nMM93 \u2014\u00a0 Et \u00e7a, pourquoi c\u2019est l\u00e0 ?<br \/>AM73 \u2014 On doit l\u2019essayer, non ?<br data-start=\"545\" data-end=\"548\"\/><br \/>\nMM93 \u2014\u00a0 Je commence avec la voiture.<br \/>AM73 \u2014 Non ! Pourquoi ?<br data-start=\"599\" data-end=\"602\"\/><br \/>\nMM93 \u2014\u00a0 Parce que je suis l\u2019a\u00een\u00e9.<br data-start=\"629\" data-end=\"632\"\/><br \/>\nAM73 \u2014 Moi je veux faire un pierre-feuille-ciseaux, et le gagnant<br \/>\nd\u00e9cide.<br data-start=\"700\" data-end=\"703\"\/>\u00ab\u00a0Un, deux, trois, pierre, feuille, ciseaux<br \/>\n!\u00a0\u00bb<br data-start=\"748\" data-end=\"751\"\/><br \/>\nMM93 \u2014\u00a0 Je commence avec la moto. Un tour, ensuite on<br \/>\nchange.<br \/>AM73 \u2014 Donc c\u2019est un d\u00e9fi,<br \/>MM93 une vraie course contre le chrono.<br \/>MM93 \u2014\u00a0 Il y aura un temps de r\u00e9f\u00e9rence.<br \/>AM73 \u2014 Tu crois que tu peux me battre ? Non, non,<br \/>MM93 Avec la moto, s\u00fbrement.<br data-start=\"960\" data-end=\"963\"\/><br \/>\nAM73 \u2014 Et apr\u00e8s, tu vas chuter ?<br \/>MM93 \u2014\u00a0 (Rires)<br \/>AM73 \u2014 Quel \u00e2ne tu fais\u2026 Mais on dirait que t\u2019es un pro de la moto.<br \/>\nTu fais \u00e7a pour de vrai ou quoi ?<br data-start=\"1088\" data-end=\"1091\"\/><br \/>\nMM93 \u2014\u00a0 Oui, j\u2019essaye. \u00c7a ne s\u2019est pas trop mal pass\u00e9.<\/p>\n<p>Les deux v\u00e9hicules ont les m\u00eames chiffres en acc\u00e9l\u00e9ration de 0 \u00e0<br \/>\n100 km\/h : 2,5 secondes !<\/p>\n<p>La suite, int\u00e9ressante, d\u00e9couvrez-la dans la vid\u00e9o\u2026<\/p>\n<p>\ufeff<\/p>\n<p><img loading=\"lazy\" decoding=\"async\" class=\"aligncenter size-full wp-image-1317067\" src=\"https:\/\/www.europesays.com\/fr\/wp-content\/uploads\/2025\/08\/marquez-audi.jpg\" alt=\"\" width=\"800\" height=\"450\"  \/><\/p>\n<p>Audi Marquez<\/p>\n<p>\u00a0<\/p>\n","protected":false},"excerpt":{"rendered":"Dans la s\u00e9rie voiture contre moto, Audi Espagne a propos\u00e9 \u00e0 Marc Marquez et Alex Marquez de s\u2019affronter&hellip;\n","protected":false},"author":2,"featured_media":307673,"comment_status":"","ping_status":"","sticky":false,"template":"","format":"standard","meta":{"footnotes":""},"categories":[1413],"tags":[1011,27,1457,1456,60],"class_list":{"0":"post-307672","1":"post","2":"type-post","3":"status-publish","4":"format-standard","5":"has-post-thumbnail","7":"category-moto","8":"tag-fr","9":"tag-france","10":"tag-moto","11":"tag-motocycle","12":"tag-sports"},"share_on_mastodon":{"url":"https:\/\/pubeurope.com\/@fr\/114999755108241874","error":""},"_links":{"self":[{"href":"https:\/\/www.europesays.com\/fr\/wp-json\/wp\/v2\/posts\/307672","targetHints":{"allow":["GET"]}}],"collection":[{"href":"https:\/\/www.europesays.com\/fr\/wp-json\/wp\/v2\/posts"}],"about":[{"href":"https:\/\/www.europesays.com\/fr\/wp-json\/wp\/v2\/types\/post"}],"author":[{"embeddable":true,"href":"https:\/\/www.europesays.com\/fr\/wp-json\/wp\/v2\/users\/2"}],"replies":[{"embeddable":true,"href":"https:\/\/www.europesays.com\/fr\/wp-json\/wp\/v2\/comments?post=307672"}],"version-history":[{"count":0,"href":"https:\/\/www.europesays.com\/fr\/wp-json\/wp\/v2\/posts\/307672\/revisions"}],"wp:featuredmedia":[{"embeddable":true,"href":"https:\/\/www.europesays.com\/fr\/wp-json\/wp\/v2\/media\/307673"}],"wp:attachment":[{"href":"https:\/\/www.europesays.com\/fr\/wp-json\/wp\/v2\/media?parent=307672"}],"wp:term":[{"taxonomy":"category","embeddable":true,"href":"https:\/\/www.europesays.com\/fr\/wp-json\/wp\/v2\/categories?post=307672"},{"taxonomy":"post_tag","embeddable":true,"href":"https:\/\/www.europesays.com\/fr\/wp-json\/wp\/v2\/tags?post=307672"}],"curies":[{"name":"wp","href":"https:\/\/api.w.org\/{rel}","templated":true}]}}