{"id":307712,"date":"2025-08-09T16:49:23","date_gmt":"2025-08-09T16:49:23","guid":{"rendered":"https:\/\/www.europesays.com\/fr\/307712\/"},"modified":"2025-08-09T16:49:23","modified_gmt":"2025-08-09T16:49:23","slug":"photos-la-reserve-de-las-nancy-lorraine-a-tenu-tete-a-celle-du-fc-sochaux","status":"publish","type":"post","link":"https:\/\/www.europesays.com\/fr\/307712\/","title":{"rendered":"Photos. La r\u00e9serve de l&rsquo;AS Nancy Lorraine a tenu t\u00eate \u00e0 celle du FC Sochaux"},"content":{"rendered":"<p>Ce samedi en toute fin de matin\u00e9e, sur le terrain d&rsquo;entra\u00eenement des pros au centre de formation Michel Platini, les jeunes r\u00e9servistes de Nancy et Sochaux effectuaient leur avant-dernier test de cette pr\u00e9paration estivale. Score final 1-1. Une aile de pigeon du Lionceau Zenati r\u00e9pondant au coup-franc du\u00a0Chardon\u00a0Tacafred. Revivez la rencontre en images.\u00a0<\/p>\n","protected":false},"excerpt":{"rendered":"Ce samedi en toute fin de matin\u00e9e, sur le terrain d&rsquo;entra\u00eenement des pros au centre de formation Michel&hellip;\n","protected":false},"author":2,"featured_media":307713,"comment_status":"","ping_status":"","sticky":false,"template":"","format":"standard","meta":{"footnotes":""},"categories":[9635],"tags":[1111,11,3703,10332,1704,1777,674,14186,1701,63,1011,27,5325,2798,9540,775,8027,1702,12,25,14187,517,1700],"class_list":{"0":"post-307712","1":"post","2":"type-post","3":"status-publish","4":"format-standard","5":"has-post-thumbnail","7":"category-nancy","8":"tag-actu","9":"tag-actualites","10":"tag-asnl","11":"tag-edition-belfort-hericourt-montbeliard","12":"tag-edition-nancy-et-agglomeration","13":"tag-eu","14":"tag-europe","15":"tag-fc-sochaux-montbeliard","16":"tag-fil-info-sport","17":"tag-football","18":"tag-fr","19":"tag-france","20":"tag-galerie-media","21":"tag-galerie-photo","22":"tag-galerie-sport","23":"tag-grand-est","24":"tag-montbeliard","25":"tag-nancy","26":"tag-news","27":"tag-republique-francaise","28":"tag-sochaux","29":"tag-sport","30":"tag-sport-lorrain"},"share_on_mastodon":{"url":"https:\/\/pubeurope.com\/@fr\/114999837490656236","error":""},"_links":{"self":[{"href":"https:\/\/www.europesays.com\/fr\/wp-json\/wp\/v2\/posts\/307712","targetHints":{"allow":["GET"]}}],"collection":[{"href":"https:\/\/www.europesays.com\/fr\/wp-json\/wp\/v2\/posts"}],"about":[{"href":"https:\/\/www.europesays.com\/fr\/wp-json\/wp\/v2\/types\/post"}],"author":[{"embeddable":true,"href":"https:\/\/www.europesays.com\/fr\/wp-json\/wp\/v2\/users\/2"}],"replies":[{"embeddable":true,"href":"https:\/\/www.europesays.com\/fr\/wp-json\/wp\/v2\/comments?post=307712"}],"version-history":[{"count":0,"href":"https:\/\/www.europesays.com\/fr\/wp-json\/wp\/v2\/posts\/307712\/revisions"}],"wp:featuredmedia":[{"embeddable":true,"href":"https:\/\/www.europesays.com\/fr\/wp-json\/wp\/v2\/media\/307713"}],"wp:attachment":[{"href":"https:\/\/www.europesays.com\/fr\/wp-json\/wp\/v2\/media?parent=307712"}],"wp:term":[{"taxonomy":"category","embeddable":true,"href":"https:\/\/www.europesays.com\/fr\/wp-json\/wp\/v2\/categories?post=307712"},{"taxonomy":"post_tag","embeddable":true,"href":"https:\/\/www.europesays.com\/fr\/wp-json\/wp\/v2\/tags?post=307712"}],"curies":[{"name":"wp","href":"https:\/\/api.w.org\/{rel}","templated":true}]}}