{"id":307714,"date":"2025-08-09T16:51:11","date_gmt":"2025-08-09T16:51:11","guid":{"rendered":"https:\/\/www.europesays.com\/fr\/307714\/"},"modified":"2025-08-09T16:51:11","modified_gmt":"2025-08-09T16:51:11","slug":"chambly-se-renforce-le-gros-coup-de-toulon-off","status":"publish","type":"post","link":"https:\/\/www.europesays.com\/fr\/307714\/","title":{"rendered":"Chambly se renforce, le gros coup de Toulon (off)"},"content":{"rendered":"<p>Zapping Foot National Laure Boulleau : \u00ab J\u2019imagine une s\u00e9quence o\u00f9 Mbapp\u00e9 parle d\u2019un match des Bleues \u2026 \u00bb <\/p>\n<p>Les heures se suivent et se ressemblent au sein de la quatri\u00e8me division tricolore. Ce samedi 9 ao\u00fbt, deux clubs de National 2 ont effectivement officialis\u00e9 du mouvement. Ou plus particuli\u00e8rement une arriv\u00e9e. \u00c0 commencer par Toulon. Le SCT s\u2019est offert l\u2019un des gros coups de ce week-end en s\u2019attachant les services de Medhi Beneddine. Le lat\u00e9ral gauche d\u00e9barque du N\u00eemes Olympique, lui qui a \u00e9t\u00e9 form\u00e9 \u00e0 l\u2019AS Monaco avant de conna\u00eetre la Belgique et le Cercle Bruges puis de valdinguer en France, apr\u00e8s avoir d\u00e9couvert la premi\u00e8re division alg\u00e9rienne sous les couleurs de l\u2019USM Alger. Le joueur de 29 ans a disput\u00e9 pr\u00e8s d\u2019une centaine de rencontres en National.\u00a0<\/p>\n<p>Chambly se renforce aussi<\/p>\n<p>De son c\u00f4t\u00e9, le club de l\u2019Oise n\u2019a \u00e9galement pas l\u00e9sin\u00e9 sur les moyens. Chambly a annonc\u00e9 la signature d\u2019Antoine Valerio. Le milieu de terrain est la onzi\u00e8me recrue du club fond\u00e9 en 1989. \u00c2g\u00e9 de 25 ans, il d\u00e9barque depuis le FC Villefranche-Beaujolais, avec qui il a disput\u00e9 24 rencontres la saison derni\u00e8re. Valerio \u00e9voluait avec l&rsquo;UNFP FC cet \u00e9t\u00e9.\u00a0<\/p>\n<p>Partagez cette info avec vos amis et vos proches en cliquant ici<br \/>Pour r\u00e9sumer<\/p>\n<p>Les heures se suivent et se ressemblent au sein de la quatri\u00e8me division tricolore. Ce samedi 9 ao\u00fbt, deux clubs de National 2 ont effectivement officialis\u00e9 du mouvement. Ou plus particuli\u00e8rement une arriv\u00e9e. \u00c0 commencer par Toulon.<\/p>\n<p> <img decoding=\"async\" width=\"76\" height=\"76\" loading=\"lazy\" src=\"https:\/\/static.wui.fr\/images_v3\/avatar-footnational.png\" alt=\"Youcef Ghalaza-Boudra\"\/><\/p>\n","protected":false},"excerpt":{"rendered":"Zapping Foot National Laure Boulleau : \u00ab J\u2019imagine une s\u00e9quence o\u00f9 Mbapp\u00e9 parle d\u2019un match des Bleues \u2026&hellip;\n","protected":false},"author":2,"featured_media":307715,"comment_status":"","ping_status":"","sticky":false,"template":"","format":"standard","meta":{"footnotes":""},"categories":[9619],"tags":[1111,11,1777,674,1011,27,12,882,25,2310],"class_list":{"0":"post-307714","1":"post","2":"type-post","3":"status-publish","4":"format-standard","5":"has-post-thumbnail","7":"category-toulon","8":"tag-actu","9":"tag-actualites","10":"tag-eu","11":"tag-europe","12":"tag-fr","13":"tag-france","14":"tag-news","15":"tag-provence-alpes-cote-dazur","16":"tag-republique-francaise","17":"tag-toulon"},"share_on_mastodon":{"url":"https:\/\/pubeurope.com\/@fr\/114999845411607777","error":""},"_links":{"self":[{"href":"https:\/\/www.europesays.com\/fr\/wp-json\/wp\/v2\/posts\/307714","targetHints":{"allow":["GET"]}}],"collection":[{"href":"https:\/\/www.europesays.com\/fr\/wp-json\/wp\/v2\/posts"}],"about":[{"href":"https:\/\/www.europesays.com\/fr\/wp-json\/wp\/v2\/types\/post"}],"author":[{"embeddable":true,"href":"https:\/\/www.europesays.com\/fr\/wp-json\/wp\/v2\/users\/2"}],"replies":[{"embeddable":true,"href":"https:\/\/www.europesays.com\/fr\/wp-json\/wp\/v2\/comments?post=307714"}],"version-history":[{"count":0,"href":"https:\/\/www.europesays.com\/fr\/wp-json\/wp\/v2\/posts\/307714\/revisions"}],"wp:featuredmedia":[{"embeddable":true,"href":"https:\/\/www.europesays.com\/fr\/wp-json\/wp\/v2\/media\/307715"}],"wp:attachment":[{"href":"https:\/\/www.europesays.com\/fr\/wp-json\/wp\/v2\/media?parent=307714"}],"wp:term":[{"taxonomy":"category","embeddable":true,"href":"https:\/\/www.europesays.com\/fr\/wp-json\/wp\/v2\/categories?post=307714"},{"taxonomy":"post_tag","embeddable":true,"href":"https:\/\/www.europesays.com\/fr\/wp-json\/wp\/v2\/tags?post=307714"}],"curies":[{"name":"wp","href":"https:\/\/api.w.org\/{rel}","templated":true}]}}