{"id":307720,"date":"2025-08-09T16:54:09","date_gmt":"2025-08-09T16:54:09","guid":{"rendered":"https:\/\/www.europesays.com\/fr\/307720\/"},"modified":"2025-08-09T16:54:09","modified_gmt":"2025-08-09T16:54:09","slug":"a-rouen-un-homme-recherche-pour-de-la-prison-prend-la-fuite-lors-dun-controle-de-police","status":"publish","type":"post","link":"https:\/\/www.europesays.com\/fr\/307720\/","title":{"rendered":"\u00c0 Rouen, un homme recherch\u00e9 pour de la prison prend la fuite lors d&rsquo;un contr\u00f4le de police"},"content":{"rendered":"<p>Un homme a tent\u00e9 d&rsquo;\u00e9viter un contr\u00f4le de police en voiture ce samedi matin \u00e0 Rouen. Finalement intercept\u00e9, il a profit\u00e9 du contr\u00f4le de ses passagers pour prendre la fuite.<\/p>\n<p>Un homme de 28 ans <strong>est parvenu \u00e0 \u00e9chapper en deux temps \u00e0 un contr\u00f4le de police<\/strong> dans la nuit du vendredi 8 au samedi 9 ao\u00fbt \u00e0 Rouen. Il a d&rsquo;abord initi\u00e9 une course-poursuite en voiture, \u00e0 l&rsquo;issue de laquelle il a \u00e9t\u00e9 arr\u00eat\u00e9. Mais pendant que ses passagers se faisaient contr\u00f4ler, il a pris la fuite. Originaire de Saint-Aubin-l\u00e8s-Elbeuf, il est pourtant <strong>recherch\u00e9 pour n&rsquo;avoir pas ex\u00e9cut\u00e9 une peine de prison.<\/strong><\/p>\n<p>Le fugitif parvient \u00e0 s&rsquo;\u00e9chapper sans ses passagers<\/p>\n<p>Ce conducteur a d&rsquo;abord \u00e9t\u00e9 rep\u00e9r\u00e9 vers 4h30 par une voiture de police, arrivant \u00ab\u00a0comme une balle\u00a0\u00bb au rond-point Saint-Hilaire, du boulevard de Verdun vers la Nationale 28. Les agents enclenchent alors la sir\u00e8ne et le gyrophare et se lancent \u00e0 sa poursuite, mais <strong>le conducteur grille plusieurs feux rouges pour leur \u00e9chapper<\/strong>. Il se retrouve finalement bloqu\u00e9 par des voitures, tente une marche arri\u00e8re \u00e0 contre-sens pour s&rsquo;en sortir mais <strong>ne peut finalement \u00e9chapper au contr\u00f4le.<\/strong><\/p>\n<p>Pendant que la patrouille contr\u00f4le les trois passagers qu&rsquo;il transportait, le conducteur prend alors la fuite. Il est n\u00e9 en 1997 et vient de Saint-Aubin-les-Elbeuf, et <strong>faisait l&rsquo;objet d&rsquo;une fiche de recherche<\/strong> pour non ex\u00e9cution d&rsquo;une peine de prison.<\/p>\n","protected":false},"excerpt":{"rendered":"Un homme a tent\u00e9 d&rsquo;\u00e9viter un contr\u00f4le de police en voiture ce samedi matin \u00e0 Rouen. Finalement intercept\u00e9,&hellip;\n","protected":false},"author":2,"featured_media":307721,"comment_status":"","ping_status":"","sticky":false,"template":"","format":"standard","meta":{"footnotes":""},"categories":[9587],"tags":[1111,11,1777,674,1011,27,12,5161,25,9590],"class_list":{"0":"post-307720","1":"post","2":"type-post","3":"status-publish","4":"format-standard","5":"has-post-thumbnail","7":"category-rouen","8":"tag-actu","9":"tag-actualites","10":"tag-eu","11":"tag-europe","12":"tag-fr","13":"tag-france","14":"tag-news","15":"tag-normandie","16":"tag-republique-francaise","17":"tag-rouen"},"share_on_mastodon":{"url":"https:\/\/pubeurope.com\/@fr\/114999857350683439","error":""},"_links":{"self":[{"href":"https:\/\/www.europesays.com\/fr\/wp-json\/wp\/v2\/posts\/307720","targetHints":{"allow":["GET"]}}],"collection":[{"href":"https:\/\/www.europesays.com\/fr\/wp-json\/wp\/v2\/posts"}],"about":[{"href":"https:\/\/www.europesays.com\/fr\/wp-json\/wp\/v2\/types\/post"}],"author":[{"embeddable":true,"href":"https:\/\/www.europesays.com\/fr\/wp-json\/wp\/v2\/users\/2"}],"replies":[{"embeddable":true,"href":"https:\/\/www.europesays.com\/fr\/wp-json\/wp\/v2\/comments?post=307720"}],"version-history":[{"count":0,"href":"https:\/\/www.europesays.com\/fr\/wp-json\/wp\/v2\/posts\/307720\/revisions"}],"wp:featuredmedia":[{"embeddable":true,"href":"https:\/\/www.europesays.com\/fr\/wp-json\/wp\/v2\/media\/307721"}],"wp:attachment":[{"href":"https:\/\/www.europesays.com\/fr\/wp-json\/wp\/v2\/media?parent=307720"}],"wp:term":[{"taxonomy":"category","embeddable":true,"href":"https:\/\/www.europesays.com\/fr\/wp-json\/wp\/v2\/categories?post=307720"},{"taxonomy":"post_tag","embeddable":true,"href":"https:\/\/www.europesays.com\/fr\/wp-json\/wp\/v2\/tags?post=307720"}],"curies":[{"name":"wp","href":"https:\/\/api.w.org\/{rel}","templated":true}]}}