{"id":307722,"date":"2025-08-09T16:55:21","date_gmt":"2025-08-09T16:55:21","guid":{"rendered":"https:\/\/www.europesays.com\/fr\/307722\/"},"modified":"2025-08-09T16:55:21","modified_gmt":"2025-08-09T16:55:21","slug":"comment-le-jardin-des-plantes-de-rouen-sadapte-au-changement-climatique","status":"publish","type":"post","link":"https:\/\/www.europesays.com\/fr\/307722\/","title":{"rendered":"Comment le Jardin des Plantes de Rouen s&rsquo;adapte au changement climatique"},"content":{"rendered":"<p>            Par<br \/>\n        <strong><br \/>\n            <a href=\"https:\/\/actu.fr\/auteur\/adrien-tisserand\" title=\"Consulter tous les articles de Adrien Tisserand\" target=\"_blank\" rel=\"noopener\">Adrien Tisserand<\/a><br \/>\n        <\/strong><\/p>\n<p>        Publi\u00e9 le<\/p>\n<p>            9 ao\u00fbt 2025 \u00e0 17h17        <\/p>\n<p>\u00ab\u00a0On constate chaque ann\u00e9e des changements climatiques ici, au Jardin des Plantes\u00a0\u00bb : le bilan est sans appel pour Vincent Vittecoq, le chef d\u2019\u00e9quipe des collections botaniques du Jardin des Plantes de <a href=\"https:\/\/actu.fr\/normandie\/rouen_76540\" target=\"_blank\" rel=\"noopener\">Rouen<\/a>, d\u2019o\u00f9 la n\u00e9cessit\u00e9 de devoir <strong>s\u2019adapter<\/strong>. Comment proc\u00e8de-t-il dans ce grand parc ? <strong>Reportage.<\/strong>\u00a0<\/p>\n<p>Des parasites qui r\u00e9sistent plus longtemps<\/p>\n<p class=\" wall-content\">Dans les parcelles du jardin \u00e0 la fran\u00e7aise, la <strong>Pyrale du buis<\/strong> est une sorte de chenille qui vient grignoter les feuilles. Habituellement, cette chenille meurt en hiver avec le froid mais dor\u00e9navant, avec le changement climatique, elle r\u00e9siste plus longtemps et menace davantage d\u2019esp\u00e8ces.<\/p>\n<p class=\" wall-content\">Le Jardin des Plantes souffre aussi de la pr\u00e9sence envahissante de <strong>frelons asiatiques<\/strong>, qui menacent les jardiniers comme les visiteurs, puisque les temp\u00e9ratures plus douces prolongent leur p\u00e9riode d\u2019activit\u00e9. Les frelons asiatiques s\u2019en prennent notamment aux feuilles et aux fruits du <a href=\"https:\/\/actu.fr\/normandie\/rouen_76540\/en-images-plantes-extraordinaires-decouvrir-jardin-plantes-rouen_23240134.html\" target=\"_blank\" rel=\"noopener\">verger conservatoire<\/a> du Jardin des Plantes.<\/p>\n<p>Un climat n\u00e9faste pour la v\u00e9g\u00e9tation<\/p>\n<p class=\" wall-content\">Cette \u00ab\u00a0banque g\u00e9n\u00e9tique\u00a0\u00bb, selon les mots de Vincent Vittecoq, renferme pr\u00e8s de 300 vari\u00e9t\u00e9s fruiti\u00e8res (pommes, poires). Mais ces pommes du verger peuvent <strong>br\u00fbler<\/strong> au soleil, d\u00e8s lors que l\u2019on atteint les 40 degr\u00e9s.<\/p>\n<p class=\" wall-content\">Quant aux feuilles des arbres fruitiers, beaucoup sont perc\u00e9es par les orages de juin dernier, avec des impacts de <strong>gr\u00eale<\/strong>. Les orages ont aussi abattu un ch\u00eane rouge d\u2019Am\u00e9rique. Le parrotie de Perse, pourtant surnomm\u00e9 \u00ab\u00a0<strong>l\u2019arbre de fer<\/strong>\u00ab\u00a0, a vu ses branches les plus hautes \u00eatre ab\u00eem\u00e9es par les \u00e9pisodes de s\u00e9cheresse estivale.\u00a0<\/p>\n<p>Des solutions d\u00e9j\u00e0 en place\u2026<\/p>\n<p class=\" wall-content\">Face \u00e0 cette r\u00e9alit\u00e9, le plus connu des jardins rouennais se r\u00e9invente. Le carr\u00e9 des <strong>dahlias<\/strong>\u00a0a \u00e9t\u00e9 remplac\u00e9 par des <strong>cistes. <\/strong>Un choix qui s\u2019explique par une volont\u00e9 de sobri\u00e9t\u00e9 en eau et en engrais.\u00a0<\/p>\n<p>    <img   decoding=\"async\" loading=\"lazy\" src=\"https:\/\/www.europesays.com\/fr\/wp-content\/uploads\/2025\/08\/carre-cistes-960x640.jpg\" alt=\"Les cistes, de petits arbrisseaux originaires du pourtour m\u00e9diterran\u00e9en. \" width=\"960\" height=\"640\"\/><br \/>\n    Les cistes sont ces petits arbrisseaux originaires du pourtour m\u00e9diterran\u00e9en. (\u00a976Actu \/ AT)<\/p>\n<p class=\" wall-content\">Face au vieillissement pr\u00e9matur\u00e9 de certaines esp\u00e8ces dans le verger, Vincent Vittecoq et son \u00e9quipe utilisent des techniques \u00ab\u00a0dans l\u2019esprit des p\u00e9pini\u00e9ristes du XIXe si\u00e8cle\u00a0\u00bb comme le <strong>greffage<\/strong>, qui consiste \u00e0 assembler une plante avec de bonnes racines et une autre avec de bons fruits. Une mani\u00e8re de conserver les vari\u00e9t\u00e9s anciennes de fruits au long terme.<\/p>\n<p class=\" wall-content\">L\u2019arrosage est<strong> raisonn\u00e9<\/strong>, tout comme la tonte du gazon pour prot\u00e9ger la biodiversit\u00e9 et <strong>aucun pesticide<\/strong> n\u2019est \u00e9videmment utilis\u00e9.\u00a0Le verger poss\u00e8de aussi des arbres fruitiers m\u00e9diterran\u00e9ens comme des amandiers, figuiers ou abricotiers, qui s\u2019accommodent sans probl\u00e8me du climat local, tout comme <strong>l\u2019all\u00e9e des agrumes<\/strong>, qui vise \u00e0 acclimater des agrumes et des fruits exotiques semi-rustiques, pouvant r\u00e9sister \u00e0 des temp\u00e9ratures entre -5 et -10 degr\u00e9s, comme l\u2019avocat ou la canneberge.<\/p>\n<p>    <img   decoding=\"async\" loading=\"lazy\" src=\"https:\/\/www.europesays.com\/fr\/wp-content\/uploads\/2025\/08\/img-6349-960x640.jpg\" alt=\"La nouvelle all\u00e9e des agrumes, \u00e0 l'entr\u00e9e du verger conservatoire. \" width=\"960\" height=\"640\"\/><br \/>\n    La nouvelle all\u00e9e des agrumes, \u00e0 l\u2019entr\u00e9e du verger conservatoire. (\u00a976Actu \/ AT)\u2026et d\u2019autres \u00e0 venir\u00a0<\/p>\n<p class=\" wall-content\">D\u2019autres espaces d\u00e9di\u00e9s aux jardins du monde vont sortir de terre ces prochains mois, signe d\u2019un renouvellement constant du Jardin des Plantes.\u00a0Ce mois d\u2019ao\u00fbt, les travaux du futur <a href=\"https:\/\/actu.fr\/normandie\/rouen_76540\/plan-de-renaturation-a-rouen-voici-quand-les-nouveaux-jardins-et-espaces-verts-vont-arriver_62395342.html#:~:text=Un%20jardin%20chinois,cours%20de%20l&#039;ann%C3%A9e%202025.\" target=\"_blank\" rel=\"noopener\">jardin chinois<\/a> vont d\u00e9buter, pour une ouverture pr\u00e9vue en fin d\u2019ann\u00e9e 2025.\u00a0<\/p>\n<p>    <img   decoding=\"async\" loading=\"lazy\" src=\"https:\/\/www.europesays.com\/fr\/wp-content\/uploads\/2025\/08\/futur-jardin-chinois-960x640.jpg\" alt=\"L'emplacement du futur jardin chinois, sur la partie haute du parc, avec les deux lions offerts par la ville de Ningbo. \" width=\"960\" height=\"640\"\/><br \/>\n    L\u2019emplacement du futur jardin chinois, sur la partie haute du parc, avec les deux lions offerts par la ville de Ningbo. L\u2019aire de jeux sera retir\u00e9e. (\u00a976Actu \/ AT)<\/p>\n<p class=\" wall-content\">En parall\u00e8le, il y a selon Vincent Vittecoq, une volont\u00e9 de la direction du jardin de \u00ab\u00a0mettre en place un <strong>\u00eelot de fraicheur<\/strong> avec des plantes grimpantes\u00a0\u00bb au centre du parc pour le confort des visiteurs. Enfin, un espace de conservation ex situ \u00ab\u00a0prendra la forme du Chili\u00a0\u00bb, avec un m\u00e9lange de plantes de paysages divers, du d\u00e9sert d\u2019Atacama \u00e0 la Patagonie.\u00a0<\/p>\n<p>Suivez l\u2019actualit\u00e9 de Rouen <a href=\"https:\/\/www.whatsapp.com\/channel\/0029VaKfnf99hXF2ddApFB1D\" target=\"_blank\" rel=\"noopener\">sur notre cha\u00eene WhatsApp<\/a> et <a href=\"https:\/\/www.tiktok.com\/@76actu.fr?lang=fr\" target=\"_blank\" rel=\"noopener\">sur notre compte TikTok<\/a><\/p>\n<p class=\" wall-content\">Suivez toute l\u2019actualit\u00e9 de vos villes et m\u00e9dias favoris en vous inscrivant \u00e0 <a href=\"https:\/\/moncompte.actu.fr\" title=\"D\u00e9couvez Mon Actu\" rel=\"nofollow noopener\" data-trk=\"{&quot;cta&quot;:{&quot;action&quot;:&quot;https:\\\/\\\/moncompte.actu.fr&quot;,&quot;category&quot;:&quot;mon compte&quot;,&quot;from&quot;:&quot;article footer&quot;,&quot;name&quot;:&quot;Mon actu&quot;,&quot;type&quot;:&quot;cta&quot;}}\" target=\"_blank\">Mon Actu<\/a>.<\/p>\n<ul class=\"ac-article-tag wall-content\">\n<li><a href=\"https:\/\/actu.fr\/tag\/jardin-plantes-rouen\" data-trk=\"{&quot;cta&quot;:{&quot;action&quot;:&quot;Jardin des Plantes de Rouen&quot;,&quot;category&quot;:&quot;tag&quot;,&quot;from&quot;:&quot;article footer&quot;,&quot;name&quot;:&quot;Jardin des Plantes de Rouen&quot;,&quot;type&quot;:&quot;cta&quot;}}\" target=\"_blank\" rel=\"noopener\">#Jardin des Plantes de Rouen<\/a><\/li>\n<li><a href=\"https:\/\/actu.fr\/tag\/rechauffement-climatique\" data-trk=\"{&quot;cta&quot;:{&quot;action&quot;:&quot;R\\u00e9chauffement climatique&quot;,&quot;category&quot;:&quot;tag&quot;,&quot;from&quot;:&quot;article footer&quot;,&quot;name&quot;:&quot;R\\u00e9chauffement climatique&quot;,&quot;type&quot;:&quot;cta&quot;}}\" target=\"_blank\" rel=\"noopener\">#R\u00e9chauffement climatique<\/a><\/li>\n<\/ul>\n<p>                    <script async src=\"\/\/www.tiktok.com\/embed.js\"><\/script><\/p>\n","protected":false},"excerpt":{"rendered":"Par Adrien Tisserand Publi\u00e9 le 9 ao\u00fbt 2025 \u00e0 17h17 \u00ab\u00a0On constate chaque ann\u00e9e des changements climatiques ici,&hellip;\n","protected":false},"author":2,"featured_media":307723,"comment_status":"","ping_status":"","sticky":false,"template":"","format":"standard","meta":{"footnotes":""},"categories":[9587],"tags":[1111,11,1777,674,1011,27,18231,12,5161,52,5140,25,9590],"class_list":{"0":"post-307722","1":"post","2":"type-post","3":"status-publish","4":"format-standard","5":"has-post-thumbnail","7":"category-rouen","8":"tag-actu","9":"tag-actualites","10":"tag-eu","11":"tag-europe","12":"tag-fr","13":"tag-france","14":"tag-jardin-des-plantes-de-rouen","15":"tag-news","16":"tag-normandie","17":"tag-planete","18":"tag-rechauffement-climatique","19":"tag-republique-francaise","20":"tag-rouen"},"share_on_mastodon":{"url":"https:\/\/pubeurope.com\/@fr\/114999861251582215","error":""},"_links":{"self":[{"href":"https:\/\/www.europesays.com\/fr\/wp-json\/wp\/v2\/posts\/307722","targetHints":{"allow":["GET"]}}],"collection":[{"href":"https:\/\/www.europesays.com\/fr\/wp-json\/wp\/v2\/posts"}],"about":[{"href":"https:\/\/www.europesays.com\/fr\/wp-json\/wp\/v2\/types\/post"}],"author":[{"embeddable":true,"href":"https:\/\/www.europesays.com\/fr\/wp-json\/wp\/v2\/users\/2"}],"replies":[{"embeddable":true,"href":"https:\/\/www.europesays.com\/fr\/wp-json\/wp\/v2\/comments?post=307722"}],"version-history":[{"count":0,"href":"https:\/\/www.europesays.com\/fr\/wp-json\/wp\/v2\/posts\/307722\/revisions"}],"wp:featuredmedia":[{"embeddable":true,"href":"https:\/\/www.europesays.com\/fr\/wp-json\/wp\/v2\/media\/307723"}],"wp:attachment":[{"href":"https:\/\/www.europesays.com\/fr\/wp-json\/wp\/v2\/media?parent=307722"}],"wp:term":[{"taxonomy":"category","embeddable":true,"href":"https:\/\/www.europesays.com\/fr\/wp-json\/wp\/v2\/categories?post=307722"},{"taxonomy":"post_tag","embeddable":true,"href":"https:\/\/www.europesays.com\/fr\/wp-json\/wp\/v2\/tags?post=307722"}],"curies":[{"name":"wp","href":"https:\/\/api.w.org\/{rel}","templated":true}]}}