{"id":307726,"date":"2025-08-09T16:57:21","date_gmt":"2025-08-09T16:57:21","guid":{"rendered":"https:\/\/www.europesays.com\/fr\/307726\/"},"modified":"2025-08-09T16:57:21","modified_gmt":"2025-08-09T16:57:21","slug":"metropole-de-grenoble-deux-personnes-blessees-a-coups-de-couteau-la-nuit-derniere","status":"publish","type":"post","link":"https:\/\/www.europesays.com\/fr\/307726\/","title":{"rendered":"M\u00e9tropole de Grenoble. Deux personnes bless\u00e9es \u00e0 coups de couteau la nuit derni\u00e8re"},"content":{"rendered":"<p>Deux personnes, deux jeunes hommes, ont re\u00e7u des coups de couteau dans la nuit du vendredi\u00a08 au samedi 9\u00a0ao\u00fbt, sur l\u2019avenue du Vercors \u00e0 Fontaine, vers minuit et demi. Les deux victimes, un homme \u00e2g\u00e9 de 18 ans gri\u00e8vement bless\u00e9 et un autre homme, dont on ignore l\u2019\u00e2ge et plus l\u00e9g\u00e8rement bless\u00e9, ont \u00e9t\u00e9 prises en charge par les sapeurs-pompiers et transport\u00e9es au CHU Grenoble-Alpes.<\/p>\n<p>Ce contenu est bloqu\u00e9 car vous n&rsquo;avez pas accept\u00e9 les cookies et autres traceurs.<\/p>\n<p>En cliquant sur \u00ab J\u2019accepte \u00bb, les cookies et autres traceurs seront d\u00e9pos\u00e9s et vous pourrez visualiser les contenus  (<a href=\"\" class=\"consentModule_policy\" target=\"_blank\" title=\"Consulter la politique de protection des donn\u00e9es du fournisseur\">plus d&rsquo;informations<\/a>).<\/p>\n<p>En cliquant sur \u00ab J\u2019accepte tous les cookies \u00bb, vous autorisez des d\u00e9p\u00f4ts de cookies et autres traceurs pour le stockage de vos donn\u00e9es sur nos sites et applications \u00e0 des fins de personnalisation et de ciblage publicitaire.<\/p>\n<p class=\"consentModule_secondaryText\">Vous gardez la possibilit\u00e9 de retirer votre consentement \u00e0 tout moment en consultant notre <a href=\"https:\/\/www.ledauphine.com\/protection-des-donnees\" target=\"_blank\" title=\"Consulter notre politique de protection des donn\u00e9es\" rel=\"noopener\">politique de protection des donn\u00e9es<\/a>. <br \/>&#13;<br \/>\n            <a href=\"https:\/\/www.ledauphine.com\/faits-divers-justice\/2025\/08\/09\/javascript:Didomi.notice.show()\" class=\"consentModule_cmp\" target=\"_blank\" rel=\"noopener\">G\u00e9rer mes choix<\/a>&#13;\n        <\/p>\n<p>&#13;<br \/>\n                        J&rsquo;accepte&#13;<br \/>\n            J&rsquo;accepte tous les cookies&#13;\n        <\/p>\n<p>  La piste du diff\u00e9rend familial privil\u00e9gi\u00e9e<\/p>\n<p>D\u2019apr\u00e8s les renseignements du Dauphin\u00e9 Lib\u00e9r\u00e9 , un individu, suspect\u00e9 d\u2019\u00eatre l\u2019auteur des coups de couteau est actuellement recherch\u00e9 par la police. Une enqu\u00eate a \u00e9t\u00e9 ouverte, confi\u00e9e au service local de la police judiciaire (SLPJ) de Grenoble pour d\u00e9terminer les circonstances exactes de ces agressions. Selon une source proche de l\u2019enqu\u00eate, la piste du diff\u00e9rend familial est privil\u00e9gi\u00e9e.<\/p>\n","protected":false},"excerpt":{"rendered":"Deux personnes, deux jeunes hommes, ont re\u00e7u des coups de couteau dans la nuit du vendredi\u00a08 au samedi&hellip;\n","protected":false},"author":2,"featured_media":307727,"comment_status":"","ping_status":"","sticky":false,"template":"","format":"standard","meta":{"footnotes":""},"categories":[9566],"tags":[1111,11,2430,271,272,112,1777,674,274,107,9592,11680,1011,27,2731,108,12,25],"class_list":{"0":"post-307726","1":"post","2":"type-post","3":"status-publish","4":"format-standard","5":"has-post-thumbnail","7":"category-grenoble","8":"tag-actu","9":"tag-actualites","10":"tag-auvergne-rhone-alpes","11":"tag-crime","12":"tag-delit-et-contravention","13":"tag-edition-grenoble-agglomeration","14":"tag-eu","15":"tag-europe","16":"tag-faits-divers-justice","17":"tag-fil-info","18":"tag-fontaine","19":"tag-fontaine-bassin","20":"tag-fr","21":"tag-france","22":"tag-grenoble","23":"tag-isere","24":"tag-news","25":"tag-republique-francaise"},"share_on_mastodon":{"url":"https:\/\/pubeurope.com\/@fr\/114999869033039802","error":""},"_links":{"self":[{"href":"https:\/\/www.europesays.com\/fr\/wp-json\/wp\/v2\/posts\/307726","targetHints":{"allow":["GET"]}}],"collection":[{"href":"https:\/\/www.europesays.com\/fr\/wp-json\/wp\/v2\/posts"}],"about":[{"href":"https:\/\/www.europesays.com\/fr\/wp-json\/wp\/v2\/types\/post"}],"author":[{"embeddable":true,"href":"https:\/\/www.europesays.com\/fr\/wp-json\/wp\/v2\/users\/2"}],"replies":[{"embeddable":true,"href":"https:\/\/www.europesays.com\/fr\/wp-json\/wp\/v2\/comments?post=307726"}],"version-history":[{"count":0,"href":"https:\/\/www.europesays.com\/fr\/wp-json\/wp\/v2\/posts\/307726\/revisions"}],"wp:featuredmedia":[{"embeddable":true,"href":"https:\/\/www.europesays.com\/fr\/wp-json\/wp\/v2\/media\/307727"}],"wp:attachment":[{"href":"https:\/\/www.europesays.com\/fr\/wp-json\/wp\/v2\/media?parent=307726"}],"wp:term":[{"taxonomy":"category","embeddable":true,"href":"https:\/\/www.europesays.com\/fr\/wp-json\/wp\/v2\/categories?post=307726"},{"taxonomy":"post_tag","embeddable":true,"href":"https:\/\/www.europesays.com\/fr\/wp-json\/wp\/v2\/tags?post=307726"}],"curies":[{"name":"wp","href":"https:\/\/api.w.org\/{rel}","templated":true}]}}