{"id":307728,"date":"2025-08-09T16:58:18","date_gmt":"2025-08-09T16:58:18","guid":{"rendered":"https:\/\/www.europesays.com\/fr\/307728\/"},"modified":"2025-08-09T16:58:18","modified_gmt":"2025-08-09T16:58:18","slug":"un-exces-de-vitesse-de-pres-de-70-km-h-en-ille-et-vilaine-le-conducteur-arrete-par-les","status":"publish","type":"post","link":"https:\/\/www.europesays.com\/fr\/307728\/","title":{"rendered":"Un exc\u00e8s de vitesse de pr\u00e8s de 70\u00a0km\/h en Ille-et-Vilaine\u00a0: le conducteur arr\u00eat\u00e9 par les"},"content":{"rendered":"<p>Certains ne l\u00e8vent pas le pied, m\u00eame en plein mois d\u2019ao\u00fbt. Un homme \u00e2g\u00e9 d\u2019une trentaine d\u2019ann\u00e9es a \u00e9t\u00e9 arr\u00eat\u00e9 par les gendarmes de la brigade de Maen Roch alors qu\u2019il <a href=\"https:\/\/quimper.maville.com\/actu\/actudet_-face-a-une-hausse-des-grands-exces-de-vitesse-les-gendarmes-de-carhaix-vont-renforcer-les-controles-_6-6833489_actu.Htm\" rel=\"nofollow noopener\" target=\"_blank\">circulait \u00e0 grande vitesse<\/a> sur la D796, au niveau de Bazouges-la-P\u00e9rouse, dans le pays de Foug\u00e8res (Ille-et-Vilaine), mercredi 6\u00a0ao\u00fbt 2025.<\/p>\n<p>Les gendarmes l\u2019ont flash\u00e9 \u00e0 148\u00a0km\/h, sur <a href=\"https:\/\/redon.maville.com\/actu\/actudet_-il-est-controle-a-197-km-h-sur-une-route-departementale-d-ille-et-vilaine-_7-6601443_actu.Htm\" rel=\"nofollow noopener\" target=\"_blank\">une route o\u00f9 la vitesse est limit\u00e9e \u00e0 80\u00a0km\/h<\/a>, soit pr\u00e8s de 70\u00a0km\/h au-dessus de la limite. L\u2019homme, au volant d\u2019une Seat Ibiza, circulait en outre alors que son permis \u00e9tait annul\u00e9. Il a obtemp\u00e9r\u00e9 devant les gendarmes, qui l\u2019ont plac\u00e9 en garde \u00e0 vue.<\/p>\n<p>\t<img decoding=\"async\" src=\"https:\/\/www.europesays.com\/fr\/wp-content\/uploads\/2025\/08\/P35396795D6929074G_px_640_.jpg\" alt=\"photo la seat ibiza \u00e0 bord de laquelle circulait l\u2019homme arr\u00eat\u00e9.  \u00a9  gendarmerie nationale\" width=\"640\" title=\" La Seat Ibiza \u00e0 bord de laquelle circulait l\u2019homme arr\u00eat\u00e9.   Gendarmerie nationale \"\/><\/p>\n<p class=\"elmt-legende\"> La Seat Ibiza \u00e0 bord de laquelle circulait l\u2019homme arr\u00eat\u00e9.   Gendarmerie nationale <\/p>\n<p>Six mois de prison avec sursis<\/p>\n<p>Pr\u00e9sent\u00e9 jeudi au procureur, il a \u00e9t\u00e9 condamn\u00e9 lors de sa comparution sur reconnaissance pr\u00e9alable de culpabilit\u00e9 (CRPC) \u00e0 six mois de prison avec sursis probatoire. Il s\u2019est vu confisquer son v\u00e9hicule et a \u00e9cop\u00e9 d\u2019une amende de 250\u00a0\u20ac. Il devra \u00e9galement s\u2019acquitter du paiement des droits de proc\u00e9dure de 254\u00a0\u20ac.<\/p>\n<p>Pour le commandant de la brigade de gendarmerie de Vitr\u00e9 Nicolas Dinand, ce contr\u00f4le montre que les conducteurs doivent \u00eatre vigilants. <strong>\u00ab\u00a0Je veux souligner l\u2019action des gendarmes de la brigade de Maen Roch,<\/strong> salue-t-il. <strong>Mais il faut rappeler qu\u2019il faut faire preuve de la plus grande prudence pendant l\u2019\u00e9t\u00e9 sur les routes, car il y a beaucoup de chass\u00e9s-crois\u00e9s. Les gendarmes sont pr\u00e9sents, de jour comme de nuit.\u00a0\u00bb<\/strong><\/p>\n<p>\u00a0<\/p>\n","protected":false},"excerpt":{"rendered":"Certains ne l\u00e8vent pas le pied, m\u00eame en plein mois d\u2019ao\u00fbt. Un homme \u00e2g\u00e9 d\u2019une trentaine d\u2019ann\u00e9es a&hellip;\n","protected":false},"author":2,"featured_media":307729,"comment_status":"","ping_status":"","sticky":false,"template":"","format":"standard","meta":{"footnotes":""},"categories":[2821],"tags":[8642,1111,11,11354,829,8057,1777,674,7077,1011,27,13369,848,17714,12,3762,3086,584,25,6956],"class_list":{"0":"post-307728","1":"post","2":"type-post","3":"status-publish","4":"format-standard","5":"has-post-thumbnail","7":"category-rennes","8":"tag-8642","9":"tag-actu","10":"tag-actualites","11":"tag-arrete","12":"tag-bretagne","13":"tag-conducteur","14":"tag-eu","15":"tag-europe","16":"tag-exces","17":"tag-fr","18":"tag-france","19":"tag-gendarmes","20":"tag-ille-et-vilaine","21":"tag-km","22":"tag-news","23":"tag-pres","24":"tag-redon","25":"tag-rennes","26":"tag-republique-francaise","27":"tag-vitesse"},"share_on_mastodon":{"url":"https:\/\/pubeurope.com\/@fr\/114999872968927410","error":""},"_links":{"self":[{"href":"https:\/\/www.europesays.com\/fr\/wp-json\/wp\/v2\/posts\/307728","targetHints":{"allow":["GET"]}}],"collection":[{"href":"https:\/\/www.europesays.com\/fr\/wp-json\/wp\/v2\/posts"}],"about":[{"href":"https:\/\/www.europesays.com\/fr\/wp-json\/wp\/v2\/types\/post"}],"author":[{"embeddable":true,"href":"https:\/\/www.europesays.com\/fr\/wp-json\/wp\/v2\/users\/2"}],"replies":[{"embeddable":true,"href":"https:\/\/www.europesays.com\/fr\/wp-json\/wp\/v2\/comments?post=307728"}],"version-history":[{"count":0,"href":"https:\/\/www.europesays.com\/fr\/wp-json\/wp\/v2\/posts\/307728\/revisions"}],"wp:featuredmedia":[{"embeddable":true,"href":"https:\/\/www.europesays.com\/fr\/wp-json\/wp\/v2\/media\/307729"}],"wp:attachment":[{"href":"https:\/\/www.europesays.com\/fr\/wp-json\/wp\/v2\/media?parent=307728"}],"wp:term":[{"taxonomy":"category","embeddable":true,"href":"https:\/\/www.europesays.com\/fr\/wp-json\/wp\/v2\/categories?post=307728"},{"taxonomy":"post_tag","embeddable":true,"href":"https:\/\/www.europesays.com\/fr\/wp-json\/wp\/v2\/tags?post=307728"}],"curies":[{"name":"wp","href":"https:\/\/api.w.org\/{rel}","templated":true}]}}