{"id":307730,"date":"2025-08-09T16:59:37","date_gmt":"2025-08-09T16:59:37","guid":{"rendered":"https:\/\/www.europesays.com\/fr\/307730\/"},"modified":"2025-08-09T16:59:37","modified_gmt":"2025-08-09T16:59:37","slug":"dieudonne-accueilli-pour-un-spectacle-pres-de-rennes-malgre-linterdiction-de-la-prefecture","status":"publish","type":"post","link":"https:\/\/www.europesays.com\/fr\/307730\/","title":{"rendered":"Dieudonn\u00e9 accueilli pour un spectacle pr\u00e8s de Rennes, malgr\u00e9 l&rsquo;interdiction de la pr\u00e9fecture"},"content":{"rendered":"<p>L&rsquo;humoriste Dieudonn\u00e9 s&rsquo;est produit devant 150 personnes, chez un habitant de Sens-de-Bretagne (Ille-et-Vilaine) ce vendredi 8 ao\u00fbt 2025, malgr\u00e9 l&rsquo;arr\u00eat\u00e9 d&rsquo;interdiction pris la veille par le pr\u00e9fet. <\/p>\n<p>Le lieu a \u00e9t\u00e9 tenu secret jusqu&rsquo;au bout. C&rsquo;est <strong>dans la cour de la maison d&rsquo;un particulier, \u00e0 Sens-de-Bretagne, \u00e0 40 kilom\u00e8tres au nord de Rennes, que Dieudonn\u00e9 a jou\u00e9 son spectacle<\/strong> vendredi, selon une information du\u00a0<a target=\"_blank\" rel=\"nofollow noopener noreferrer\" class=\"IciLink ici-link IciArticleLink g-ici-body-regular-1 underline brand svelte-lu7k6w\" href=\"https:\/\/www.letelegramme.fr\/ille-et-vilaine\/rennes-35000\/malgre-linterdiction-de-son-spectacle-par-la-prefecture-dille-et-vilaine-dieudonne-est-monte-sur-scene-6868956.php\">T\u00e9l\u00e9gramme<\/a>, confirm\u00e9e par ICI Armorique. Le com\u00e9dien avait annonc\u00e9 sur son site Dieudosph\u00e8re.com qu&rsquo;il se produirait \u00ab\u00a0pr\u00e8s de Rennes\u00a0\u00bb, sans pr\u00e9ciser l&rsquo;adresse, pour rester en dehors des radars.<\/p>\n<p>\u00ab\u00a0Outrageux, haineux, conspirationnistes, homophobes, transphobes et antis\u00e9mites\u00a0\u00bb<\/p>\n<p>Ce vendredi 8 ao\u00fbt, \u00e0 partir de 19 heures, 150 personnes se sont rendues dans cette maison priv\u00e9e pour assister au spectacle \u00ab\u00a0Istanbul\u00a0\u00bb de l&rsquo;humoriste, <strong>condamn\u00e9 plusieurs fois pour injures raciales et antis\u00e9mitisme<\/strong>. Son pr\u00e9c\u00e9dent spectacle \u00ab\u00a0Vendredi 13\u00a0\u00bb contenait des propos \u00ab\u00a0outrageux, haineux, conspirationnistes, homophobes, transphobes et antis\u00e9mites\u00a0\u00bb, d\u00e9taille la pr\u00e9fecture d&rsquo;Ille-et-Vilaine\u00a0dans son arr\u00eat\u00e9 d&rsquo;interdiction, que s&rsquo;est procur\u00e9 ICI Armorique. Dans ses conditions, les autorit\u00e9s ont interdit le 7 ao\u00fbt dernier le spectacle,\u00a0\u00e9voquant un <strong>\u00ab\u00a0risque de trouble \u00e0 l&rsquo;ordre public\u00a0\u00bb<\/strong>, une <strong>\u00ab\u00a0radicalisation d&rsquo;une partie de la population dans un cadre de mont\u00e9e d&rsquo;antis\u00e9mitisme\u00a0\u00bb<\/strong> et des <strong>\u00ab\u00a0propos pouvant porter atteinte \u00e0 la dignit\u00e9 de la personnes humaine.\u00a0\u00bb<\/strong><\/p>\n<p>Malgr\u00e9 cette interdiction, <strong>la premi\u00e8re partie a \u00e9t\u00e9 anim\u00e9e par le chanteur Francis Lalanne<\/strong>. Dieudonn\u00e9 s&rsquo;est ensuite produit en duo avec l&rsquo;humoriste Djamel Kaibou. Puis, il a poursuivi son spectacle tout seul. Il s&rsquo;est termin\u00e9 \u00e0 22h30, nous indique la gendarmerie. Les forces de l&rsquo;ordre ne sont pas intervenus sur place, car le spectacle s&rsquo;est produit chez un particulier. Questionn\u00e9e au sujet des poursuites p\u00e9nales, la pr\u00e9fecture d&rsquo;Ille-et-Vilaine n&rsquo;a pas souhait\u00e9 r\u00e9pondre \u00e0 nos sollicitations.<\/p>\n<p>Cet \u00e9v\u00e8nement risque de se reproduire d\u00e8s ce samedi, parce que l&rsquo;humoriste a annonc\u00e9 se produire \u00ab\u00a0\u00e0 30 kilom\u00e8tres de Lorient\u00a0\u00bb.\u00a0Les pr\u00e9fets des d\u00e9partements du Finist\u00e8re et du Morbihan ont aussi pris un arr\u00eat\u00e9 mardi dernier pour interdire le spectacle de Dieudonn\u00e9.<\/p>\n<p>Pas d&rsquo;intervention des gendarmes<\/p>\n<p><strong>L&rsquo;ann\u00e9e derni\u00e8re, Dieudonn\u00e9 a \u00e9cop\u00e9 d&rsquo;une amende de 8.000 euros<\/strong>, apr\u00e8s s&rsquo;\u00eatre produit dans un ch\u00e2teau proche de Rennes (Ille-et-Vilaine), sans annoncer aux propri\u00e9taires qu&rsquo;il venait pour y jouer son spectacle. Le tribunal correctionnel de Rennes avait estim\u00e9 qu&rsquo;il s&rsquo;agissait l\u00e0 d&rsquo;une \u00ab\u00a0escroquerie\u00a0\u00bb.<\/p>\n","protected":false},"excerpt":{"rendered":"L&rsquo;humoriste Dieudonn\u00e9 s&rsquo;est produit devant 150 personnes, chez un habitant de Sens-de-Bretagne (Ille-et-Vilaine) ce vendredi 8 ao\u00fbt 2025,&hellip;\n","protected":false},"author":2,"featured_media":307731,"comment_status":"","ping_status":"","sticky":false,"template":"","format":"standard","meta":{"footnotes":""},"categories":[2821],"tags":[1111,11,829,1777,674,1011,27,12,584,25],"class_list":{"0":"post-307730","1":"post","2":"type-post","3":"status-publish","4":"format-standard","5":"has-post-thumbnail","7":"category-rennes","8":"tag-actu","9":"tag-actualites","10":"tag-bretagne","11":"tag-eu","12":"tag-europe","13":"tag-fr","14":"tag-france","15":"tag-news","16":"tag-rennes","17":"tag-republique-francaise"},"share_on_mastodon":{"url":"https:\/\/pubeurope.com\/@fr\/114999877009867307","error":""},"_links":{"self":[{"href":"https:\/\/www.europesays.com\/fr\/wp-json\/wp\/v2\/posts\/307730","targetHints":{"allow":["GET"]}}],"collection":[{"href":"https:\/\/www.europesays.com\/fr\/wp-json\/wp\/v2\/posts"}],"about":[{"href":"https:\/\/www.europesays.com\/fr\/wp-json\/wp\/v2\/types\/post"}],"author":[{"embeddable":true,"href":"https:\/\/www.europesays.com\/fr\/wp-json\/wp\/v2\/users\/2"}],"replies":[{"embeddable":true,"href":"https:\/\/www.europesays.com\/fr\/wp-json\/wp\/v2\/comments?post=307730"}],"version-history":[{"count":0,"href":"https:\/\/www.europesays.com\/fr\/wp-json\/wp\/v2\/posts\/307730\/revisions"}],"wp:featuredmedia":[{"embeddable":true,"href":"https:\/\/www.europesays.com\/fr\/wp-json\/wp\/v2\/media\/307731"}],"wp:attachment":[{"href":"https:\/\/www.europesays.com\/fr\/wp-json\/wp\/v2\/media?parent=307730"}],"wp:term":[{"taxonomy":"category","embeddable":true,"href":"https:\/\/www.europesays.com\/fr\/wp-json\/wp\/v2\/categories?post=307730"},{"taxonomy":"post_tag","embeddable":true,"href":"https:\/\/www.europesays.com\/fr\/wp-json\/wp\/v2\/tags?post=307730"}],"curies":[{"name":"wp","href":"https:\/\/api.w.org\/{rel}","templated":true}]}}