{"id":307732,"date":"2025-08-09T17:00:19","date_gmt":"2025-08-09T17:00:19","guid":{"rendered":"https:\/\/www.europesays.com\/fr\/307732\/"},"modified":"2025-08-09T17:00:19","modified_gmt":"2025-08-09T17:00:19","slug":"cet-ete-un-alsacien-propose-des-balades-astronomiques-de-nuit","status":"publish","type":"post","link":"https:\/\/www.europesays.com\/fr\/307732\/","title":{"rendered":"cet \u00e9t\u00e9, un Alsacien propose des balades astronomiques de nuit"},"content":{"rendered":"<p>    <img loading=\"lazy\" width=\"1800\" height=\"900\" src=\"https:\/\/www.europesays.com\/fr\/wp-content\/uploads\/2025\/04\/jeanne-callthepolice.jpg\" class=\"attachment-full size-full\" alt=\"\" id=\"imageLove\" decoding=\"async\"  \/><\/p>\n<p id=\"breadcrumbs\"><a href=\"https:\/\/pokaa.fr\/\" rel=\"nofollow noopener\" target=\"_blank\">Accueil<\/a> \/ <a href=\"https:\/\/pokaa.fr\/categories\/ses-sorties\/\" rel=\"nofollow noopener\" target=\"_blank\">Sorties<\/a> \/ La t\u00eate dans les \u00e9toiles : cet \u00e9t\u00e9, un Alsacien propose des balades astronomiques de nuit<\/p>\n<p>                    Sorties<\/p>\n<p><b>Alors que les temp\u00e9ratures ont bien grimp\u00e9 cette semaine \u00e0 Strasbourg, on peut avoir l\u2019envie de se mettre au frais, et au vert. Et pourquoi pas d\u00e9couvrir le ciel \u00e9toil\u00e9 en montagne, lors d\u2019une balade astronomique propos\u00e9e par Joseph, dans la vall\u00e9e de Munster ? Portrait d\u2019un guide passionn\u00e9 d\u2019astronomie, de VTT et d\u2019accord\u00e9on, qui propose de (re)d\u00e9couvrir tout ce qu\u2019il y a de plus beau dans notre r\u00e9gion.<\/b><\/p>\n<p>Une balade la t\u00eate dans les \u00e9toiles, c\u2019est par o\u00f9 ? <a href=\"https:\/\/www.sepparla.com\/\" target=\"_blank\" rel=\"noopener nofollow\">Il semblerait que \u00ab Sepparla \u00bb<\/a>. Petit jeu de mots autour de \u00ab Seppala \u00bb, signifiant petit Joseph en alsacien, c\u2019est le nom de l\u2019entreprise de Joseph, <b>un passionn\u00e9 aux multiples facettes, entre accompagnateur en montagne, moniteur VTT, accord\u00e9oniste et fan d\u2019astronomie<\/b>.<\/p>\n<blockquote><p>\n        La randonn\u00e9e c\u2019est un super support pour faire plein de choses autour.    <\/p><\/blockquote>\n<p>            Joseph, organisateur des balades astronomiques <\/p>\n<p>    <img width=\"575\" height=\"600\" src=\"https:\/\/www.europesays.com\/fr\/wp-content\/uploads\/2025\/08\/capture-decran-2025-08-08-a-102351-575x600.png\" class=\"attachment-image-size-M size-image-size-M\" alt=\"joseph sepparla\" decoding=\"async\" loading=\"lazy\"  \/>         \u00a9 Sepparla \/ Document remis <\/p>\n<p>Apr\u00e8s plusieurs ann\u00e9es \u00e0 travailler en station dans les Alpes savoyardes, <b>l\u2019Alsacien de naissance d\u00e9cide de revenir en 2021 dans sa vall\u00e9e natale, celle de Munster<\/b>. Quittant un univers \u00ab\u00a0beaucoup tourn\u00e9 vers le business\u00a0\u00bb, il d\u00e9cide de se lancer \u00e0 son compte dans la \u00ab\u00a0terre de montagne\u00a0\u00bb qu\u2019est l\u2019Alsace.<\/p>\n<p><a href=\"https:\/\/www.sepparla.com\/sorties-%C3%A9t%C3%A9\" target=\"_blank\" rel=\"noopener nofollow\">Et s\u2019il propose cet \u00e9t\u00e9<\/a>, <a href=\"https:\/\/www.sepparla.com\/sorties-hiver\" target=\"_blank\" rel=\"noopener nofollow\">et toute l\u2019ann\u00e9e<\/a>, des exp\u00e9riences diverses et vari\u00e9es telles que des randonn\u00e9es, des fermes-auberges et accord\u00e9on, des randonn\u00e9es et braseros ou des cani-randos, il n\u2019oublie jamais une de ses grandes passions : l\u2019astronomie.<\/p>\n<p>                <img width=\"750\" height=\"500\" src=\"https:\/\/www.europesays.com\/fr\/wp-content\/uploads\/2025\/08\/unnamed-750x500.jpg\" class=\"attachment-gallery size-gallery\" alt=\"balade astronomique\" data-full-url=\"https:\/\/pokaa.fr\/wp-content\/uploads\/2025\/08\/08\/unnamed.jpg\" decoding=\"async\" loading=\"lazy\"  \/>            <\/p>\n<p>                <img width=\"750\" height=\"500\" src=\"https:\/\/www.europesays.com\/fr\/wp-content\/uploads\/2025\/08\/unnamed-1-750x500.jpg\" class=\"attachment-gallery size-gallery\" alt=\"balade astronomique\" data-full-url=\"https:\/\/pokaa.fr\/wp-content\/uploads\/2025\/08\/08\/unnamed-1.jpg\" decoding=\"async\" loading=\"lazy\"  \/>            <\/p>\n<p>                    \u00a9 Julien Leroy \/ Documents remis<\/p>\n<p>Des balades astronomiques la t\u00eate tourn\u00e9e vers les \u00e9toiles<\/p>\n<p class=\"p1\">Depuis 2021 et son retour dans la vall\u00e9e de Munster, Joseph propose ses randos de nuit. Une id\u00e9e qui lui est venue de sa passion des \u00e9toiles : \u00ab\u00a0Quand je faisais des observations au t\u00e9lescope, \u00e7a me d\u00e9cevait. On ne voyait pas grand-chose, il fallait le calibrer toutes les deux minutes et beaucoup de logistique. <b>Par contre, j\u2019ai toujours ador\u00e9 la partie sur les balades en parlant des \u00e9toiles et en les regardant<\/b>. \u00bb <\/p>\n<p class=\"p1\">Joseph s\u2019est alors form\u00e9, et a d\u00e9cid\u00e9 d\u2019axer ses randonn\u00e9es nocturnes sur la beaut\u00e9 du ciel : \u00ab\u00a0Je voulais \u00e0 la fois le c\u00f4t\u00e9 scientifique, mais sans non plus trop \u00eatre dans l\u2019hyper d\u00e9tail : <b>je voulais permettre \u00e0 chacun d\u2019apprendre \u00e0 reconna\u00eetre certaines constellations, mais aussi d\u2019avoir quelques histoires et l\u00e9gendes \u00e0 raconter sur le ciel<\/b>.\u00a0\u00bb<\/p>\n<blockquote><p>\n        On a un patrimoine naturel incroyable, mais au-dessus de notre t\u00eate on a oubli\u00e9 de le regarder, alors qu\u2019il est universel.    <\/p><\/blockquote>\n<p>            Joseph, organisateur des balades astronomiques <\/p>\n<p>                <img width=\"749\" height=\"500\" src=\"https:\/\/www.europesays.com\/fr\/wp-content\/uploads\/2025\/08\/unnamed-2-749x500.jpg\" class=\"attachment-gallery size-gallery\" alt=\"balade astronomique\" data-full-url=\"https:\/\/pokaa.fr\/wp-content\/uploads\/2025\/08\/08\/unnamed-2.jpg\" decoding=\"async\" loading=\"lazy\"  \/>            <\/p>\n<p>                <img width=\"749\" height=\"500\" src=\"https:\/\/www.europesays.com\/fr\/wp-content\/uploads\/2025\/08\/unnamed-3-749x500.jpg\" class=\"attachment-gallery size-gallery\" alt=\"balade astronomique\" data-full-url=\"https:\/\/pokaa.fr\/wp-content\/uploads\/2025\/08\/08\/unnamed-3.jpg\" decoding=\"async\" loading=\"lazy\"  \/>            <\/p>\n<p>                    \u00a9 Office de tourisme de la Vall\u00e9e de Munster \/ Documents remis<\/p>\n<p class=\"p1\">Plus une balade qu\u2019une randonn\u00e9e, le circuit fait \u00e0 peu pr\u00e8s 2 km. <b>Le d\u00e9part est donn\u00e9 \u00e0 900 m\u00e8tres d\u2019altitude, au niveau du col du Wettstein au-dessus du village de Soultzeren<\/b>. Pour les plus gourmand(e)s, il y a la possibilit\u00e9 de d\u00eener \u00e0 la ferme-auberge du Glasborn avant la sortie, bien que ce ne soit pas compris dans le tarif.<\/p>\n<p class=\"p1\"><b>Lorsque le soleil s\u2019est couch\u00e9 mais qu\u2019il ne fait pas encore nuit, on traverse la for\u00eat pour laisser l\u2019oeil s\u2019habituer \u00e0 la progressive obscurit\u00e9, avant d\u2019atteindre une prairie d\u2019altitude pour d\u00e9couvrir les secrets du ciel \u00e9toil\u00e9<\/b>. Frontales, tabourets et couvertures sont fournis, et l\u2019explication commence ensuite, notamment avec un laser pour pointer les \u00e9toiles et savoir de quoi on parle.<\/p>\n<p class=\"p1\">Pour ne rien g\u00e2cher, une petite boisson chaude est offerte. Une sortie d\u2019environ 2h30 la t\u00eate dans les \u00e9toiles, <strong><a href=\"https:\/\/www.sepparla.com\/balade-astronomique\" target=\"_blank\" rel=\"noopener nofollow\">et vous pouvez trouver les prochaines balades ici<\/a><\/strong>. Il en reste encore 6 jusqu\u2019\u00e0 la fin du mois de septembre.<\/p>\n","protected":false},"excerpt":{"rendered":"Accueil \/ Sorties \/ La t\u00eate dans les \u00e9toiles : cet \u00e9t\u00e9, un Alsacien propose des balades astronomiques&hellip;\n","protected":false},"author":2,"featured_media":307733,"comment_status":"","ping_status":"","sticky":false,"template":"","format":"standard","meta":{"footnotes":""},"categories":[2820],"tags":[1111,11,44806,7552,6458,1777,674,1011,27,775,12,25,640],"class_list":{"0":"post-307732","1":"post","2":"type-post","3":"status-publish","4":"format-standard","5":"has-post-thumbnail","7":"category-strasbourg","8":"tag-actu","9":"tag-actualites","10":"tag-astronomique","11":"tag-balade","12":"tag-etoiles","13":"tag-eu","14":"tag-europe","15":"tag-fr","16":"tag-france","17":"tag-grand-est","18":"tag-news","19":"tag-republique-francaise","20":"tag-strasbourg"},"share_on_mastodon":{"url":"https:\/\/pubeurope.com\/@fr\/114999880966373225","error":""},"_links":{"self":[{"href":"https:\/\/www.europesays.com\/fr\/wp-json\/wp\/v2\/posts\/307732","targetHints":{"allow":["GET"]}}],"collection":[{"href":"https:\/\/www.europesays.com\/fr\/wp-json\/wp\/v2\/posts"}],"about":[{"href":"https:\/\/www.europesays.com\/fr\/wp-json\/wp\/v2\/types\/post"}],"author":[{"embeddable":true,"href":"https:\/\/www.europesays.com\/fr\/wp-json\/wp\/v2\/users\/2"}],"replies":[{"embeddable":true,"href":"https:\/\/www.europesays.com\/fr\/wp-json\/wp\/v2\/comments?post=307732"}],"version-history":[{"count":0,"href":"https:\/\/www.europesays.com\/fr\/wp-json\/wp\/v2\/posts\/307732\/revisions"}],"wp:featuredmedia":[{"embeddable":true,"href":"https:\/\/www.europesays.com\/fr\/wp-json\/wp\/v2\/media\/307733"}],"wp:attachment":[{"href":"https:\/\/www.europesays.com\/fr\/wp-json\/wp\/v2\/media?parent=307732"}],"wp:term":[{"taxonomy":"category","embeddable":true,"href":"https:\/\/www.europesays.com\/fr\/wp-json\/wp\/v2\/categories?post=307732"},{"taxonomy":"post_tag","embeddable":true,"href":"https:\/\/www.europesays.com\/fr\/wp-json\/wp\/v2\/tags?post=307732"}],"curies":[{"name":"wp","href":"https:\/\/api.w.org\/{rel}","templated":true}]}}