{"id":307734,"date":"2025-08-09T17:01:11","date_gmt":"2025-08-09T17:01:11","guid":{"rendered":"https:\/\/www.europesays.com\/fr\/307734\/"},"modified":"2025-08-09T17:01:11","modified_gmt":"2025-08-09T17:01:11","slug":"strasbourg-pression-projet-de-demolition-la-piquante-situation-de-la-rue-des-abeilles","status":"publish","type":"post","link":"https:\/\/www.europesays.com\/fr\/307734\/","title":{"rendered":"Strasbourg. Pression, projet de d\u00e9molition\u2026 la piquante situation de la rue des Abeilles"},"content":{"rendered":"<p>Le vieux panneau rouge et blanc est assombri par la crasse, mais on lit encore clairement\u00a0: \u00ab\u00a0Interdit &#8211; Voie priv\u00e9e &#8211; Sauf desserte des riverains\u00a0\u00bb. La rue des Abeilles est l\u2019une des rares \u00e0 Strasbourg \u00e0 \u00eatre\u00a0la propri\u00e9t\u00e9 exclusive des propri\u00e9taires des habitations qui la jouxtent. Seuls les riverains peuvent th\u00e9oriquement l\u2019emprunter, m\u00eame si elle a l\u2019apparence d\u2019une ruelle habituelle avec ses petits num\u00e9ros, son panneau de d\u00e9nomination et son bitume. Un statut h\u00e9rit\u00e9 du pass\u00e9 brassicole du quartier, les maisons ouvri\u00e8res appartenant aux brasseries pour y loger leurs salari\u00e9s. Charles Lorentz habite l\u2019une d\u2019elles depuis pr\u00e8s de 60 ans, construite \u00e0 la fin du XIX e \u00a0si\u00e8cle. \u00ab\u00a0Ici c\u2019est notre rue, j\u2019ai fait moi-m\u00eame l\u2019enrob\u00e9\u00a0!\u00a0\u00bb explique-t-il.<\/p>\n<p>Mais la petite rue au charme surann\u00e9 a perdu de sa paisibilit\u00e9 au fil des ann\u00e9es. La Ville y a pr\u00e9empt\u00e9\u00a0cinq terrains depuis 1960, laiss\u00e9s en friche avec le temps\u00a0: \u00ab\u00a0Plusieurs sont \u00e0 l\u2019abandon, jonch\u00e9s de d\u00e9chets, de cartouches de protoxyde&#8230;<\/p>\n","protected":false},"excerpt":{"rendered":"Le vieux panneau rouge et blanc est assombri par la crasse, mais on lit encore clairement\u00a0: \u00ab\u00a0Interdit &#8211;&hellip;\n","protected":false},"author":2,"featured_media":307735,"comment_status":"","ping_status":"","sticky":false,"template":"","format":"standard","meta":{"footnotes":""},"categories":[2820],"tags":[1111,11,2880,1777,674,107,1011,27,775,1908,12,316,25,104,640,2879],"class_list":{"0":"post-307734","1":"post","2":"type-post","3":"status-publish","4":"format-standard","5":"has-post-thumbnail","7":"category-strasbourg","8":"tag-actu","9":"tag-actualites","10":"tag-edition-strasbourg","11":"tag-eu","12":"tag-europe","13":"tag-fil-info","14":"tag-fr","15":"tag-france","16":"tag-grand-est","17":"tag-logement","18":"tag-news","19":"tag-politique","20":"tag-republique-francaise","21":"tag-societe","22":"tag-strasbourg","23":"tag-strasbourg-ville"},"share_on_mastodon":{"url":"https:\/\/pubeurope.com\/@fr\/114999884734185977","error":""},"_links":{"self":[{"href":"https:\/\/www.europesays.com\/fr\/wp-json\/wp\/v2\/posts\/307734","targetHints":{"allow":["GET"]}}],"collection":[{"href":"https:\/\/www.europesays.com\/fr\/wp-json\/wp\/v2\/posts"}],"about":[{"href":"https:\/\/www.europesays.com\/fr\/wp-json\/wp\/v2\/types\/post"}],"author":[{"embeddable":true,"href":"https:\/\/www.europesays.com\/fr\/wp-json\/wp\/v2\/users\/2"}],"replies":[{"embeddable":true,"href":"https:\/\/www.europesays.com\/fr\/wp-json\/wp\/v2\/comments?post=307734"}],"version-history":[{"count":0,"href":"https:\/\/www.europesays.com\/fr\/wp-json\/wp\/v2\/posts\/307734\/revisions"}],"wp:featuredmedia":[{"embeddable":true,"href":"https:\/\/www.europesays.com\/fr\/wp-json\/wp\/v2\/media\/307735"}],"wp:attachment":[{"href":"https:\/\/www.europesays.com\/fr\/wp-json\/wp\/v2\/media?parent=307734"}],"wp:term":[{"taxonomy":"category","embeddable":true,"href":"https:\/\/www.europesays.com\/fr\/wp-json\/wp\/v2\/categories?post=307734"},{"taxonomy":"post_tag","embeddable":true,"href":"https:\/\/www.europesays.com\/fr\/wp-json\/wp\/v2\/tags?post=307734"}],"curies":[{"name":"wp","href":"https:\/\/api.w.org\/{rel}","templated":true}]}}