{"id":307736,"date":"2025-08-09T17:02:11","date_gmt":"2025-08-09T17:02:11","guid":{"rendered":"https:\/\/www.europesays.com\/fr\/307736\/"},"modified":"2025-08-09T17:02:11","modified_gmt":"2025-08-09T17:02:11","slug":"canicule-la-vague-de-chaleur-accable-le-sud-de-la-france-les-temperatures-minimales-elevees-relevees-a-nice","status":"publish","type":"post","link":"https:\/\/www.europesays.com\/fr\/307736\/","title":{"rendered":"Canicule: la vague de chaleur accable le sud de la France, les temp\u00e9ratures minimales \u00e9lev\u00e9es relev\u00e9es \u00e0 Nice"},"content":{"rendered":"<p>De la Dordogne \u00e0 la Haute-Savoie en passant par le Cantal et la Dr\u00f4me, <strong>une vaste partie sud du pays va conna\u00eetre un week-end marqu\u00e9 par des temp\u00e9ratures comprises entre 34\u00b0C et 40\u00b0C<\/strong>, et qui pourront atteindre les 41\u00b0C du pied des C\u00e9vennes \u00e0 la basse vall\u00e9e du Rh\u00f4ne, selon M\u00e9t\u00e9o-France.<\/p>\n<p>Samedi matin, les temp\u00e9ratures minimales ont souvent d\u00e9pass\u00e9 les 20 \u00b0C dans le sud, avec par exemple <strong>24,4 \u00b0C \u00e0 Nice<\/strong>, ou 23 \u00b0C au Tech (Pyr\u00e9n\u00e9es-Orientales), a indiqu\u00e9 l&rsquo;institution.<\/p>\n<p>Dimanche, \u00ab\u00a0la chaleur va encore monter d&rsquo;un cran dans le sud\u00a0\u00bb et l&rsquo;alerte sera \u00e9tendue \u00e0 la quasi-totalit\u00e9 de la moiti\u00e9 sud du pays, avec <strong>40 d\u00e9partements hors Corse en vigilance orange canicule, \u00e0 ce stade jusqu&rsquo;\u00e0 minuit<\/strong>, selon M\u00e9t\u00e9o-France.<\/p>\n<p>Quant \u00e0 la journ\u00e9e de lundi, elle se caract\u00e9risera par une \u00ab\u00a0remont\u00e9e d?une masse d?air extr\u00eamement chaud sur une large partie du pays\u00a0\u00bb, y compris au nord de la Loire, et sera sans doute \u00ab\u00a0la plus chaude \u00e0 l&rsquo;\u00e9chelle nationale\u00a0\u00bb, a indiqu\u00e9 le pr\u00e9visionniste.<\/p>\n<p>Face \u00e0 ces circonstances, \u00ab\u00a0prot\u00e9gez-vous\u00a0\u00bb, insiste M\u00e9t\u00e9o-France, appelant chacun \u00e0 rester au frais, privil\u00e9gier \u00ab\u00a0les activit\u00e9s douces et sans effort\u00a0\u00bb ou encore \u00ab\u00a0prendre des nouvelles de vos proches et des plus fragiles\u00a0\u00bb.<\/p>\n<p> Journ\u00e9e \u00ab\u00a0p\u00e9nible\u00a0\u00bb <\/p>\n<p>Pour se rafra\u00eechir, les estivants sont quant \u00e0 eux tr\u00e8s nombreux au bord de l&rsquo;eau ou en montagne, tandis que d&rsquo;autres cherchent des alternatives, y compris sous terre.<\/p>\n<p>En Dordogne, o\u00f9 l&rsquo;on attend des pics \u00e0 38\u00b0C samedi apr\u00e8s-midi, la grotte de Villars, orn\u00e9e de peintures pr\u00e9historiques vieilles de 20.000 ans, devrait ainsi faire le plein de visiteurs tout le week-end. \u00ab\u00a0C&rsquo;est simple : on a syst\u00e9matiquement des pics de visites quand il pleut, pour se mettre \u00e0 l?abri, et quand il fait trop chaud, pour se rafra\u00eechir. Habituellement c&rsquo;est plus calme les samedis en ao\u00fbt, mais l\u00e0 on part sur une grosse journ\u00e9e\u00a0\u00bb, raconte l?un de ses g\u00e9rants, Benoit Birckel, \u00e0 l&rsquo;accueil du site situ\u00e9 \u00e0 40 km au nord de P\u00e9rigueux et dont les galeries affichent une temp\u00e9rature stable autour de 13\u00b0C, quelle que soit la saison.<\/p>\n<p>Mais pour Oph\u00e9lie et Aurore, deux jeunes femmes dans la vingtaine qui travaillent dans un magasin d&rsquo;alimentation du centre de Grenoble, la journ\u00e9e s&rsquo;annonce \u00ab\u00a0p\u00e9nible\u00a0\u00bb car \u00ab\u00a0il fait souvent plus chaud dans le magasin que dehors\u00a0\u00bb.<\/p>\n<p>\u00ab\u00a0Et encore, \u00e7a va par rapport aux ann\u00e9es d&rsquo;avant, parce qu&rsquo;on a de petites clims dans le fond du magasin\u00a0\u00bb, disent-elles \u00e0 l&rsquo;AFP. Pas de r\u00e9pit lorsqu&rsquo;elles rentreront chez elles, leurs appartements \u00e9tant \u00ab\u00a0mal isol\u00e9s\u00a0\u00bb. \u00ab\u00a0On vit dans le noir, on a chaud, avec le ventilateur allum\u00e9\u00a0\u00bb, souligne Oph\u00e9lie.<\/p>\n<p> La 51e depuis 1947 <\/p>\n<p>Apr\u00e8s une premi\u00e8re vague de chaleur du 19 juin au 4 juillet, cet \u00e9pisode constitue la<strong> 51e vague de chaleur enregistr\u00e9e en France depuis 1947.<\/strong><\/p>\n<p>\u00ab\u00a0On note une acc\u00e9l\u00e9ration de la survenue des vagues de chaleur au fil du temps. Cette tendance est bien li\u00e9e au changement climatique, qui a un impact fort sur les temp\u00e9ratures en France hexagonale\u00a0\u00bb, a d\u00e9clar\u00e9 \u00e0 l&rsquo;AFP Lauriane Batt\u00e9, climatologue \u00e0 M\u00e9t\u00e9o-France.<\/p>\n<p>L&rsquo;\u00e9pisode s&rsquo;accompagne d&rsquo;un danger \u00ab\u00a0\u00e9lev\u00e9\u00a0\u00bb de feux de for\u00eat sur le pourtour m\u00e9diterran\u00e9en, alors que l&rsquo;incendie qui a parcouru 16.000 hectares dans le massif des Corbi\u00e8res et mobilise toujours 1.400 pompiers samedi ne pourra pas \u00eatre sous contr\u00f4le avant dimanche en fin de journ\u00e9e, selon les pompiers.<\/p>\n<p>Il co\u00efncide en outre avec un week-end \u00ab\u00a0difficile\u00a0\u00bb de chass\u00e9-crois\u00e9 entre automobilistes. La journ\u00e9e de samedi, class\u00e9e orange au niveau national dans les deux sens et annonc\u00e9e comme la plus charg\u00e9e, a tenu ses promesses avec un pic de presque 1.240 km de bouchons atteint peu avant midi, au-del\u00e0 des niveaux d\u00e9j\u00e0 consid\u00e9r\u00e9s comme \u00ab\u00a0exceptionnels\u00a0\u00bb par Bison Fut\u00e9. Les axes les plus touch\u00e9s sont l&rsquo;A9 et l&rsquo;A7, selon la m\u00eame source.<\/p>\n<p>La SNCF a de son c\u00f4t\u00e9 indiqu\u00e9 avoir supprim\u00e9 plusieurs allers-retours sur les lignes Bordeaux-Marseille et Paris-Clermont afin d'\u00a0\u00bbanticiper des \u00ab\u00a0pannes potentielles de climatisation li\u00e9es aux tr\u00e8s hautes temp\u00e9ratures\u00a0\u00bb dans ses trains les plus anciens. \u00ab\u00a0L&rsquo;ensemble des clients concern\u00e9s b\u00e9n\u00e9ficient de l&rsquo;\u00e9change ou du remboursement sans frais de leurs billets\u00a0\u00bb, pr\u00e9cise la SNCF.<\/p>\n","protected":false},"excerpt":{"rendered":"De la Dordogne \u00e0 la Haute-Savoie en passant par le Cantal et la Dr\u00f4me, une vaste partie sud&hellip;\n","protected":false},"author":2,"featured_media":307737,"comment_status":"","ping_status":"","sticky":false,"template":"","format":"standard","meta":{"footnotes":""},"categories":[2819],"tags":[1111,11,1777,674,1011,27,2487,12,2401,882,25],"class_list":{"0":"post-307736","1":"post","2":"type-post","3":"status-publish","4":"format-standard","5":"has-post-thumbnail","7":"category-nice","8":"tag-actu","9":"tag-actualites","10":"tag-eu","11":"tag-europe","12":"tag-fr","13":"tag-france","14":"tag-meteo","15":"tag-news","16":"tag-nice","17":"tag-provence-alpes-cote-dazur","18":"tag-republique-francaise"},"share_on_mastodon":{"url":"https:\/\/pubeurope.com\/@fr\/114999888798328146","error":""},"_links":{"self":[{"href":"https:\/\/www.europesays.com\/fr\/wp-json\/wp\/v2\/posts\/307736","targetHints":{"allow":["GET"]}}],"collection":[{"href":"https:\/\/www.europesays.com\/fr\/wp-json\/wp\/v2\/posts"}],"about":[{"href":"https:\/\/www.europesays.com\/fr\/wp-json\/wp\/v2\/types\/post"}],"author":[{"embeddable":true,"href":"https:\/\/www.europesays.com\/fr\/wp-json\/wp\/v2\/users\/2"}],"replies":[{"embeddable":true,"href":"https:\/\/www.europesays.com\/fr\/wp-json\/wp\/v2\/comments?post=307736"}],"version-history":[{"count":0,"href":"https:\/\/www.europesays.com\/fr\/wp-json\/wp\/v2\/posts\/307736\/revisions"}],"wp:featuredmedia":[{"embeddable":true,"href":"https:\/\/www.europesays.com\/fr\/wp-json\/wp\/v2\/media\/307737"}],"wp:attachment":[{"href":"https:\/\/www.europesays.com\/fr\/wp-json\/wp\/v2\/media?parent=307736"}],"wp:term":[{"taxonomy":"category","embeddable":true,"href":"https:\/\/www.europesays.com\/fr\/wp-json\/wp\/v2\/categories?post=307736"},{"taxonomy":"post_tag","embeddable":true,"href":"https:\/\/www.europesays.com\/fr\/wp-json\/wp\/v2\/tags?post=307736"}],"curies":[{"name":"wp","href":"https:\/\/api.w.org\/{rel}","templated":true}]}}