{"id":307740,"date":"2025-08-09T17:05:16","date_gmt":"2025-08-09T17:05:16","guid":{"rendered":"https:\/\/www.europesays.com\/fr\/307740\/"},"modified":"2025-08-09T17:05:16","modified_gmt":"2025-08-09T17:05:16","slug":"nantes-un-nouvel-attaquant-arrive-pendant-que-matthis-abline-part-au-bras-de-fer-france-fc-nantes","status":"publish","type":"post","link":"https:\/\/www.europesays.com\/fr\/307740\/","title":{"rendered":"Nantes : Un nouvel attaquant arrive pendant que Matthis Abline part au bras de fer &#8211; France &#8211; FC Nantes"},"content":{"rendered":"<p>Un chass\u00e9-crois\u00e9 en direct live.<\/p>\n<p>Il s\u2019appelle <strong>Amady Camara<\/strong>, il a vingt ans, il est international malien et il vient de Sturm Graz : voil\u00e0 pour le CV du <strong>nouvel attaquant du FC Nantes<\/strong>, pr\u00eat\u00e9 avec option d\u2019achat. Camara compte d\u00e9j\u00e0 51 apparitions en professionnel avec le club autrichien, pour 9 titularisations et 3 petits buts. La saison pass\u00e9e, il avait \u00e9t\u00e9 align\u00e9 deux fois dans le onze de d\u00e9part en Ligue des champions.<\/p>\n<blockquote class=\"twitter-tweet-lazy\">\n<p dir=\"ltr\" lang=\"fr\">Une nouvelle arme offensive \ud83c\uddf2\ud83c\uddf1\u2694\ufe0f<\/p>\n<p>Amady Camara est Jaune et Vert !<a target=\"_blank\" href=\"https:\/\/twitter.com\/hashtag\/OnEstNantes?src=hash&amp;ref_src=twsrc%5Etfw\" rel=\"nofollow noopener\">#OnEstNantes<\/a> <a target=\"_blank\" href=\"https:\/\/t.co\/KWdPprHSpn\" rel=\"nofollow\">pic.twitter.com\/KWdPprHSpn<\/a><\/p>\n<p>\u2014 FC Nantes (@FCNantes) <a target=\"_blank\" href=\"https:\/\/twitter.com\/FCNantes\/status\/1954203606162251888?ref_src=twsrc%5Etfw\" rel=\"nofollow noopener\">August 9, 2025<\/a><\/p>\n<\/blockquote>\n<p>Quelques minutes avant l\u2019officialisation de cette arriv\u00e9e, <a target=\"_blank\" href=\"https:\/\/www.ouest-france.fr\/sport\/football\/fc-nantes\/info-ouest-france-fc-nantes-matthis-abline-absent-face-au-paris-fc-engage-un-bras-de-fer-3e639a84-7532-11f0-9d15-80a5c5d7922a\" rel=\"noopener nofollow\">Ouest-France nous apprenait<\/a> que l\u2019attaquant en vogue des Canaris, <strong>Matthis Abline (22 ans), avait d\u00e9cid\u00e9 de partir au bras de fer<\/strong> avec le club pour forcer son d\u00e9part. L\u2019une des rares satisfactions nantaises de la saison pass\u00e9e (neuf buts en Ligue 1) n\u2019est pas dans le groupe pour affronter <strong>le Paris FC<\/strong> en amical ce samedi soir, et pour cause : <a target=\"_blank\" href=\"https:\/\/www.sofoot.com\/breves\/mercato-matthis-abline-se-rapproche-doucement-mais-surement-du-paris-fc\" rel=\"noopener nofollow\">le club parisien <strong>fait partie<\/strong><\/a><strong> des \u00e9quipes o\u00f9 pourrait atterrir<\/strong> l\u2019international espoirs.<\/p>\n<p><a target=\"_blank\" href=\"https:\/\/www.leparisien.fr\/sports\/football\/ligue-1\/mercato-pfc-le-promu-parisien-avance-sur-lattaquant-nantais-matthis-abline-08-08-2025-G6BKWOU5FNBVJAD43J73UOTKZA.php\" rel=\"noopener nofollow\">Selon Le Parisien<\/a>, l\u2019avant-centre <strong>aurait m\u00eame \u00e9t\u00e9 convaincu par le projet francilien<\/strong>, mais il y a aussi la concurrence de Wolverhampton. En tout cas, le PFC aurait d\u00e9j\u00e0 pos\u00e9 <a target=\"_blank\" href=\"https:\/\/www.lequipe.fr\/Football\/Actualites\/Mercato-le-paris-fc-degaine-une-premiere-offre-a-25-m-et-8364-pour-l-attaquant-de-nantes-matthis-abline\/1583940\" rel=\"noopener nofollow\">une offre de 25 millions (selon L\u2019\u00c9quipe et Ouest-France)<\/a>, refus\u00e9e par le FC Nantes qui, en plein bluff, annonce attendre entre 40 et 50 briques.<\/p>\n<p>Le grand cirque du mercato.<\/p>\n<p>\t\t\t\t\t\t\t\t\t\t<a class=\"lien-connexe\" href=\"https:\/\/www.sofoot.com\/breves\/lille-bute-sur-west-ham-malgre-un-bijou-dolivier-giroud\" rel=\"nofollow noopener\" target=\"_blank\">Lille bute sur West Ham malgr\u00e9 un bijou d&rsquo;Olivier Giroud<\/a>\t\t\t\t\t<script async src=\"https:\/\/platform.twitter.com\/widgets.js\" charset=\"utf-8\"><\/script><\/p>\n","protected":false},"excerpt":{"rendered":"Un chass\u00e9-crois\u00e9 en direct live. Il s\u2019appelle Amady Camara, il a vingt ans, il est international malien et&hellip;\n","protected":false},"author":2,"featured_media":307741,"comment_status":"","ping_status":"","sticky":false,"template":"","format":"standard","meta":{"footnotes":""},"categories":[2818],"tags":[1111,47,11,61,69,65,64,1777,674,63,1011,27,68,66,766,12,62,2636,70,25,67],"class_list":{"0":"post-307740","1":"post","2":"type-post","3":"status-publish","4":"format-standard","5":"has-post-thumbnail","7":"category-nantes","8":"tag-actu","9":"tag-actualite","10":"tag-actualites","11":"tag-actus-football","12":"tag-bundesliga","13":"tag-championnats-europeens","14":"tag-equipe-de-france","15":"tag-eu","16":"tag-europe","17":"tag-football","18":"tag-fr","19":"tag-france","20":"tag-ligua","21":"tag-ligue-1","22":"tag-nantes","23":"tag-news","24":"tag-news-foot","25":"tag-pays-de-la-loire","26":"tag-premier-league","27":"tag-republique-francaise","28":"tag-serie-a"},"share_on_mastodon":{"url":"https:\/\/pubeurope.com\/@fr\/114999900475109211","error":""},"_links":{"self":[{"href":"https:\/\/www.europesays.com\/fr\/wp-json\/wp\/v2\/posts\/307740","targetHints":{"allow":["GET"]}}],"collection":[{"href":"https:\/\/www.europesays.com\/fr\/wp-json\/wp\/v2\/posts"}],"about":[{"href":"https:\/\/www.europesays.com\/fr\/wp-json\/wp\/v2\/types\/post"}],"author":[{"embeddable":true,"href":"https:\/\/www.europesays.com\/fr\/wp-json\/wp\/v2\/users\/2"}],"replies":[{"embeddable":true,"href":"https:\/\/www.europesays.com\/fr\/wp-json\/wp\/v2\/comments?post=307740"}],"version-history":[{"count":0,"href":"https:\/\/www.europesays.com\/fr\/wp-json\/wp\/v2\/posts\/307740\/revisions"}],"wp:featuredmedia":[{"embeddable":true,"href":"https:\/\/www.europesays.com\/fr\/wp-json\/wp\/v2\/media\/307741"}],"wp:attachment":[{"href":"https:\/\/www.europesays.com\/fr\/wp-json\/wp\/v2\/media?parent=307740"}],"wp:term":[{"taxonomy":"category","embeddable":true,"href":"https:\/\/www.europesays.com\/fr\/wp-json\/wp\/v2\/categories?post=307740"},{"taxonomy":"post_tag","embeddable":true,"href":"https:\/\/www.europesays.com\/fr\/wp-json\/wp\/v2\/tags?post=307740"}],"curies":[{"name":"wp","href":"https:\/\/api.w.org\/{rel}","templated":true}]}}