{"id":307742,"date":"2025-08-09T17:06:09","date_gmt":"2025-08-09T17:06:09","guid":{"rendered":"https:\/\/www.europesays.com\/fr\/307742\/"},"modified":"2025-08-09T17:06:09","modified_gmt":"2025-08-09T17:06:09","slug":"le-nouveau-restaurant-de-cette-petite-ville-de-gironde-va-proposer-un-menu-ouvrier","status":"publish","type":"post","link":"https:\/\/www.europesays.com\/fr\/307742\/","title":{"rendered":"Le nouveau restaurant de cette petite ville de Gironde va proposer un menu ouvrier"},"content":{"rendered":"<p>            Par<br \/>\n        <strong><br \/>\n            <a href=\"https:\/\/actu.fr\/auteur\/redaction-republicainlangon\" title=\"Consulter tous les articles de R\u00e9daction Le R\u00e9publicain Langon\" rel=\"nofollow noopener\" target=\"_blank\">R\u00e9daction Le R\u00e9publicain Langon<\/a><br \/>\n        <\/strong><\/p>\n<p>        Publi\u00e9 le<\/p>\n<p>            9 ao\u00fbt 2025 \u00e0 18h50        <\/p>\n<p>C\u2019est un nouveau challenge pour les patrons de la \u00ab <a href=\"https:\/\/www.facebook.com\/p\/la_cocoantillaise-100047441091177\/\" rel=\"nofollow noopener\" target=\"_blank\">Coco Antillaise<\/a> \u00bb, un food-truck de <b>cuisine antillaise<\/b> \u00e0 <a href=\"https:\/\/actu.fr\/?s=cadaujac\" rel=\"nofollow noopener\" target=\"_blank\">Cadaujac<\/a> (<b>Gironde<\/b>).<\/p>\n<p class=\" wall-content\">Il a r\u00e9gal\u00e9 les Cadaujacais au Bouscaut pendant le covid. L\u2019atypique \u00ab Coco Antillaise \u00bb circule sur les \u00e9v\u00e9nements en Gironde et dans le reste de l\u2019hexagone.<\/p>\n<p class=\" wall-content\">Mais au 1er\u00a0septembre,\u00a0 ses responsables, Sandy et Thomas Dancale vont ouvrir un nouveau restaurant, \u00ab\u00a0<b>L\u2019Auberge de la Plaine<\/b>\u00ab\u00a0, dans l\u2019ancien \u00e9tablissement \u00ab\u00a0<b>La Plaine de Moscou<\/b>\u00ab\u00a0, remis au go\u00fbt du jour.<\/p>\n<p>Une ambiance familiale<\/p>\n<p class=\" wall-content\">Si les propri\u00e9taires et le d\u00e9cor changent, Sandy et Thomas Dancale restent fid\u00e8les au lieu.<\/p>\n<blockquote class=\"ac-article-quote wall-content\">\n<p>On veut garder le m\u00eame esprit et faire d\u00e9couvrir notre terroir dans une ambiance conviviale, et faire en sorte que les gens aiment se retrouver chez nous.<\/p>\n<p>Sandy et Thomas Dancale, restaurateurs\u00a0<\/p><\/blockquote>\n<p>Vid\u00e9os : en ce moment sur Actu<\/p>\n<p class=\" wall-content\">\u00ab\u00a0On va y \u00eatre plus de temps que les clients donc on a envie d\u2019un lieu qui nous ressemble\u00a0\u00bb, compl\u00e8tent Sandy et Thomas.<\/p>\n<p class=\" wall-content\"><b>Simplicit\u00e9<\/b>, <b>convivialit\u00e9<\/b> et <b>efficacit\u00e9<\/b> sont au programme.<\/p>\n<p>Une formule \u00e0 volont\u00e9 \u00e0 18 euros<\/p>\n<p class=\" wall-content\">Le lieu, r\u00e9nov\u00e9 \u00e0 l\u2019int\u00e9rieur comme \u00e0 l\u2019ext\u00e9rieur, garde son<b> large comptoir<\/b> tout en faisant la part belle \u00e0 <b>une grande terrasse ombrag\u00e9e <\/b>et \u00e0 des bardages bois.<\/p>\n<p class=\" wall-content\">Dans l\u2019assiette, <b>une formule \u00e0 volont\u00e9 <\/b>est propos\u00e9e avec un buffet d\u2019entr\u00e9es, un plat au choix, un buffet de desserts et quart de vin pour 18 euros, chaque jour, <b>du lundi au vendredi midi.<\/b><\/p>\n<blockquote class=\"ac-article-quote wall-content\">\n<p>Les gens arrivent pendant leur pause, le buffet est pr\u00eat. Ils s\u2019installent et passent un bon moment.<\/p>\n<p>Sandy et Thomas Dancale, restaurateurs\u00a0<\/p><\/blockquote>\n<p class=\" wall-content\">Des <b>soir\u00e9es \u00e0 th\u00e8me<\/b> auront lieu ponctuellement \u00ab soir\u00e9e tartiflette en hiver, antillaise ou moules-frites l\u2019\u00e9t\u00e9\u2026 \u00bb, \u00e9num\u00e8re Thomas Dancale.<\/p>\n<p>Le restaurant recrute<\/p>\n<p class=\" wall-content\">Le restaurant sera pr\u00eat pour son ouverture le lundi 1er\u00a0septembre et d\u2019ici l\u00e0, Sandy et Thomas cherchent \u00e0 renforcer leur \u00e9quipe en recrutant deux personnes :<\/p>\n<ul class=\" wall-content\">\n<li><b>Un poste en cuisine<\/b><\/li>\n<li><b>Un poste au service <\/b><\/li>\n<\/ul>\n<p>Contact : 06 48 22 75 27.<\/p>\n<p class=\" wall-content\">Suivez toute l\u2019actualit\u00e9 de vos villes et m\u00e9dias favoris en vous inscrivant \u00e0 <a href=\"https:\/\/moncompte.actu.fr\" title=\"D\u00e9couvez Mon Actu\" rel=\"nofollow noopener\" data-trk=\"{&quot;cta&quot;:{&quot;action&quot;:&quot;https:\\\/\\\/moncompte.actu.fr&quot;,&quot;category&quot;:&quot;mon compte&quot;,&quot;from&quot;:&quot;article footer&quot;,&quot;name&quot;:&quot;Mon actu&quot;,&quot;type&quot;:&quot;cta&quot;}}\" target=\"_blank\">Mon Actu<\/a>.<\/p>\n","protected":false},"excerpt":{"rendered":"Par R\u00e9daction Le R\u00e9publicain Langon Publi\u00e9 le 9 ao\u00fbt 2025 \u00e0 18h50 C\u2019est un nouveau challenge pour les&hellip;\n","protected":false},"author":2,"featured_media":307743,"comment_status":"","ping_status":"","sticky":false,"template":"","format":"standard","meta":{"footnotes":""},"categories":[2817],"tags":[1111,11,1997,902,1777,674,1011,27,12,3147,2219,25,1340,104],"class_list":{"0":"post-307742","1":"post","2":"type-post","3":"status-publish","4":"format-standard","5":"has-post-thumbnail","7":"category-bordeaux","8":"tag-actu","9":"tag-actualites","10":"tag-bordeaux","11":"tag-cuisine","12":"tag-eu","13":"tag-europe","14":"tag-fr","15":"tag-france","16":"tag-news","17":"tag-nouveaux-commerces","18":"tag-nouvelle-aquitaine","19":"tag-republique-francaise","20":"tag-restaurant","21":"tag-societe"},"share_on_mastodon":{"url":"https:\/\/pubeurope.com\/@fr\/114999904485170000","error":""},"_links":{"self":[{"href":"https:\/\/www.europesays.com\/fr\/wp-json\/wp\/v2\/posts\/307742","targetHints":{"allow":["GET"]}}],"collection":[{"href":"https:\/\/www.europesays.com\/fr\/wp-json\/wp\/v2\/posts"}],"about":[{"href":"https:\/\/www.europesays.com\/fr\/wp-json\/wp\/v2\/types\/post"}],"author":[{"embeddable":true,"href":"https:\/\/www.europesays.com\/fr\/wp-json\/wp\/v2\/users\/2"}],"replies":[{"embeddable":true,"href":"https:\/\/www.europesays.com\/fr\/wp-json\/wp\/v2\/comments?post=307742"}],"version-history":[{"count":0,"href":"https:\/\/www.europesays.com\/fr\/wp-json\/wp\/v2\/posts\/307742\/revisions"}],"wp:featuredmedia":[{"embeddable":true,"href":"https:\/\/www.europesays.com\/fr\/wp-json\/wp\/v2\/media\/307743"}],"wp:attachment":[{"href":"https:\/\/www.europesays.com\/fr\/wp-json\/wp\/v2\/media?parent=307742"}],"wp:term":[{"taxonomy":"category","embeddable":true,"href":"https:\/\/www.europesays.com\/fr\/wp-json\/wp\/v2\/categories?post=307742"},{"taxonomy":"post_tag","embeddable":true,"href":"https:\/\/www.europesays.com\/fr\/wp-json\/wp\/v2\/tags?post=307742"}],"curies":[{"name":"wp","href":"https:\/\/api.w.org\/{rel}","templated":true}]}}