{"id":307747,"date":"2025-08-09T17:09:12","date_gmt":"2025-08-09T17:09:12","guid":{"rendered":"https:\/\/www.europesays.com\/fr\/307747\/"},"modified":"2025-08-09T17:09:12","modified_gmt":"2025-08-09T17:09:12","slug":"envahis-par-des-demarcheurs-les-habitants-de-ce-village-sont-excedes","status":"publish","type":"post","link":"https:\/\/www.europesays.com\/fr\/307747\/","title":{"rendered":"envahis par des d\u00e9marcheurs, les habitants de ce village sont exc\u00e9d\u00e9s"},"content":{"rendered":"<p>            Par<br \/>\n        <strong><br \/>\n            <a href=\"https:\/\/actu.fr\/auteur\/anaelle-montagne\" title=\"Consulter tous les articles de Anaelle Montagne\" rel=\"nofollow noopener\" target=\"_blank\">Anaelle Montagne<\/a><br \/>\n        <\/strong><\/p>\n<p>        Publi\u00e9 le<\/p>\n<p>            9 ao\u00fbt 2025 \u00e0 17h27        <\/p>\n<p>\u00ab\u2009Ils passent parfois trois fois par jour dans les m\u00eames maisons\u2009\u00bb, souffle le maire de <a href=\"https:\/\/actu.fr\/occitanie\/lherm_31299\" rel=\"nofollow noopener\" target=\"_blank\">Lherm<\/a>, Fr\u00e9d\u00e9ric Pasian. Des <strong>d\u00e9marcheurs<\/strong> semblent avoir jet\u00e9 leur d\u00e9volu sur ce village de moins de 4 000 \u00e2mes, coll\u00e9 \u00e0 Muret, pr\u00e8s de Toulouse. Depuis le week-end du 2 ao\u00fbt, <strong>un ballet incessant de voitures<\/strong> d\u00e9file dans les rues de la commune, souvent avec des plaques d\u2019immatriculation masqu\u00e9es. Des hommes en descendent et frappent aux portes pour proposer leurs services aux habitants\u2009: \u00e9lagage, nettoyage de toiture, ramonage, travaux divers\u2026 Une pratique pourtant interdite sans l\u2019accord du maire. R\u00e9cit.<\/p>\n<p>Des d\u00e9marcheurs \u00ab\u2009intrusifs, voire agressifs\u2009\u00bb<\/p>\n<p class=\" wall-content\">\u00ab\u2009On se sent d\u00e9munis\u2009\u00bb, souffle \u00e0\u00a0Actu Toulouse\u00a0le maire de la commune, Fr\u00e9d\u00e9ric Pasian. Depuis une semaine, sa messagerie est inond\u00e9e des messages de ses administr\u00e9s, \u00ab\u2009fortement exasp\u00e9r\u00e9s\u2009\u00bb.<\/p>\n<p class=\" wall-content\">\u00ab\u2009Des <strong>milliers de nouveaux voisins<\/strong> se sont install\u00e9s dans la zone des Bonnets, limitrophe \u00e0 notre commune, il y a une semaine\u2009\u00bb, indique l\u2019\u00e9dile, faisant\u00a0r\u00e9f\u00e9rence \u00e0 <a href=\"https:\/\/actu.fr\/occitanie\/muret_31395\/gens-du-voyage-c-est-une-petite-ville-cet-enorme-camp-de-700-caravanes-va-etre-expulse-pres-de-toulouse_63004284.html\" rel=\"nofollow noopener\" target=\"_blank\">l\u2019immense camp de gens du voyage<\/a> qui s\u2019est<strong> install\u00e9 ill\u00e9galement<\/strong> le 3\u00a0ao\u00fbt \u00e0 Muret.<\/p>\n<p class=\" wall-content\">Il continue\u2009: \u00ab\u2009D\u00e9j\u00e0, \u00e7a g\u00e9n\u00e8re du trafic suppl\u00e9mentaire sur la commune. Mais surtout, depuis, les habitants sont<strong> d\u00e9march\u00e9s parfois plusieurs fois par jour<\/strong>, par des personnes curieuses, intrusives, voire agressives, pour les contraindre (quasiment) \u00e0 effectuer des travaux chez eux.\u2009\u00bb<\/p>\n<p>Une pratique ill\u00e9gale sur la commune<\/p>\n<p class=\" wall-content\">Sur les <a href=\"https:\/\/www.facebook.com\/mairie.lherm\/posts\/pfbid0do2irDmsJ96Wo7KPZtbJoXoqwEVpsNjagxeutPLEDGrZNo2W1B7tUbg4p2YY9W3rl\" rel=\"nofollow noopener\" target=\"_blank\">r\u00e9seaux sociaux<\/a>, les t\u00e9moignages des habitants sont nombreux. \u00ab\u2009Ils sont pass\u00e9s deux fois en l\u2019espace de 10\u00a0minutes\u2009\u00bb, indique notamment une habitante. <strong>Le d\u00e9marchage est pourtant ill\u00e9gal<\/strong> sur la commune sans autorisation pr\u00e9alable.<\/p>\n<p class=\" wall-content\">Le maire a pris un arr\u00eat\u00e9 en ce sens il y a un an. \u00ab\u2009Aucun des d\u00e9marcheurs n\u2019est venu s\u2019identifier \u00e0 la mairie en amont de ces passages\u2009\u00bb, assure le premier \u00e9dile. Il s\u2019inqui\u00e8te aussi que les d\u00e9chets des potentiels travaux ne finissent en <strong>d\u00e9p\u00f4ts sauvages<\/strong>, vu que seuls les habitants ont acc\u00e8s \u00e0 la d\u00e9chetterie.<\/p>\n<p>Des cambriolages en s\u00e9rie<\/p>\n<p class=\" wall-content\">Au-del\u00e0 du d\u00e9marchage t\u00e9l\u00e9phonique, la commune de Lherm a aussi recens\u00e9 des cambriolages en s\u00e9rie cette derni\u00e8re semaine. \u00ab\u2009Je tiens \u00e0 vous alerter sur une s\u00e9rie de <strong>cambriolages, vols d\u2019engins et tentatives d\u2019effraction<\/strong> survenus ces derniers jours dans les secteurs de La Pielle, S\u00e9bastian et Larrieu\u2009\u00bb, pr\u00e9venait le maire le 4\u00a0ao\u00fbt sur les r\u00e9seaux sociaux.<\/p>\n<p class=\" wall-content\">Le premier \u00e9dile recensait alors trois cambriolages en quelques jours \u2013 alors qu\u2019une quinzaine a lieu sur toute une ann\u00e9e en moyenne. <strong>Ce samedi 7\u00a0ao\u00fbt, rebelote<\/strong>\u2009: un garage automobile sur la commune a pr\u00e9venu qu\u2019une 2\u00a0CV bleue avait \u00e9t\u00e9 vol\u00e9e dans la nuit, vers 1 heure du matin.<\/p>\n<p>Que peut faire le maire\u2009?<\/p>\n<p class=\" wall-content\">Pour tenter d\u2019agir sur la situation, Fr\u00e9d\u00e9ric Pasian indique avoir demand\u00e9 au commandant de la brigade de gendarmerie de Muret de <strong>renforcer la pr\u00e9sence des patrouilles<\/strong> sur le territoire.<\/p>\n<p class=\" wall-content\">\u00ab\u2009Je d\u00e9plore d\u2019ailleurs que le nombre d\u2019heures de pr\u00e9sence des forces de gendarmerie sur notre commune ait \u00e9t\u00e9 divis\u00e9 par deux en un an, en raison <strong>d\u2019effectifs tr\u00e8s nettement inadapt\u00e9s<\/strong> \u00e0 la situation et \u00e0 la d\u00e9mographie du territoire\u2009\u00bb, termine le premier \u00e9dile.<\/p>\n<p class=\" wall-content\">Suivez toute l\u2019actualit\u00e9 de vos villes et m\u00e9dias favoris en vous inscrivant \u00e0 <a href=\"https:\/\/moncompte.actu.fr\" title=\"D\u00e9couvez Mon Actu\" rel=\"nofollow noopener\" data-trk=\"{&quot;cta&quot;:{&quot;action&quot;:&quot;https:\\\/\\\/moncompte.actu.fr&quot;,&quot;category&quot;:&quot;mon compte&quot;,&quot;from&quot;:&quot;article footer&quot;,&quot;name&quot;:&quot;Mon actu&quot;,&quot;type&quot;:&quot;cta&quot;}}\" target=\"_blank\">Mon Actu<\/a>.<\/p>\n","protected":false},"excerpt":{"rendered":"Par Anaelle Montagne Publi\u00e9 le 9 ao\u00fbt 2025 \u00e0 17h27 \u00ab\u2009Ils passent parfois trois fois par jour dans&hellip;\n","protected":false},"author":2,"featured_media":307748,"comment_status":"","ping_status":"","sticky":false,"template":"","format":"standard","meta":{"footnotes":""},"categories":[2816],"tags":[1111,11,23332,1777,674,1011,27,12,2680,25,104,2312],"class_list":{"0":"post-307747","1":"post","2":"type-post","3":"status-publish","4":"format-standard","5":"has-post-thumbnail","7":"category-toulouse","8":"tag-actu","9":"tag-actualites","10":"tag-demarchage-abusif","11":"tag-eu","12":"tag-europe","13":"tag-fr","14":"tag-france","15":"tag-news","16":"tag-occitanie","17":"tag-republique-francaise","18":"tag-societe","19":"tag-toulouse"},"share_on_mastodon":{"url":"https:\/\/pubeurope.com\/@fr\/114999916252649375","error":""},"_links":{"self":[{"href":"https:\/\/www.europesays.com\/fr\/wp-json\/wp\/v2\/posts\/307747","targetHints":{"allow":["GET"]}}],"collection":[{"href":"https:\/\/www.europesays.com\/fr\/wp-json\/wp\/v2\/posts"}],"about":[{"href":"https:\/\/www.europesays.com\/fr\/wp-json\/wp\/v2\/types\/post"}],"author":[{"embeddable":true,"href":"https:\/\/www.europesays.com\/fr\/wp-json\/wp\/v2\/users\/2"}],"replies":[{"embeddable":true,"href":"https:\/\/www.europesays.com\/fr\/wp-json\/wp\/v2\/comments?post=307747"}],"version-history":[{"count":0,"href":"https:\/\/www.europesays.com\/fr\/wp-json\/wp\/v2\/posts\/307747\/revisions"}],"wp:featuredmedia":[{"embeddable":true,"href":"https:\/\/www.europesays.com\/fr\/wp-json\/wp\/v2\/media\/307748"}],"wp:attachment":[{"href":"https:\/\/www.europesays.com\/fr\/wp-json\/wp\/v2\/media?parent=307747"}],"wp:term":[{"taxonomy":"category","embeddable":true,"href":"https:\/\/www.europesays.com\/fr\/wp-json\/wp\/v2\/categories?post=307747"},{"taxonomy":"post_tag","embeddable":true,"href":"https:\/\/www.europesays.com\/fr\/wp-json\/wp\/v2\/tags?post=307747"}],"curies":[{"name":"wp","href":"https:\/\/api.w.org\/{rel}","templated":true}]}}