{"id":307749,"date":"2025-08-09T17:10:12","date_gmt":"2025-08-09T17:10:12","guid":{"rendered":"https:\/\/www.europesays.com\/fr\/307749\/"},"modified":"2025-08-09T17:10:12","modified_gmt":"2025-08-09T17:10:12","slug":"son-incroyable-voyage-permet-de-sauver-trois-enfants","status":"publish","type":"post","link":"https:\/\/www.europesays.com\/fr\/307749\/","title":{"rendered":"son incroyable voyage permet de sauver trois enfants"},"content":{"rendered":"<p>            Par<br \/>\n        <strong><br \/>\n            <a href=\"https:\/\/actu.fr\/auteur\/redaction-lille\" title=\"Consulter tous les articles de R\u00e9daction Lille\" target=\"_blank\" rel=\"noopener\">R\u00e9daction Lille<\/a><br \/>\n        <\/strong><\/p>\n<p>        Publi\u00e9 le<\/p>\n<p>            9 ao\u00fbt 2025 \u00e0 18h22        <\/p>\n<p>Vous l\u2019avez peut-\u00eatre vu arriver sur la <b>Grand\u2019Place de Lille<\/b>. Le 2\u00a0ao\u00fbt 2025, <b>Bastien Dicque<\/b>, 24\u00a0ans, a enfin retrouv\u00e9 la capitale des Flandres apr\u00e8s avoir pass\u00e9 <b>sept mois sur son v\u00e9lo<\/b> lors d\u2019un <b>tour d\u2019Europe<\/b>. Son voyage de <b>plus de 22\u2009000\u00a0km<\/b> a \u00e9t\u00e9 r\u00e9alis\u00e9 en association avec <b>M\u00e9c\u00e9nat Chirurgie Cardiaque<\/b>. Un partenariat plus que b\u00e9n\u00e9fique puisqu\u2019il a permis de r\u00e9colter suffisamment de fonds pour financer les <b>op\u00e9rations de 3\u00a0enfants<\/b> atteints de maladies cardiaques. Le Nordiste nous raconte son <b>p\u00e9riple solidaire<\/b> et ses aventures autour d\u2019une boisson, tout sourire depuis une terrasse. Casquette viss\u00e9e sur la t\u00eate, il ne tarit pas d\u2019histoires \u00e0 raconter.<\/p>\n<p>Les pr\u00e9mices d\u2019un voyage inattendu<\/p>\n<p class=\" wall-content\">Le cycliste de 24\u00a0ans est passionn\u00e9 de sport depuis tout petit, et surtout de v\u00e9lo depuis une dizaine d\u2019ann\u00e9es. Il est dipl\u00f4m\u00e9 depuis ao\u00fbt\u00a02024 dans l\u2019ing\u00e9nierie agroalimentaire. Mais comme apr\u00e8s son alternance, il n\u2019avait pas de promesse d\u2019emploi, Bastien a pr\u00e9f\u00e9r\u00e9 faire une ann\u00e9e de c\u00e9sure. Le temps id\u00e9al pour lancer son exp\u00e9dition et assouvir sa soif d\u2019aventures et de d\u00e9couverte.<\/p>\n<p class=\" wall-content\"><a href=\"https:\/\/www.instagram.com\/p\/DMx6wixiANm\/embed\" title=\"Ouvrir le lien sur Instagram\" target=\"_blank\" rel=\"noopener\">Visualiser le contenu sur Instagram<\/a><\/p>\n<p class=\" wall-content\">\u00ab\u2009Il y a deux ans, je n\u2019aurais m\u00eame pas eu l\u2019id\u00e9e de faire \u00e7a\u2009\u00bb, avoue le moustachu blond. Il avait d\u00e9j\u00e0 fait des voyages d\u2019une semaine pendant ses cong\u00e9s et les vacances, tout \u00e0 v\u00e9lo. Ce n\u2019est que r\u00e9cemment qu\u2019il a eu l\u2019id\u00e9e de faire cette boucle europ\u00e9enne. \u00ab\u2009J\u2019\u00e9tais s\u00fbr de ne pas vouloir faire un aller-retour, comme partir en Chine en avion et revenir \u00e0 Lille.\u2009\u00bb<\/p>\n<p class=\" wall-content\">Bastien a cependant toujours eu cette volont\u00e9 d\u2019explorer. Petit, il a surtout visit\u00e9 la France, les pays limitrophes, mais sans jamais aller tr\u00e8s loin. \u00ab\u2009Il a quand m\u00eame plein de choses \u00e0 voir dans notre pays\u2009!\u2009\u00bb rappelle-t-il. Puis les \u00e9toiles se sont align\u00e9es\u2009: pas d\u2019emploi, peu d\u2019attaches et du temps devant soi, ainsi qu\u2019un corps en bonne sant\u00e9. L\u2019occasion r\u00eav\u00e9e de faire cette grande aventure de 22\u2009075 kilom\u00e8tres dans trente pays diff\u00e9rents, le tout seul, et \u00e0 v\u00e9lo.<b><\/b><\/p>\n<p>\u00ab\u2009Relation gagnant-gagnant\u2009\u00bb<\/p>\n<p class=\" wall-content\"><b\/>\u00ab\u2009J\u2019avais envie d\u2019en faire profiter les autres, donc faire une telle exp\u00e9dition juste pour moi, ce n\u2019\u00e9tait pas possible. En m\u2019associant avec M\u00e9c\u00e9nat Chirurgie Cardiaque \u2013 Enfants du monde, c\u2019\u00e9tait gagnant-gagnant. Eux, ils avaient la visibilit\u00e9 et les dons, moi j\u2019avais une raison de continuer.\u2009\u00bb R\u00e9sultat\u2009: 3<b>8\u2009000\u00a0euros r\u00e9colt\u00e9s et trois enfants atteints de maladies cardiaques sauv\u00e9s<\/b>.<\/p>\n<p class=\" wall-content\"><a href=\"https:\/\/www.instagram.com\/p\/DFdUuJissf1\/embed\" title=\"Ouvrir le lien sur Instagram\" target=\"_blank\" rel=\"noopener\">Visualiser le contenu sur Instagram<\/a><\/p>\n<p class=\" wall-content\">L\u2019aventure de <a href=\"https:\/\/www.instagram.com\/baba_a_velo\/?hl=fr\" target=\"_blank\" rel=\"noopener\">Baba \u00e0 v\u00e9lo, ainsi nomm\u00e9 sur Instagram<\/a>, aura permis de financer <b>trois op\u00e9rations, au lieu des deux initialement pr\u00e9vues<\/b>. Avant cela, Bastien n\u2019avait pas vraiment rejoint des associations caritatives. Il a seulement commenc\u00e9 \u00e0 envoyer quelques dons une fois qu\u2019il a eu son alternance. \u00ab\u2009Malheureusement, je n\u2019ai pas pu rencontrer le premier enfant op\u00e9r\u00e9 en avril, mais j\u2019ai \u00e9t\u00e9 en contact avec sa famille d\u2019accueil, et sa famille au Togo. Par contre, les deux autres devraient avoir leur op\u00e9ration \u00e0 partir de septembre et je serai \u00e9videmment l\u00e0.\u2009\u00bb<b\/><b\/><\/p>\n<p>Les paysages au rythme de la musique<\/p>\n<p class=\" wall-content\">Le moustachu blond a trois passions dans la vie. \u00c9videmment le v\u00e9lo, mais aussi la f\u00eate et la musique. S\u2019il \u00e9tait assez compliqu\u00e9 de faire la f\u00eate au rythme des cent kilom\u00e8tres par jour, la musique n\u2019\u00e9tait jamais tr\u00e8s loin. \u00ab\u2009J\u2019\u00e9coute surtout de l\u2019\u00e9lectro, mais quand j\u2019avais du mal \u00e0 avancer, je mettais les musiques de mon enfance \u2013 ann\u00e9es 2000- 2010 \u2013 pour me donner du courage.\u2009\u00bb<\/p>\n<p class=\" wall-content\">William, ami et ancien colocataire de Bastien, r\u00e9v\u00e8le aussi quelques traits de caract\u00e8re de ce cycliste. \u00ab\u2009Il a vraiment tout pr\u00e9par\u00e9 \u00e0 l\u2019avance, sans rien laisser au hasard. Pour autant, quand je suis venu faire une semaine de v\u00e9lo avec lui, il a quand m\u00eame fait un d\u00e9tour de 500\u00a0km juste pour me r\u00e9cup\u00e9rer. Je ne connais pas beaucoup d\u2019amis capables de faire \u00e7a.\u2009\u00bb<\/p>\n<p>Chutes et sangliers<\/p>\n<p class=\" wall-content\">De son voyage, Bastien a de nombreuses histoires \u00e0 raconter, tellement qu\u2019il est compliqu\u00e9 d\u2019en trouver une. Sa premi\u00e8re nuit en tente par exemple, il entend un sanglier r\u00f4der autour de son campement. \u00ab\u2009J\u2019\u00e9teins les lumi\u00e8res et je ne fais pas de bruit, mais avant de dormir je regarde sur internet ce qu\u2019il faut faire. Le premier article que je vois, c\u2019est sur des sangliers mangeurs d\u2019hommes\u2026 bon, je ne clique pas, mais un autre article plus s\u00e9rieux me dit de faire du bruit et de laisser les lumi\u00e8res allum\u00e9es\u2009\u00bb, raconte-t-il avec un large sourire. Les sangliers ne sont plus devenus des probl\u00e8mes au fil de son trajet.<\/p>\n<p class=\" wall-content\">La derni\u00e8re anecdote qu\u2019il sort, c\u2019est sa seule chute, \u00e0\u2026 quarante kilom\u00e8tres de l\u2019arriv\u00e9e. Une erreur d\u2019inattention qui fait que lui, et ses quatre amis qui l\u2019accompagnaient sur sa derni\u00e8re \u00e9tape, touchent le sol plus t\u00f4t que pr\u00e9vu. \u00ab\u2009L\u2019arriv\u00e9e aurait \u00e9t\u00e9 beaucoup moins fun avec un bras cass\u00e9\u2026\u2009\u00bb Il retient surtout beaucoup de rencontres \u00e9ph\u00e9m\u00e8res, et en arrive \u00e0 une conclusion\u2009: \u00ab\u2009L\u2019adage dit que ceux qui ont le moins donnent le plus, j\u2019ai pu le v\u00e9rifier en grande partie.\u2009\u00bb<\/p>\n<p>Et apr\u00e8s\u2009?<\/p>\n<p class=\" wall-content\">Bastien ne parle pas de refaire ce genre d\u2019exp\u00e9dition si longue. \u00ab\u2009Au d\u00e9part, je devais faire 3000 kilom\u00e8tres au Royaume-Uni et en Irlande, mais je devais passer \u00e0 40 kilom\u00e8tres de chez moi, et je savais que j\u2019aurais pr\u00e9f\u00e9r\u00e9 m\u2019arr\u00eater.\u2009\u00bb Il confie que ce sera pour plus tard. Pour l\u2019instant, c\u2019est le travail qui prime. \u00ab\u2009Je cherche pour commencer en janvier dans l\u2019agroalimentaire, dans mon domaine d\u2019\u00e9tudes, mais je pense travailler dans un bar ou un restaurant en attendant\u2009\u00bb. Un voyage d\u2019une telle ampleur n\u2019est effectivement pas gratuit.<\/p>\n<p class=\" wall-content\">Malgr\u00e9 un engagement politique \u00ab\u2009proche de z\u00e9ro\u2009\u00bb, ce cycliste inv\u00e9t\u00e9r\u00e9 essaye au maximum de r\u00e9duire son empreinte carbone, allant jusqu\u2019\u00e0 faire de longs trajets \u00e0 v\u00e9lo plut\u00f4t que de prendre la voiture. Dans l\u2019agroalimentaire, il peut voir concr\u00e8tement les performances \u00e9nerg\u00e9tiques de sa ligne de production, se creuser la t\u00eate pour savoir ce qu\u2019il peut am\u00e9liorer. Finalement, le jeune homme de Marcq-en-Bar\u0153ul avoue qu\u2019il vivra certainement \u00e0 Lille, mais pas avant d\u2019avoir encore un peu explor\u00e9.<\/p>\n<p class=\" wall-content\"><b>Dimitri Petit<\/b><\/p>\n<p class=\" wall-content\">Suivez toute l\u2019actualit\u00e9 de vos villes et m\u00e9dias favoris en vous inscrivant \u00e0 <a href=\"https:\/\/moncompte.actu.fr\" title=\"D\u00e9couvez Mon Actu\" rel=\"nofollow noopener\" data-trk=\"{&quot;cta&quot;:{&quot;action&quot;:&quot;https:\\\/\\\/moncompte.actu.fr&quot;,&quot;category&quot;:&quot;mon compte&quot;,&quot;from&quot;:&quot;article footer&quot;,&quot;name&quot;:&quot;Mon actu&quot;,&quot;type&quot;:&quot;cta&quot;}}\" target=\"_blank\">Mon Actu<\/a>.<\/p>\n<p>                    <script async src=\"\/\/www.instagram.com\/embed.js\"><\/script><\/p>\n","protected":false},"excerpt":{"rendered":"Par R\u00e9daction Lille Publi\u00e9 le 9 ao\u00fbt 2025 \u00e0 18h22 Vous l\u2019avez peut-\u00eatre vu arriver sur la Grand\u2019Place&hellip;\n","protected":false},"author":2,"featured_media":307750,"comment_status":"","ping_status":"","sticky":false,"template":"","format":"standard","meta":{"footnotes":""},"categories":[2815],"tags":[1111,11,1777,674,1011,27,811,1307,12,25,104,3400,208],"class_list":{"0":"post-307749","1":"post","2":"type-post","3":"status-publish","4":"format-standard","5":"has-post-thumbnail","7":"category-lille","8":"tag-actu","9":"tag-actualites","10":"tag-eu","11":"tag-europe","12":"tag-fr","13":"tag-france","14":"tag-hauts-de-france","15":"tag-lille","16":"tag-news","17":"tag-republique-francaise","18":"tag-societe","19":"tag-solidarite","20":"tag-velo"},"share_on_mastodon":{"url":"https:\/\/pubeurope.com\/@fr\/114999920125982518","error":""},"_links":{"self":[{"href":"https:\/\/www.europesays.com\/fr\/wp-json\/wp\/v2\/posts\/307749","targetHints":{"allow":["GET"]}}],"collection":[{"href":"https:\/\/www.europesays.com\/fr\/wp-json\/wp\/v2\/posts"}],"about":[{"href":"https:\/\/www.europesays.com\/fr\/wp-json\/wp\/v2\/types\/post"}],"author":[{"embeddable":true,"href":"https:\/\/www.europesays.com\/fr\/wp-json\/wp\/v2\/users\/2"}],"replies":[{"embeddable":true,"href":"https:\/\/www.europesays.com\/fr\/wp-json\/wp\/v2\/comments?post=307749"}],"version-history":[{"count":0,"href":"https:\/\/www.europesays.com\/fr\/wp-json\/wp\/v2\/posts\/307749\/revisions"}],"wp:featuredmedia":[{"embeddable":true,"href":"https:\/\/www.europesays.com\/fr\/wp-json\/wp\/v2\/media\/307750"}],"wp:attachment":[{"href":"https:\/\/www.europesays.com\/fr\/wp-json\/wp\/v2\/media?parent=307749"}],"wp:term":[{"taxonomy":"category","embeddable":true,"href":"https:\/\/www.europesays.com\/fr\/wp-json\/wp\/v2\/categories?post=307749"},{"taxonomy":"post_tag","embeddable":true,"href":"https:\/\/www.europesays.com\/fr\/wp-json\/wp\/v2\/tags?post=307749"}],"curies":[{"name":"wp","href":"https:\/\/api.w.org\/{rel}","templated":true}]}}