{"id":307753,"date":"2025-08-09T17:12:11","date_gmt":"2025-08-09T17:12:11","guid":{"rendered":"https:\/\/www.europesays.com\/fr\/307753\/"},"modified":"2025-08-09T17:12:11","modified_gmt":"2025-08-09T17:12:11","slug":"sur-les-traces-de-claude-mckay-ecrivain-jamaicain-et-pionnier-de-la-litterature-afro-americaine-engagee","status":"publish","type":"post","link":"https:\/\/www.europesays.com\/fr\/307753\/","title":{"rendered":"Sur les traces de Claude McKay, \u00e9crivain jama\u00efcain et pionnier de la litt\u00e9rature afro-am\u00e9ricaine engag\u00e9e"},"content":{"rendered":"<p>Il vivait sur le Vieux-Port. Il fl\u00e2nait dans les rues de Marseille. Dans le quartier r\u00e9serv\u00e9, qui s\u2019\u00e9tendait sur la rive nord derri\u00e8re les immeubles Pouillon, dans ces rues o\u00f9 se c\u00f4toyaient dockers, manutentionnaires, p\u00eacheurs et prostitu\u00e9es. <a href=\"https:\/\/www.laprovence.com\/article\/papier\/6465509\/la-marseille-noire-de-claude-mckay.html\" target=\"_blank\" rel=\"noopener\">Claude McKay (1889-1948), \u00e9crivain jama\u00efcain et pionnier de la litt\u00e9rature afro-am\u00e9ricaine engag\u00e9e, y trouvait sa place.<\/a> Arriv\u00e9 en\u00a01924, c\u2019est au Nautic H\u00f4tel &#8211; aujourd\u2019hui Life H\u00f4tel &#8211; qu\u2019il \u00e9crira ses plus grands chefs-d\u2019\u0153uvre. Banjo (1931), Romance in Marseille &#8211; achev\u00e9 en\u00a01933 et publi\u00e9 en\u00a02021 &#8211; deux \u0153uvres qui lui ont valu une renomm\u00e9e internationale.<\/p>\n","protected":false},"excerpt":{"rendered":"Il vivait sur le Vieux-Port. Il fl\u00e2nait dans les rues de Marseille. Dans le quartier r\u00e9serv\u00e9, qui s\u2019\u00e9tendait&hellip;\n","protected":false},"author":2,"featured_media":307754,"comment_status":"","ping_status":"","sticky":false,"template":"","format":"standard","meta":{"footnotes":""},"categories":[2814],"tags":[17,1111,11,7859,2005,1777,674,1011,27,44808,151,884,44807,12,882,16,25,3356,20172],"class_list":{"0":"post-307753","1":"post","2":"type-post","3":"status-publish","4":"format-standard","5":"has-post-thumbnail","7":"category-marseille","8":"tag-17","9":"tag-actu","10":"tag-actualites","11":"tag-claude","12":"tag-ecrivain","13":"tag-eu","14":"tag-europe","15":"tag-fr","16":"tag-france","17":"tag-jamaicain","18":"tag-les","19":"tag-marseille","20":"tag-mckay","21":"tag-news","22":"tag-provence-alpes-cote-dazur","23":"tag-region","24":"tag-republique-francaise","25":"tag-sur","26":"tag-traces"},"share_on_mastodon":{"url":"https:\/\/pubeurope.com\/@fr\/114999928001205715","error":""},"_links":{"self":[{"href":"https:\/\/www.europesays.com\/fr\/wp-json\/wp\/v2\/posts\/307753","targetHints":{"allow":["GET"]}}],"collection":[{"href":"https:\/\/www.europesays.com\/fr\/wp-json\/wp\/v2\/posts"}],"about":[{"href":"https:\/\/www.europesays.com\/fr\/wp-json\/wp\/v2\/types\/post"}],"author":[{"embeddable":true,"href":"https:\/\/www.europesays.com\/fr\/wp-json\/wp\/v2\/users\/2"}],"replies":[{"embeddable":true,"href":"https:\/\/www.europesays.com\/fr\/wp-json\/wp\/v2\/comments?post=307753"}],"version-history":[{"count":0,"href":"https:\/\/www.europesays.com\/fr\/wp-json\/wp\/v2\/posts\/307753\/revisions"}],"wp:featuredmedia":[{"embeddable":true,"href":"https:\/\/www.europesays.com\/fr\/wp-json\/wp\/v2\/media\/307754"}],"wp:attachment":[{"href":"https:\/\/www.europesays.com\/fr\/wp-json\/wp\/v2\/media?parent=307753"}],"wp:term":[{"taxonomy":"category","embeddable":true,"href":"https:\/\/www.europesays.com\/fr\/wp-json\/wp\/v2\/categories?post=307753"},{"taxonomy":"post_tag","embeddable":true,"href":"https:\/\/www.europesays.com\/fr\/wp-json\/wp\/v2\/tags?post=307753"}],"curies":[{"name":"wp","href":"https:\/\/api.w.org\/{rel}","templated":true}]}}