{"id":30776,"date":"2025-04-17T04:19:10","date_gmt":"2025-04-17T04:19:10","guid":{"rendered":"https:\/\/www.europesays.com\/fr\/30776\/"},"modified":"2025-04-17T04:19:10","modified_gmt":"2025-04-17T04:19:10","slug":"ecchymoses-morsures-pincements-le-calvaire-dun-enfant-de-4-ans-raconte-au-palais-de-justice-de-nantes","status":"publish","type":"post","link":"https:\/\/www.europesays.com\/fr\/30776\/","title":{"rendered":"Ecchymoses, morsures, pincements&#8230; le calvaire d&rsquo;un enfant de 4 ans racont\u00e9 au palais de justice de Nantes"},"content":{"rendered":"<p>            Par<br \/>\n        <strong><br \/>\n            <a href=\"https:\/\/actu.fr\/auteur\/journaliste-sm\" title=\"Consulter tous les articles de R\u00e9daction Clisson\" target=\"_blank\" rel=\"noopener\">R\u00e9daction Clisson<\/a><br \/>\n        <\/strong><\/p>\n<p>        Publi\u00e9 le<\/p>\n<p>            16 avr. 2025 \u00e0 12h16        <\/p>\n<p><b>D\u00e9but 2023<\/b>, des<b> \u00ab crises d\u2019angoisse \u00bb avaient alors commenc\u00e9 \u00e0 se manifester chez l\u2019enfant<\/b>. Sa m\u00e8re avait alors relev\u00e9 sur son corps une \u00ab <b>morsure sur le bras droit<\/b> \u00bb, des \u00ab e<b>cchymoses jaun\u00e2tres en haut de la fesse gauche<\/b> \u00bb, des \u00ab <b>\u00e9gratignures <\/b>au niveau des jambes \u00bb ou bien encore des traces de \u00ab pincement \u00bb. \u00ab Trois \u00e9pisodes \u00bb de violences seraient ainsi <b>survenus en l\u2019espace d\u2019un mois<\/b>, entre <b>le 3 novembre et le 4 d\u00e9cembre 2023<\/b>, quand le petit \u00e9tait chez son p\u00e8re aux <b>Sorini\u00e8res<\/b>.<\/p>\n<p class=\" wall-content\">Lorsque la m\u00e8re de l\u2019enfant discutait avec son fils, celui-ci lui confiait \u00ab\u00a0vouloir \u00eatre <b>prot\u00e9g\u00e9 de son papa\u00a0<\/b>\u00bb, car il \u00e9tait \u00ab\u00a0<b>m\u00e9chant<\/b>\u00a0\u00bb avec lui et qu\u2019il le \u00ab<b>\u00a0tapait aux fesses\u00a0\u00bb<\/b>. Le petit gar\u00e7on \u2013 qui \u00ab\u00a0se confie \u00e0 de multiples interlocuteurs\u00a0\u00bb, a-t-il \u00e9t\u00e9 relev\u00e9 au proc\u00e8s \u2013 r\u00e9p\u00e9tait m\u00eame \u00e0 sa grand-m\u00e8re maternelle et \u00e0 sa <b>ma\u00eetresse <\/b>les violences que lui faisait subir son p\u00e8re qui travaille \u00e0 <b>Monni\u00e8res<\/b>.<\/p>\n<blockquote class=\"ac-article-quote wall-content\">\n<p>Il me tape, il me fait mal. J\u2019ai mal au c\u0153ur.<\/p>\n<p>Le petit gar\u00e7on<\/p><\/blockquote>\n<p class=\" wall-content\">Le <b>rapport du m\u00e9decin l\u00e9giste<\/b> a par la suite confirm\u00e9 l\u2019existence de \u00ab <b>l\u00e9sions compatibles avec les d\u00e9clarations de l\u2019enfant \u00bb.\u00a0<\/b><\/p>\n<p>\u00ab C\u2019est un p\u00e8re pourtant tr\u00e8s aimant \u00bb<\/p>\n<p class=\" wall-content\">D\u00e9j\u00e0 condamn\u00e9 pour \u00ab\u00a0violences conjugales\u00a0\u00bb sur la m\u00e8re du jeune gar\u00e7on avant <b>leur s\u00e9paration il y a deux ans, l\u2019homme de 29 ans<\/b>, est d\u00e9crit par sa nouvelle compagne comme un \u00ab p\u00e8re tr\u00e8s aimant \u00bb, ayant une \u00ab bonne relation \u00bb avec son fils. Il <b>conteste \u00e9galement tous les faits<\/b>.<\/p>\n<blockquote class=\"ac-article-quote wall-content\">\n<p>Mon fils n\u2019a jamais \u00e9t\u00e9 violent\u00e9 chez moi. Ma gestuelle peut avoir de l\u2019influence sur ses paroles.<\/p>\n<p>Le papa<\/p><\/blockquote>\n<p class=\" wall-content\">Pour son avocate, il y a donc un \u00ab <b>doute s\u00e9rieux \u00bb <\/b><b>quant \u00e0 la commission des faits,<\/b> car chez son p\u00e8re le petit est sujet \u00e0 des \u00ab jeux tr\u00e8s masculinis\u00e9s \u00bb.\u00a0<\/p>\n<p class=\" wall-content\">Le pr\u00e9venu impute<b> ces accusations \u00e0 son ex-compagne,<\/b> qui \u00ab\u00a0influencerait\u00a0\u00bb leur fils.\u00a0<\/p>\n<blockquote class=\"ac-article-quote wall-content\">\n<p>Maman et mamie disent de ne pas \u00e9couter papa. Mais j\u2019essaye de lui expliquer que c\u2019est possible d\u2019aimer les deux.<\/p>\n<p>Le p\u00e8re de famille<\/p><\/blockquote>\n<p class=\" wall-content\">Dans cette affaire,<b> une proc\u00e9dure est \u00e9galement ouverte aupr\u00e8s du juge des enfants.<\/b> Ce dernier a ordonn\u00e9 le<b> 27 janvier 2025<\/b> une <b>\u00ab\u00a0mesure d\u2019assistance \u00e9ducative\u00a0\u00bb<\/b> pour cet enfant en \u00ab\u00a0souffrance\u00a0\u00bb, \u00ab\u00a0tiraill\u00e9 entre son p\u00e8re et sa m\u00e8re\u00a0\u00bb. Il y a d\u00e9sormais possibilit\u00e9 de \u00ab\u00a0<b>garde altern\u00e9e\u00a0\u00bb <\/b><b>entre les deux parents <\/b>en r\u00e9ponse \u00e0 un <b>\u00ab\u00a0d\u00e9sir de r\u00e9unification familiale\u00a0\u00bb.\u00a0<\/b><\/p>\n<p class=\" wall-content\">La m\u00e8re de l\u2019enfant a expliqu\u00e9 \u00ab\u00a0ne <b>pas avoir fait cela pour le priver de son p\u00e8re \u00e0 vie<\/b>\u00a0\u00bb et n\u2019avoir accompli que son \u00ab\u00a0devoir de m\u00e8re\u00a0\u00bb : son fils est \u00ab\u00a0triste\u00a0\u00bb, \u00ab\u00a0\u00e9teint\u00a0\u00bb et <b>\u00ab\u00a0en profonde souffrance\u00a0\u00bb.<\/b><\/p>\n<blockquote class=\"ac-article-quote wall-content\">\n<p> Il est malheureux d\u2019en arriver l\u00e0.<\/p>\n<p>Le parquet.<\/p><\/blockquote>\n<p class=\" wall-content\">Conform\u00e9ment \u00e0 ses demandes, le<b> tribunal correctionnel de Nantes <\/b>a condamn\u00e9 <b>le technicien automobile<\/b> \u00e0 un \u00ab stage de responsabilit\u00e9 parentale \u00bb.<\/p>\n<p class=\" wall-content\">Suivez toute l\u2019actualit\u00e9 de vos villes et m\u00e9dias favoris en vous inscrivant \u00e0 <a href=\"https:\/\/moncompte.actu.fr\" title=\"D\u00e9couvez Mon Actu\" rel=\"nofollow noopener\" data-trk=\"{&quot;cta&quot;:{&quot;action&quot;:&quot;https:\\\/\\\/moncompte.actu.fr&quot;,&quot;category&quot;:&quot;mon compte&quot;,&quot;from&quot;:&quot;article footer&quot;,&quot;name&quot;:&quot;Mon actu&quot;,&quot;type&quot;:&quot;cta&quot;}}\" target=\"_blank\">Mon Actu<\/a>.<\/p>\n","protected":false},"excerpt":{"rendered":"Par R\u00e9daction Clisson Publi\u00e9 le 16 avr. 2025 \u00e0 12h16 D\u00e9but 2023, des \u00ab crises d\u2019angoisse \u00bb avaient&hellip;\n","protected":false},"author":2,"featured_media":30777,"comment_status":"","ping_status":"","sticky":false,"template":"","format":"standard","meta":{"footnotes":""},"categories":[2818],"tags":[1111,11,1777,674,118,1011,27,303,766,12,2636,10585,25,2900],"class_list":{"0":"post-30776","1":"post","2":"type-post","3":"status-publish","4":"format-standard","5":"has-post-thumbnail","7":"category-nantes","8":"tag-actu","9":"tag-actualites","10":"tag-eu","11":"tag-europe","12":"tag-faits-divers","13":"tag-fr","14":"tag-france","15":"tag-justice","16":"tag-nantes","17":"tag-news","18":"tag-pays-de-la-loire","19":"tag-petite-enfance","20":"tag-republique-francaise","21":"tag-vignoble-nantais"},"share_on_mastodon":{"url":"https:\/\/pubeurope.com\/@fr\/114351385115216052","error":""},"_links":{"self":[{"href":"https:\/\/www.europesays.com\/fr\/wp-json\/wp\/v2\/posts\/30776","targetHints":{"allow":["GET"]}}],"collection":[{"href":"https:\/\/www.europesays.com\/fr\/wp-json\/wp\/v2\/posts"}],"about":[{"href":"https:\/\/www.europesays.com\/fr\/wp-json\/wp\/v2\/types\/post"}],"author":[{"embeddable":true,"href":"https:\/\/www.europesays.com\/fr\/wp-json\/wp\/v2\/users\/2"}],"replies":[{"embeddable":true,"href":"https:\/\/www.europesays.com\/fr\/wp-json\/wp\/v2\/comments?post=30776"}],"version-history":[{"count":0,"href":"https:\/\/www.europesays.com\/fr\/wp-json\/wp\/v2\/posts\/30776\/revisions"}],"wp:featuredmedia":[{"embeddable":true,"href":"https:\/\/www.europesays.com\/fr\/wp-json\/wp\/v2\/media\/30777"}],"wp:attachment":[{"href":"https:\/\/www.europesays.com\/fr\/wp-json\/wp\/v2\/media?parent=30776"}],"wp:term":[{"taxonomy":"category","embeddable":true,"href":"https:\/\/www.europesays.com\/fr\/wp-json\/wp\/v2\/categories?post=30776"},{"taxonomy":"post_tag","embeddable":true,"href":"https:\/\/www.europesays.com\/fr\/wp-json\/wp\/v2\/tags?post=30776"}],"curies":[{"name":"wp","href":"https:\/\/api.w.org\/{rel}","templated":true}]}}