{"id":307768,"date":"2025-08-09T17:22:10","date_gmt":"2025-08-09T17:22:10","guid":{"rendered":"https:\/\/www.europesays.com\/fr\/307768\/"},"modified":"2025-08-09T17:22:10","modified_gmt":"2025-08-09T17:22:10","slug":"guerre-en-ukraine-tries-par-age-sexe-couleur-des-yeux-des-enfants-ukrainiens-enleves-par-la-russie-mis-a-ladoption-sur-un-catalogue-en-ligne-effrayant","status":"publish","type":"post","link":"https:\/\/www.europesays.com\/fr\/307768\/","title":{"rendered":"Guerre en Ukraine\u00a0: Tri\u00e9s par \u00e2ge, sexe, couleur des yeux\u2026 Des enfants ukrainiens enlev\u00e9s par la Russie mis \u00e0 l\u2019adoption sur un \u00ab\u00a0catalogue en ligne effrayant\u00a0\u00bb"},"content":{"rendered":"<p>\n                                                                Le fondateur de l\u2019ONG Save Ukraine, qui \u0153uvre \u00e0 rapatrier les enfants ukrainiens enlev\u00e9s par la Russie depuis son invasion en 2014, affirme que pr\u00e8s de 300 enfants sont photographi\u00e9s et recens\u00e9s sur un \u00ab\u00a0catalogue en ligne\u00a0\u00bb, en vue de les faire adopter par des familles russes.\n                            <\/p>\n<p data-end=\"689\" data-start=\"240\">La Russie ne cherche m\u00eame plus \u00e0 dissimuler ses actes. Selon l\u2019ONG <strong data-end=\"323\" data-start=\"307\">Save Ukraine<\/strong>, relay\u00e9e sur le r\u00e9seau social X, l\u2019administration russe a cr\u00e9\u00e9 <strong>\u00ab\u00a0un <\/strong><strong data-end=\"422\" data-start=\"390\"><strong>catalogue en ligne effrayant\u00a0\u00bb<\/strong>\u00a0<\/strong>r\u00e9pertoriant des centaines d\u2019orphelins ukrainiens enlev\u00e9s dans les territoires occup\u00e9s. \u00ab\u00a0Ces enfants sont pr\u00e9sent\u00e9s comme des produits dans une boutique en ligne, <strong>tri\u00e9s par \u00e2ge, sexe, couleur des yeux et des cheveux<\/strong>, \u00e9tat de sant\u00e9 et m\u00eame traits de personnalit\u00e9\u00a0\u00bb, explique l\u2019ONG.<\/p>\n<blockquote data-class=\"twitter-tweet\">\n<p lang=\"en\" dir=\"ltr\">Ukrainian children are being displayed online like products. This must stop!<\/p>\n<p>The Russian occupation administration has launched a chilling online catalog of Ukrainian orphans, displayed openly on the web. These children are presented like products in an e-commerce store,\u2026 <a href=\"https:\/\/t.co\/JL0Ely44JR\" rel=\"nofollow\">pic.twitter.com\/JL0Ely44JR<\/a><\/p>\n<p>\u2014 Mykola Kuleba (@MykolaKuleba) <a href=\"https:\/\/twitter.com\/MykolaKuleba\/status\/1953418682710868476?ref_src=twsrc%5Etfw\" rel=\"nofollow noopener\" target=\"_blank\">August 7, 2025<\/a><\/p><\/blockquote>\n<p>\u00ab\u00a0Nous esp\u00e9rons que vous trouverez votre enfant ici et lui offrirez un avenir radieux\u00a0!\u00a0\u00bb<\/p>\n<p data-end=\"738\" data-start=\"691\">Une pratique qui n\u2019est pas nouvelle mais qui a \u00e9t\u00e9 g\u00e9n\u00e9ralis\u00e9e depuis 2022. \u00ab\u00a0Au d\u00e9part, les autorit\u00e9s russes ont tent\u00e9 de brouiller les pistes en fermant les registres et en effa\u00e7ant les r\u00e9f\u00e9rences\u00a0\u00bb. Mais d\u00e9sormais, elles s\u2019affichent\u00a0ouvertement, avec notamment la <strong data-end=\"1064\" data-start=\"1026\">direction d\u2019occupation de Louhansk<\/strong>\u00a0qui serait impliqu\u00e9e dans cette op\u00e9ration sordide.<\/p>\n<p>Nos confr\u00e8res du <a href=\"https:\/\/www.lefigaro.fr\/international\/age-couleur-des-yeux-caractere-un-site-russe-propose-un-catalogue-d-enfants-ukrainiens-a-adopter-20250809\" target=\"_self\" rel=\"nofollow noopener\">Figaro<\/a> ont r\u00e9ussi \u00e0 infiltrer une boucle Telegram qui se pr\u00e9sente comme \u00e9tant celle du minist\u00e8re de l\u2019\u00c9ducation et des Sciences de la R\u00e9publique populaire de Louhansk. Cette boucle confirme les accusations de l\u2019ONG en pr\u00e9sentant ce catalogue d\u2019enfants comme une \u00ab\u00a0base de donn\u00e9es r\u00e9gionale des enfants ayant besoin d\u2019une famille\u00a0\u00bb.\u00a0<strong>\u00ab\u00a0Nous esp\u00e9rons que vous trouverez votre enfant ici et lui offrirez un avenir radieux\u00a0!\u00a0\u00bb<\/strong><\/p>\n<p>Des preuves accablantes<\/p>\n<p>Fin juillet, la Direction du renseignement militaire ukrainien (GUR) a annonc\u00e9 avoir men\u00e9 avec succ\u00e8s <a href=\"https:\/\/www.lindependant.fr\/2025\/07\/30\/guerre-en-ukraine-lun-des-plus-grands-crimes-de-guerre-commis-par-la-russie-une-cyberattaque-ukrainienne-revele-des-milliers-de-fichiers-prouvant-12852376.php\" target=\"_self\" rel=\"nofollow noopener\">une cyberattaque cibl\u00e9e contre les serveurs de l\u2019administration d\u2019occupation russe en Crim\u00e9e<\/a>. L\u2019op\u00e9ration a permis de r\u00e9cup\u00e9rer\u00a0<strong>des milliers de documents sensibles<\/strong>\u00a0contenant des preuves de la d\u00e9portation syst\u00e9matique d\u2019enfants ukrainiens depuis les territoires occup\u00e9s, rapporte l\u2019agence dans un\u00a0<a href=\"https:\/\/gur.gov.ua\/content\/hur-mo-ukrainy-zdobulo-cherhovi-dokazy-vykradennia-rosiianamy-ukrainskykh-ditei-iz-tymchasovo-okupovanykh-terytorii.html\" target=\"_blank\" rel=\"nofollow noopener\">communiqu\u00e9<\/a>.<\/p>\n<p data-end=\"2525\" data-start=\"2098\">Les documents confirment le transfert ill\u00e9gal d\u2019enfants des oblasts de <strong data-end=\"2200\" data-start=\"2169\">Kherson, Zaporijia, Donetsk<\/strong> et <strong data-end=\"2216\" data-start=\"2204\">Louhansk<\/strong>, tous partiellement ou totalement occup\u00e9s. \u00ab\u00a0Des milliers de dossiers contenant des informations inestimables sur l\u2019un des plus grands crimes de guerre de la F\u00e9d\u00e9ration de Russie, l\u2019enl\u00e8vement d\u2019enfants ukrainiens, ont d\u00e9j\u00e0 \u00e9t\u00e9 transf\u00e9r\u00e9s aux forces de l\u2019ordre\u00a0\u00bb, a confirm\u00e9 le porte-parole du GUR, Andrii Yusov, d\u00e9termin\u00e9 \u00e0 ce que ces enfants reviennent en Ukraine.<\/p>\n<p>En mars\u00a02023, la Cour p\u00e9nale internationale (CPI) a \u00e9mis des mandats d\u2019arr\u00eat contre le pr\u00e9sident russe Vladimir Poutine et la commissaire russe \u00e0 l\u2019enfance, Maria Lvova-Belova, pour leur r\u00f4le pr\u00e9sum\u00e9 dans ces transferts ill\u00e9gaux d\u2019enfants ukrainiens.<\/p>\n<p>                                                                                                                                                                                                        <script async src=\"https:\/\/platform.twitter.com\/widgets.js\" charset=\"utf-8\"><\/script><\/p>\n","protected":false},"excerpt":{"rendered":"Le fondateur de l\u2019ONG Save Ukraine, qui \u0153uvre \u00e0 rapatrier les enfants ukrainiens enlev\u00e9s par la Russie depuis&hellip;\n","protected":false},"author":2,"featured_media":307769,"comment_status":"","ping_status":"","sticky":false,"template":"","format":"standard","meta":{"footnotes":""},"categories":[1591],"tags":[11,1887,12,1885,1886,132],"class_list":{"0":"post-307768","1":"post","2":"type-post","3":"status-publish","4":"format-standard","5":"has-post-thumbnail","7":"category-russie","8":"tag-actualites","9":"tag-federation-de-russie","10":"tag-news","11":"tag-russia","12":"tag-russian-federation","13":"tag-russie"},"share_on_mastodon":{"url":"https:\/\/pubeurope.com\/@fr\/114999967297237176","error":""},"_links":{"self":[{"href":"https:\/\/www.europesays.com\/fr\/wp-json\/wp\/v2\/posts\/307768","targetHints":{"allow":["GET"]}}],"collection":[{"href":"https:\/\/www.europesays.com\/fr\/wp-json\/wp\/v2\/posts"}],"about":[{"href":"https:\/\/www.europesays.com\/fr\/wp-json\/wp\/v2\/types\/post"}],"author":[{"embeddable":true,"href":"https:\/\/www.europesays.com\/fr\/wp-json\/wp\/v2\/users\/2"}],"replies":[{"embeddable":true,"href":"https:\/\/www.europesays.com\/fr\/wp-json\/wp\/v2\/comments?post=307768"}],"version-history":[{"count":0,"href":"https:\/\/www.europesays.com\/fr\/wp-json\/wp\/v2\/posts\/307768\/revisions"}],"wp:featuredmedia":[{"embeddable":true,"href":"https:\/\/www.europesays.com\/fr\/wp-json\/wp\/v2\/media\/307769"}],"wp:attachment":[{"href":"https:\/\/www.europesays.com\/fr\/wp-json\/wp\/v2\/media?parent=307768"}],"wp:term":[{"taxonomy":"category","embeddable":true,"href":"https:\/\/www.europesays.com\/fr\/wp-json\/wp\/v2\/categories?post=307768"},{"taxonomy":"post_tag","embeddable":true,"href":"https:\/\/www.europesays.com\/fr\/wp-json\/wp\/v2\/tags?post=307768"}],"curies":[{"name":"wp","href":"https:\/\/api.w.org\/{rel}","templated":true}]}}