{"id":307774,"date":"2025-08-09T17:25:10","date_gmt":"2025-08-09T17:25:10","guid":{"rendered":"https:\/\/www.europesays.com\/fr\/307774\/"},"modified":"2025-08-09T17:25:10","modified_gmt":"2025-08-09T17:25:10","slug":"365-militants-du-collectif-palestine-action-juge-terroriste-par-le-gouvernement-britannique-ont-ete-arretes-dans-les-rues-de-londres","status":"publish","type":"post","link":"https:\/\/www.europesays.com\/fr\/307774\/","title":{"rendered":"365 militants du collectif Palestine Action, jug\u00e9 terroriste par le gouvernement britannique, ont \u00e9t\u00e9 arr\u00eat\u00e9s dans les rues de Londres"},"content":{"rendered":"<p>\n                                                                    l&rsquo;essentiel<br \/>\n                                                                Des manifestants ont \u00e9t\u00e9 arr\u00eat\u00e9s \u00e0 Londres en raison d\u2019une manifestation de soutien \u00e0 l\u2019organisation Palestine Action. Cette organisation est consid\u00e9r\u00e9e comme terroriste par le gouvernement britannique depuis d\u00e9but juillet.\n                            <\/p>\n<p>Un total de 365 partisans de l\u2019organisation <a href=\"https:\/\/www.ladepeche.fr\/2025\/07\/28\/malgre-une-premiere-interdiction-plus-dune-centaine-de-manifestants-apportent-leur-soutien-aux-palestiniens-a-toulouse-12849109.php\" target=\"_self\" rel=\"nofollow noopener\">Palestine Action<\/a> ont \u00e9t\u00e9 arr\u00eat\u00e9s samedi lors d\u2019une manifestation de soutien \u00e0 Londres \u00e0 ce r\u00e9seau pro-palestinien, interdit depuis d\u00e9but juillet et class\u00e9 comme \u00ab\u00a0organisation terroriste\u00a0\u00bb, a indiqu\u00e9 sur X la police londonienne.<\/p>\n<p>\u00ab\u00a0Nous avons d\u00e9sormais arr\u00eat\u00e9 365 personnes sur Parliament Square\u00a0\u00bb, devant le Parlement britannique, a-t-elle \u00e9crit, expliquant avoir arr\u00eat\u00e9 ou \u00eatre \u00ab\u00a0en train de le faire\u00a0\u00bb \u00e0 toutes les personnes ayant brandi la pancarte \u00ab\u00a0Je m\u2019oppose au g\u00e9nocide, je soutiens Palestine Action\u00a0\u00bb (1).<\/p>\n<p>Sur place, des manifestants ont brandi d\u2019autres pancartes comme \u00ab\u00a0<a href=\"https:\/\/www.ladepeche.fr\/2025\/07\/27\/video-stop-genocide-a-gaza-un-message-clandestin-projete-sur-la-vaste-olympique-par-amnesty-international-12847106.php\" target=\"_self\" rel=\"nofollow noopener\">Agir contre le g\u00e9nocide<\/a> n\u2019est pas un crime\u00a0\u00bb ou \u00ab\u00a0Free Palestine\u00a0\u00bb. \u00ab\u00a0C\u2019est un imp\u00e9ratif moral d\u2019\u00eatre ici\u00a0\u00bb, a d\u00e9clar\u00e9 \u00e0 l\u2019AFP Mathilda, qui ne souhaite pas donner son patronyme.<\/p>\n<p>\u00ab\u00a0S\u2019ils veulent m\u2019arr\u00eater, je ne m\u2019enfuirai pas et je ne me cacherai pas\u00a0\u00bb, a ajout\u00e9 cette septuag\u00e9naire venue sp\u00e9cialement de Bristol, \u00e0 l\u2019ouest de Londres, et qui \u00e9tait assise aux c\u00f4t\u00e9s d\u2019autres manifestants avec la pancarte soutenant le groupe interdit.<\/p>\n<blockquote data-class=\"twitter-tweet\">\n<p lang=\"en\" dir=\"ltr\">Arrest update: The operation in Parliament Square continues. <\/p>\n<p>As of 6pm, 365 people had been arrested for supporting a proscribed organisation. <\/p>\n<p>There have been seven arrests for other offences including five for assaults on officers. Fortunately none were seriously injured.<\/p>\n<p>\u2014 Metropolitan Police (@metpoliceuk) <a href=\"https:\/\/twitter.com\/metpoliceuk\/status\/1954227384846053673?ref_src=twsrc%5Etfw\" rel=\"nofollow noopener\" target=\"_blank\">August 9, 2025<\/a><\/p><\/blockquote>\n<p>Une organisation consid\u00e9r\u00e9e comme terroriste<\/p>\n<p>De nombreux <a href=\"https:\/\/www.ladepeche.fr\/2025\/05\/28\/un-militant-pro-palestinien-escalade-la-facade-du-capitole-a-toulouse-pour-accrocher-un-drapeau-12726445.php\" target=\"_self\" rel=\"nofollow noopener\">drapeaux palestiniens<\/a> \u00e9taient visibles dans la foule, \u00e0 quelques pas de laquelle \u00e9taient align\u00e9es des voitures de police, a constat\u00e9 une journaliste de l\u2019AFP. La police avait mis en garde les participants contre les \u00ab\u00a0potentielles cons\u00e9quences p\u00e9nales\u00a0\u00bb de leurs actes.<\/p>\n<p>Les personnes arr\u00eat\u00e9es n\u2019ont pas oppos\u00e9 de r\u00e9sistance, beaucoup formant un \u00ab\u00a0V\u00a0\u00bb de la victoire avec leurs doigts, sous les applaudissements d\u2019autres manifestants, a constat\u00e9 une journaliste de l\u2019AFP.<\/p>\n<p>Palestine Action a \u00e9t\u00e9 ajout\u00e9e d\u00e9but juillet \u00e0 la liste des organisations consid\u00e9r\u00e9es comme \u00ab\u00a0<a href=\"https:\/\/www.ladepeche.fr\/2023\/12\/16\/hamas-il-y-a-une-forme-de-daechisation-du-mouvement-leurope-est-elle-sous-la-menace-dattentats-du-groupe-terroriste-11644072.php\" target=\"_self\" rel=\"nofollow noopener\">terroristes<\/a>\u00a0\u00bb au Royaume-Uni, apr\u00e8s des actes de vandalisme perp\u00e9tr\u00e9s par ses militants, notamment sur une base de l\u2019arm\u00e9e de l\u2019air.<\/p>\n<p class=\"std-elt__inline\">\n        <strong>\u00c0 lire aussi :<\/strong><br \/>\n        <a href=\"https:\/\/www.ladepeche.fr\/2025\/07\/29\/le-royaume-uni-reconnaitra-letat-de-palestine-en-septembre-sauf-si-israel-prend-certains-engagements-annonce-keir-starmer-12850803.php\" rel=\"nofollow noopener\" target=\"_blank\">Le Royaume-Uni reconna\u00eetra l\u2019Etat de Palestine en septembre, sauf si Isra\u00ebl prend certains engagements, annonce Keir Starmer<\/a>\n    <\/p>\n<p>Le groupe Defend Our Juries organise depuis des manifestations pour protester contre cette interdiction. \u00ab\u00a0Nous continuerons tant que le gouvernement tentera de faire taire ceux qui d\u00e9noncent sa complicit\u00e9 dans des crimes de guerre\u00a0\u00bb, a r\u00e9agi Defend Our Juries dans un communiqu\u00e9. \u00ab\u00a0Nous sommes d\u00e9j\u00e0 de plus en plus nombreux \u00e0 nous pr\u00e9parer pour la prochaine vague d\u2019actions en septembre.\u00a0\u00bb<\/p>\n<p>Jusqu\u2019\u00e0 14 ans de prison<\/p>\n<p>Le <a href=\"https:\/\/www.ladepeche.fr\/2025\/07\/29\/le-royaume-uni-reconnaitra-letat-de-palestine-en-septembre-sauf-si-israel-prend-certains-engagements-annonce-keir-starmer-12850803.php\" target=\"_self\" rel=\"nofollow noopener\">gouvernement britannique<\/a> affirme que les sympathisants \u00ab\u00a0ne connaissent pas la vraie nature\u00a0\u00bb de Palestine Action. \u00ab\u00a0Ce n\u2019est pas une organisation non violente\u00a0\u00bb, a assur\u00e9 la ministre de l\u2019Int\u00e9rieur Yvette Cooper, disant disposer d'\u00a0\u00bbinformations inqui\u00e9tantes\u00a0\u00bb sur ses projets.<\/p>\n<p>Plus de 200 partisans avaient d\u00e9j\u00e0 \u00e9t\u00e9 interpell\u00e9s avant la manifestation de samedi, selon Tim Crosland, un repr\u00e9sentant de Defend Our Juries.<\/p>\n<p class=\"std-elt__inline\">\n        <strong>\u00c0 lire aussi :<\/strong><br \/>\n        <a href=\"https:\/\/www.ladepeche.fr\/2025\/06\/11\/manifestations-en-soutien-a-gaza-des-militants-pro-palestine-occupent-le-capitole-apres-larrestation-de-passagers-du-madleen-12754679.php\" rel=\"nofollow noopener\" target=\"_blank\">Manifestations en soutien \u00e0 Gaza\u00a0: des militants pro-Palestine occupent la place du Capitole apr\u00e8s l\u2019arrestation de passagers du Madleen<\/a>\n    <\/p>\n<p>Trois personnes ont \u00e9t\u00e9 inculp\u00e9es en vertu de la loi antiterroriste jeudi pour avoir exprim\u00e9 leur soutien au mouvement, une infraction passible de jusqu\u2019\u00e0 6 mois de prison. L\u2019appartenance \u00e0 un groupe interdit ou l\u2019incitation \u00e0 le soutenir peut elle valoir jusqu\u2019\u00e0 14 ans de prison.<\/p>\n<p>(1) depuis, 165 autres personnes ont \u00e9t\u00e9 arr\u00eat\u00e9es<\/p>\n<p>                                                                                                                                                                                                        <script async src=\"https:\/\/platform.twitter.com\/widgets.js\" charset=\"utf-8\"><\/script><\/p>\n","protected":false},"excerpt":{"rendered":"l&rsquo;essentiel Des manifestants ont \u00e9t\u00e9 arr\u00eat\u00e9s \u00e0 Londres en raison d\u2019une manifestation de soutien \u00e0 l\u2019organisation Palestine Action.&hellip;\n","protected":false},"author":2,"featured_media":307775,"comment_status":"","ping_status":"","sticky":false,"template":"","format":"standard","meta":{"footnotes":""},"categories":[1588],"tags":[11,1777,674,12,473,1853,1851,1850,1852],"class_list":{"0":"post-307774","1":"post","2":"type-post","3":"status-publish","4":"format-standard","5":"has-post-thumbnail","7":"category-royaume-uni","8":"tag-actualites","9":"tag-eu","10":"tag-europe","11":"tag-news","12":"tag-royaume-uni","13":"tag-royaume-uni-de-grande-bretagne-et-dirlande-du-nord","14":"tag-uk","15":"tag-united-kingdom","16":"tag-united-kingdom-of-great-britain-and-northern-ireland"},"share_on_mastodon":{"url":"https:\/\/pubeurope.com\/@fr\/114999979068267568","error":""},"_links":{"self":[{"href":"https:\/\/www.europesays.com\/fr\/wp-json\/wp\/v2\/posts\/307774","targetHints":{"allow":["GET"]}}],"collection":[{"href":"https:\/\/www.europesays.com\/fr\/wp-json\/wp\/v2\/posts"}],"about":[{"href":"https:\/\/www.europesays.com\/fr\/wp-json\/wp\/v2\/types\/post"}],"author":[{"embeddable":true,"href":"https:\/\/www.europesays.com\/fr\/wp-json\/wp\/v2\/users\/2"}],"replies":[{"embeddable":true,"href":"https:\/\/www.europesays.com\/fr\/wp-json\/wp\/v2\/comments?post=307774"}],"version-history":[{"count":0,"href":"https:\/\/www.europesays.com\/fr\/wp-json\/wp\/v2\/posts\/307774\/revisions"}],"wp:featuredmedia":[{"embeddable":true,"href":"https:\/\/www.europesays.com\/fr\/wp-json\/wp\/v2\/media\/307775"}],"wp:attachment":[{"href":"https:\/\/www.europesays.com\/fr\/wp-json\/wp\/v2\/media?parent=307774"}],"wp:term":[{"taxonomy":"category","embeddable":true,"href":"https:\/\/www.europesays.com\/fr\/wp-json\/wp\/v2\/categories?post=307774"},{"taxonomy":"post_tag","embeddable":true,"href":"https:\/\/www.europesays.com\/fr\/wp-json\/wp\/v2\/tags?post=307774"}],"curies":[{"name":"wp","href":"https:\/\/api.w.org\/{rel}","templated":true}]}}