{"id":307780,"date":"2025-08-09T17:28:20","date_gmt":"2025-08-09T17:28:20","guid":{"rendered":"https:\/\/www.europesays.com\/fr\/307780\/"},"modified":"2025-08-09T17:28:20","modified_gmt":"2025-08-09T17:28:20","slug":"la-justice-europeenne-invalide-laccord-migratoire-de-giorgia-meloni-avec-lalbanie","status":"publish","type":"post","link":"https:\/\/www.europesays.com\/fr\/307780\/","title":{"rendered":"La justice europ\u00e9enne invalide l&rsquo;accord migratoire de Giorgia Meloni avec l\u2019Albanie"},"content":{"rendered":"<p>Giorgia Meloni se veut \u00e0 l\u2019avant-garde de deux batailles structurantes pour l\u2019avenir de l\u2019Union europ\u00e9enne (UE)\u00a0: la politique migratoire et <a href=\"https:\/\/www.humanite.fr\/monde\/giorgia-meloni\/atteintes-a-lindependance-de-la-justice-projet-de-loi-sur-la-securite-comment-giorgia-meloni-veut-transformer-litalie-en-etat-policier\" target=\"_blank\" rel=\"noopener\">la remise en cause de l\u2019ind\u00e9pendance de la justice<\/a>. La pr\u00e9sidente du Conseil des ministres (Fratelli d\u2019Italia, extr\u00eame droite) a subi un s\u00e9rieux revers le 1er\u00a0ao\u00fbt apr\u00e8s une d\u00e9cision de <a href=\"https:\/\/www.humanite.fr\/monde\/immigration\/centres-de-retention-en-albanie-la-cour-de-justice-de-lunion-europeenne-donne-raison-aux-juges-italiens\" target=\"_blank\" rel=\"noopener\">la Cour de justice de l\u2019Union europ\u00e9enne (CJUE)<\/a>.<\/p>\n<p>L\u2019acte invalide la base juridique de l\u2019accord migratoire quinquennal, sign\u00e9 entre l\u2019Italie et l\u2019Albanie en f\u00e9vrier 2024, qui permet \u00e0 Rome de transf\u00e9rer des immigr\u00e9s sans-papiers et les demandeurs d\u2019asile <a href=\"https:\/\/www.humanite.fr\/monde\/albanie\/albanie-la-nouvelle-prison-de-leurope\" target=\"_blank\" rel=\"noopener\">vers des centres pr\u00e8s de Tirana<\/a>. Cette gestion extraterritoriale des flux migratoires est sans pr\u00e9c\u00e9dent sur le continent et pr\u00e9figure\u00a0le pacte europ\u00e9en sur la migration et l\u2019asile qui entrera en vigueur en juin 2026.<\/p>\n<p>La d\u00e9signation de \u00ab\u00a0pays d\u2019origine s\u00fbrs\u00a0\u00bb au c\u0153ur de la d\u00e9cision<\/p>\n<p>Au c\u0153ur de la d\u00e9cision de la\u00a0CJUE, on trouve la d\u00e9signation par l\u2019Italie de <a href=\"https:\/\/www.humanite.fr\/monde\/commission-europeenne\/ces-pays-sont-connus-pour-leurs-violations-des-droits-humains-les-associations-vent-debout-contre-la-liste-des-pays-surs-de-bruxelles-pour-accele\" target=\"_blank\" rel=\"noopener\">\u00ab\u00a0pays d\u2019origine s\u00fbrs\u00a0\u00bb<\/a>, c\u2019est-\u00e0-dire de pays qui, selon Rome, ne pr\u00e9sentent aucun risque pour le retour. Le Bangladesh, la Tunisie ou l\u2019\u00c9gypte, o\u00f9 les opposants politiques et les minorit\u00e9s sont vivement r\u00e9prim\u00e9s, font partie de cette liste.<\/p>\n<p>Cette disposition sur les \u00ab\u00a0pays s\u00fbrs\u00a0\u00bb est \u00e9galement contenue dans le futur pacte europ\u00e9en\u00a0dont la CJUE reconna\u00eet qu\u2019il sera susceptible de changer les r\u00e8gles \u00e0 l\u2019avenir. Pour l\u2019heure, selon l\u2019instance, cette liste doit notamment \u00eatre soumise \u00e0 un contr\u00f4le du pouvoir judiciaire. Elle donne ainsi raison aux juges du tribunal de Rome qui contestent la l\u00e9galit\u00e9 du transfert en Albanie de <a href=\"https:\/\/www.humanite.fr\/societe\/sos-mediterranee\/dix-ans-de-sos-mediterranee-on-sauve-des-vies-un-point-cest-tout\" target=\"_blank\" rel=\"noopener\">personnes secourues en M\u00e9diterran\u00e9e<\/a>.<\/p>\n<p>Giorgia Meloni, qui a l\u2019oreille de la pr\u00e9sidente de la Commission europ\u00e9enne <a href=\"https:\/\/www.humanite.fr\/monde\/parlement-europeen\/pfizergate-ursula-von-der-leyen-visee-par-une-motion-de-censure\" target=\"_blank\" rel=\"noopener\">Ursula von der Leyen<\/a>, accuse une nouvelle fois la justice d\u2019ing\u00e9rence dans les affaires politiques. La r\u00e9ponse du\u00a0pr\u00e9sident de l\u2019Association nationale des magistrats, Cesare Parodi, est sans appel\u00a0: \u00ab\u00a0Les juges italiens ont propos\u00e9 une interpr\u00e9tation qui a d\u00e9sormais \u00e9t\u00e9 confirm\u00e9e par la Cour europ\u00e9enne. C\u2019est un fait, pas une question politique.\u00a0\u00bb<\/p>\n<p><strong>Aux c\u00f4t\u00e9s de celles et ceux qui luttent\u00a0!<\/strong><\/p>\n<p>L\u2019urgence sociale, c\u2019est chaque jour la priorit\u00e9 de l\u2019Humanit\u00e9.\u00a0<\/p>\n<ul class=\"wp-block-list\">\n<li>En exposant la violence patronale.\u00a0<\/li>\n<\/ul>\n<ul class=\"wp-block-list\">\n<li>En montrant ce que vivent celles et ceux qui travaillent et ceux qui aspirent \u00e0 le faire.\u00a0<\/li>\n<\/ul>\n<ul class=\"wp-block-list\">\n<li>En donnant des cl\u00e9s de compr\u00e9hension et des outils aux salari\u00e9.es pour se d\u00e9fendre contre les politiques ultralib\u00e9rales qui d\u00e9gradent leur qualit\u00e9 de vie.\u00a0<\/li>\n<\/ul>\n<p><strong>Vous connaissez d\u2019autres m\u00e9dias qui font \u00e7a\u202f?\u00a0\u00a0<\/strong><br \/><a href=\"https:\/\/www.humanite.fr\/lhumanite-cest-vous\" target=\"_blank\" rel=\"noopener\">Je veux en savoir plus\u00a0!<\/a><\/p>\n","protected":false},"excerpt":{"rendered":"Giorgia Meloni se veut \u00e0 l\u2019avant-garde de deux batailles structurantes pour l\u2019avenir de l\u2019Union europ\u00e9enne (UE)\u00a0: la politique&hellip;\n","protected":false},"author":2,"featured_media":307781,"comment_status":"","ping_status":"","sticky":false,"template":"","format":"standard","meta":{"footnotes":""},"categories":[1586],"tags":[11,5230,34267,1777,674,1779,1011,27,3044,452,303,12,25,1778,364,2475],"class_list":{"0":"post-307780","1":"post","2":"type-post","3":"status-publish","4":"format-standard","5":"has-post-thumbnail","7":"category-europe","8":"tag-actualites","9":"tag-albanie","10":"tag-droit-dasile","11":"tag-eu","12":"tag-europe","13":"tag-european-union","14":"tag-fr","15":"tag-france","16":"tag-giorgia-meloni","17":"tag-italie","18":"tag-justice","19":"tag-news","20":"tag-republique-francaise","21":"tag-ue","22":"tag-union-europeenne","23":"tag-union-europu00e9enne"},"share_on_mastodon":{"url":"https:\/\/pubeurope.com\/@fr\/114999990908639521","error":""},"_links":{"self":[{"href":"https:\/\/www.europesays.com\/fr\/wp-json\/wp\/v2\/posts\/307780","targetHints":{"allow":["GET"]}}],"collection":[{"href":"https:\/\/www.europesays.com\/fr\/wp-json\/wp\/v2\/posts"}],"about":[{"href":"https:\/\/www.europesays.com\/fr\/wp-json\/wp\/v2\/types\/post"}],"author":[{"embeddable":true,"href":"https:\/\/www.europesays.com\/fr\/wp-json\/wp\/v2\/users\/2"}],"replies":[{"embeddable":true,"href":"https:\/\/www.europesays.com\/fr\/wp-json\/wp\/v2\/comments?post=307780"}],"version-history":[{"count":0,"href":"https:\/\/www.europesays.com\/fr\/wp-json\/wp\/v2\/posts\/307780\/revisions"}],"wp:featuredmedia":[{"embeddable":true,"href":"https:\/\/www.europesays.com\/fr\/wp-json\/wp\/v2\/media\/307781"}],"wp:attachment":[{"href":"https:\/\/www.europesays.com\/fr\/wp-json\/wp\/v2\/media?parent=307780"}],"wp:term":[{"taxonomy":"category","embeddable":true,"href":"https:\/\/www.europesays.com\/fr\/wp-json\/wp\/v2\/categories?post=307780"},{"taxonomy":"post_tag","embeddable":true,"href":"https:\/\/www.europesays.com\/fr\/wp-json\/wp\/v2\/tags?post=307780"}],"curies":[{"name":"wp","href":"https:\/\/api.w.org\/{rel}","templated":true}]}}