{"id":307790,"date":"2025-08-09T17:34:11","date_gmt":"2025-08-09T17:34:11","guid":{"rendered":"https:\/\/www.europesays.com\/fr\/307790\/"},"modified":"2025-08-09T17:34:11","modified_gmt":"2025-08-09T17:34:11","slug":"jalibert-woki-vergnes-voila-dexcellentes-nouvelles-pour-lubb","status":"publish","type":"post","link":"https:\/\/www.europesays.com\/fr\/307790\/","title":{"rendered":"Jalibert, Woki, Vergnes&#8230; Voil\u00e0 d&rsquo;excellentes nouvelles pour l&rsquo;UBB !"},"content":{"rendered":"<p>Le groupe Bordelais a r\u00e9cemment repris le chemin de l\u2019entra\u00eenement afin de pr\u00e9parer la saison 2025 \/ 2026.<\/p>\n<p>Les vice-champions de France en titre sont d\u00e9termin\u00e9s \u00e0 rapidement se requalifier pour une finale de championnat et esp\u00e8rent cette fois-ci pouvoir soulever le Bouclier de Brennus.<\/p>\n<p>Et comme l\u2019explique <a href=\"https:\/\/www.sudouest.fr\/sport\/rugby\/bordeaux-begles\/bordeaux-begles-optimisme-pour-jalibert-et-woki-taufa-a-prolonge-25504061.php\" rel=\"nofollow noopener\" target=\"_blank\">Sud-Ouest<\/a>, l\u2019UBB r\u00e9cup\u00e8re peu \u00e0 peu ses forces vives apr\u00e8s une tourn\u00e9e \u00e9prouvante avec le XV de France.<\/p>\n<p>Ainsi, Cameron Woki, touch\u00e9 au genou, et Bastien Vergnes, victime d\u2019une entorse \u00e0 la cheville, devraient \u00eatre op\u00e9rationnels pour le deuxi\u00e8me match amical face \u00e0 Montauban, pr\u00e9vu le 28 ao\u00fbt \u00e0 Agen.<\/p>\n<p>De son c\u00f4t\u00e9, Matthieu Jalibert poursuit sa remise en forme apr\u00e8s une intervention sur le tendon rotulien d\u00e9but juillet.<\/p>\n<p>D\u00e9sormais capable de courir sans douleur, l\u2019ouvreur international pourrait effectuer son retour d\u00e8s la reprise du Top 14.<\/p>\n<p>Voil\u00e0 d\u2019excellentes nouvelles pour Yannick Bru.<\/p>\n<p>En revanche, le troisi\u00e8me ligne Lachlan Swinton et le centre Janse Van Rensburg, op\u00e9r\u00e9s respectivement du tendon rotulien et des adducteurs, devraient reprendre courant septembre.<\/p>\n<p>Enfin, Adam Coleman a \u00e9t\u00e9 op\u00e9r\u00e9 d\u2019une appendicite jeudi.<\/p>\n","protected":false},"excerpt":{"rendered":"Le groupe Bordelais a r\u00e9cemment repris le chemin de l\u2019entra\u00eenement afin de pr\u00e9parer la saison 2025 \/ 2026.&hellip;\n","protected":false},"author":2,"featured_media":307791,"comment_status":"","ping_status":"","sticky":false,"template":"","format":"standard","meta":{"footnotes":""},"categories":[1416],"tags":[1011,27,479,1468,60],"class_list":{"0":"post-307790","1":"post","2":"type-post","3":"status-publish","4":"format-standard","5":"has-post-thumbnail","7":"category-rugby","8":"tag-fr","9":"tag-france","10":"tag-rugby","11":"tag-rugby-football","12":"tag-sports"},"share_on_mastodon":{"url":"https:\/\/pubeurope.com\/@fr\/115000014514138598","error":""},"_links":{"self":[{"href":"https:\/\/www.europesays.com\/fr\/wp-json\/wp\/v2\/posts\/307790","targetHints":{"allow":["GET"]}}],"collection":[{"href":"https:\/\/www.europesays.com\/fr\/wp-json\/wp\/v2\/posts"}],"about":[{"href":"https:\/\/www.europesays.com\/fr\/wp-json\/wp\/v2\/types\/post"}],"author":[{"embeddable":true,"href":"https:\/\/www.europesays.com\/fr\/wp-json\/wp\/v2\/users\/2"}],"replies":[{"embeddable":true,"href":"https:\/\/www.europesays.com\/fr\/wp-json\/wp\/v2\/comments?post=307790"}],"version-history":[{"count":0,"href":"https:\/\/www.europesays.com\/fr\/wp-json\/wp\/v2\/posts\/307790\/revisions"}],"wp:featuredmedia":[{"embeddable":true,"href":"https:\/\/www.europesays.com\/fr\/wp-json\/wp\/v2\/media\/307791"}],"wp:attachment":[{"href":"https:\/\/www.europesays.com\/fr\/wp-json\/wp\/v2\/media?parent=307790"}],"wp:term":[{"taxonomy":"category","embeddable":true,"href":"https:\/\/www.europesays.com\/fr\/wp-json\/wp\/v2\/categories?post=307790"},{"taxonomy":"post_tag","embeddable":true,"href":"https:\/\/www.europesays.com\/fr\/wp-json\/wp\/v2\/tags?post=307790"}],"curies":[{"name":"wp","href":"https:\/\/api.w.org\/{rel}","templated":true}]}}