{"id":307793,"date":"2025-08-09T17:36:27","date_gmt":"2025-08-09T17:36:27","guid":{"rendered":"https:\/\/www.europesays.com\/fr\/307793\/"},"modified":"2025-08-09T17:36:27","modified_gmt":"2025-08-09T17:36:27","slug":"plusieurs-clubs-de-nm1-concernes-par-des-retraits-de-points-dont-5-pour-pays-de-fougeres","status":"publish","type":"post","link":"https:\/\/www.europesays.com\/fr\/307793\/","title":{"rendered":"Plusieurs clubs de NM1 concern\u00e9s par des retraits de points, dont 5 pour Pays de Foug\u00e8res"},"content":{"rendered":"<p>Vainqueur du Troph\u00e9e Coupe de France 2024 et promu en NM1 cette saison, Pays de Foug\u00e8res a vu sa mission maintien prendre une tournure beaucoup plus difficile en ce vendredi 10 janvier. Le club breton a \u00e9t\u00e9 lourdement sanctionn\u00e9 la Commission de Contr\u00f4le de Gestion de la FFBB, qui a appliqu\u00e9 des retraits de points et des p\u00e9nalit\u00e9s financi\u00e8res \u00e0 9 clubs de NM1 au total.<\/p>\n<p>LIRE AUSSI<\/p>\n<p><a title=\"La Roche Vend\u00e9e lourdement sanctionn\u00e9e par la FFBB\" href=\"https:\/\/www.bebasket.fr\/la-roche-vendee-lourdement-sanctionnee-par-la-ffbb\" rel=\"nofollow noopener\" target=\"_blank\"> <img decoding=\"async\" src=\"https:\/\/www.europesays.com\/fr\/wp-content\/uploads\/2025\/08\/la-roche-vende-1efcf444-5dd2-6864-845a-b5e859c62868.webp.webp\" alt=\"la roche vend\u00e9e ffbb\"\/> <\/a><\/p>\n<p><strong>Des retraits de points pour 4 clubs\u00a0<\/strong><\/p>\n<p>\u00c0 l\u2019instar de La Roche Vend\u00e9e en La Boulang\u00e8re Wonderligue, <strong>Pays de Foug\u00e8res<\/strong> se voit retirer des points pour l\u2019exercice en cours. Au nombre de cinq pour les phases 1 et 2 de Nationale 1, pour pr\u00e9sentation d\u2019une situation nette n\u00e9gative pour un club acc\u00e9dant en division sup\u00e9rieure, ainsi que la production de documents incomplets, ou non fiables, ou ne pr\u00e9sentant pas la r\u00e9alit\u00e9 de la situation financi\u00e8re du club. Actuel 8e de la poule A gr\u00e2ce \u00e0 une bonne premi\u00e8re partie de saison (27 points), l\u2019\u00e9quipe de Mathieu Lemercier se retrouverait alors \u00e0 \u00e9galit\u00e9 de points avec Poissy (22), avant-dernier, juste devant le P\u00f4le France (20).<\/p>\n<p>Outre Pays de Foug\u00e8res, <strong>Avignon \u2013 Le Pontet<\/strong>, <strong>le Stade Toulousain<\/strong> et <strong>Vitr\u00e9<\/strong> se voient \u00e9galement retirer des points, respectivement deux pour les clubs du Sud, et un pour celui d\u2019Ille-et-Vilaine. Par ailleurs, Berck, Besan\u00e7on, Boulogne-sur-Mer, Feurs et les Sables Vend\u00e9e ont \u00e9t\u00e9 sanctionn\u00e9s de p\u00e9nalit\u00e9s financi\u00e8res.<\/p>\n<blockquote class=\"normal\"><p>\n<strong>Les d\u00e9cisions de la CCG\u00a0<\/strong><\/p>\n<p style=\"text-align:left\">Conform\u00e9ment aux dispositions de l\u2019article 924 des R\u00e8glements G\u00e9n\u00e9raux FFBB, les clubs peuvent interjeter appel devant la Chambre d\u2019Appel \u00e0 l\u2019encontre des d\u00e9cisions de la Commission de Contr\u00f4le de Gestion, dans un d\u00e9lai de 10 jours ouvrables \u00e0 compter de la date de r\u00e9ception de la d\u00e9cision.<\/p>\n<p style=\"text-align:center\"><strong>US Avignon Le Pontet Basket-Ball<\/strong><\/p>\n<p style=\"text-align:left\"><strong>Griefs<\/strong><\/p>\n<ul>\n<li style=\"text-align:left\">D\u00e9passement de l\u2019encadrement des charges de personnel sur la saison 2023\/24<\/li>\n<li style=\"text-align:left\">Non-respect du budget valid\u00e9 sur la saison 2023\/24<\/li>\n<li style=\"text-align:left\">Non-respect de l\u2019obligation de constitution du fonds de r\u00e9serve sur la saison 2023\/24<\/li>\n<li style=\"text-align:left\">Production de documents incomplets, ou non fiables, ou ne pr\u00e9sentant pas la r\u00e9alit\u00e9 de la situation financi\u00e8re du club<\/li>\n<\/ul>\n<p style=\"text-align:left\"><strong>D\u00e9cision<\/strong><\/p>\n<ul>\n<li style=\"text-align:left\">Retrait de 2 points au classement des phases 1 et 2 du Championnat NM1 2024\/25<\/li>\n<li style=\"text-align:left\">P\u00e9nalit\u00e9 financi\u00e8re de 2 000 \u20ac<\/li>\n<li style=\"text-align:left\">Interdiction de recrutement pour d\u00e9passement de l\u2019encadrement des charges de personnel 2023\/24, non-respect du budget valid\u00e9 2023\/24, non-respect de l\u2019obligation de fonds de r\u00e9serve de la saison 2023\/24 et production de documents incomplets, ou non fiables, ou ne pr\u00e9sentant pas la r\u00e9alit\u00e9 de la situation financi\u00e8re du club<\/li>\n<\/ul>\n<p style=\"text-align:center\"><strong>Berck<\/strong><\/p>\n<p style=\"text-align:left\"><strong>Griefs<\/strong><\/p>\n<ul>\n<li style=\"text-align:left\">Non-respect du budget valid\u00e9 sur la saison 2023\/24<\/li>\n<li style=\"text-align:left\">Non-respect de l\u2019obligation de constitution du fonds de r\u00e9serve sur la saison 2023\/24<\/li>\n<\/ul>\n<p style=\"text-align:left\"><strong>D\u00e9cision<\/strong><\/p>\n<ul>\n<li style=\"text-align:left\">P\u00e9nalit\u00e9 financi\u00e8re de 1 300 \u20ac pour non-respect du budget valid\u00e9 2023\/24 et non-respect de l\u2019obligation de fonds de r\u00e9serve de la saison 2023\/24<\/li>\n<\/ul>\n<p style=\"text-align:center\"><strong>Besan\u00e7on<\/strong><\/p>\n<p style=\"text-align:left\"><strong>Griefs<\/strong><\/p>\n<ul>\n<li style=\"text-align:left\">D\u00e9passement de l\u2019encadrement des charges de personnel sur la saison 2023\/24<\/li>\n<li style=\"text-align:left\">Non-respect du budget valid\u00e9 sur la saison 2023\/24<\/li>\n<li style=\"text-align:left\">Non-respect de l\u2019obligation de constitution du fonds de r\u00e9serve sur la saison 2023\/24<\/li>\n<\/ul>\n<p style=\"text-align:left\"><strong>D\u00e9cision<\/strong><\/p>\n<ul>\n<li style=\"text-align:left\">P\u00e9nalit\u00e9 financi\u00e8re de 1 200 \u20ac pour d\u00e9passement de l\u2019encadrement des charges de personnel 2023\/24<\/li>\n<li style=\"text-align:left\">P\u00e9nalit\u00e9 financi\u00e8re de 8 000 \u20ac pour non-respect du budget valid\u00e9 2023\/24 et non-respect de l\u2019obligation de fonds de r\u00e9serve de la saison 2023\/24<\/li>\n<\/ul>\n<p style=\"text-align:center\"><strong>Boulogne-sur-Mer<\/strong><\/p>\n<p style=\"text-align:left\"><strong>Griefs<\/strong><\/p>\n<ul>\n<li style=\"text-align:left\">Non-respect du budget valid\u00e9 sur la saison 2023\/24<\/li>\n<li style=\"text-align:left\">Non-respect de l\u2019obligation de constitution du fonds de r\u00e9serve sur la saison 2023\/24<\/li>\n<li style=\"text-align:left\">Production de documents incomplets, ou non fiables, ou ne pr\u00e9sentant pas la r\u00e9alit\u00e9 de la situation financi\u00e8re du club<\/li>\n<\/ul>\n<p style=\"text-align:left\"><strong>D\u00e9cision<\/strong><\/p>\n<ul>\n<li style=\"text-align:left\">P\u00e9nalit\u00e9 financi\u00e8re de 6 000 \u20ac pour non-respect du budget valid\u00e9 2023\/24, non-respect de l\u2019obligation de fonds de r\u00e9serve de la saison 2023\/24 et production de documents incomplets, ou non fiables, ou ne pr\u00e9sentant pas la r\u00e9alit\u00e9 de la situation financi\u00e8re du club<\/li>\n<\/ul>\n<p style=\"text-align:center\"><strong>Feurs<\/strong><\/p>\n<p style=\"text-align:left\"><strong>Griefs<\/strong><\/p>\n<ul>\n<li style=\"text-align:left\">Non-respect du budget valid\u00e9 sur la saison 2023\/24<\/li>\n<li style=\"text-align:left\">Non-respect de l\u2019obligation de constitution du fonds de r\u00e9serve sur la saison 2023\/24<\/li>\n<\/ul>\n<p style=\"text-align:left\"><strong>D\u00e9cision<\/strong><\/p>\n<ul>\n<li style=\"text-align:left\">P\u00e9nalit\u00e9 financi\u00e8re de 2 300 \u20ac pour non-respect du budget valid\u00e9 2023\/24 et non-respect de l\u2019obligation de fonds de r\u00e9serve de la saison 2023\/24<\/li>\n<\/ul>\n<p style=\"text-align:center\"><strong>Pays de Foug\u00e8res<\/strong><\/p>\n<p style=\"text-align:left\"><strong>Griefs<\/strong><\/p>\n<ul>\n<li style=\"text-align:left\">Pr\u00e9sentation d\u2019une situation nette n\u00e9gative pour un club acc\u00e9dant en division sup\u00e9rieure<\/li>\n<li style=\"text-align:left\">Production de documents incomplets, ou non fiables, ou ne pr\u00e9sentant pas la r\u00e9alit\u00e9 de la situation financi\u00e8re du club<\/li>\n<\/ul>\n<p style=\"text-align:left\"><strong>D\u00e9cision<\/strong><\/p>\n<ul>\n<li style=\"text-align:left\">Retrait de 5 points au classement des phases 1 et 2 du championnat NM1 2024\/25<\/li>\n<li style=\"text-align:left\">P\u00e9nalit\u00e9 financi\u00e8re de 2 000 \u20ac pour production de documents incomplets, ou non fiables, ou ne pr\u00e9sentant pas la r\u00e9alit\u00e9 de la situation financi\u00e8re du club et pr\u00e9sentation d\u2019une situation nette n\u00e9gative pour un club acc\u00e9dant en division sup\u00e9rieure<\/li>\n<\/ul>\n<p style=\"text-align:center\"><strong>Les Sables Vend\u00e9e<\/strong><\/p>\n<p style=\"text-align:left\"><strong>Griefs<\/strong><\/p>\n<ul>\n<li style=\"text-align:left\">D\u00e9passement de l\u2019encadrement des charges de personnel sur la saison 2023\/24<\/li>\n<li style=\"text-align:left\">Non-respect du budget valid\u00e9 sur la saison 2023\/24<\/li>\n<li style=\"text-align:left\">Non-respect de l\u2019obligation de constitution du fonds de r\u00e9serve sur la saison 2023\/24<\/li>\n<\/ul>\n<p style=\"text-align:left\"><strong>D\u00e9cision<\/strong><\/p>\n<ul>\n<li style=\"text-align:left\">P\u00e9nalit\u00e9 financi\u00e8re de 4 500 \u20ac pour d\u00e9passement de l\u2019encadrement des charges de personnel 2023\/24<\/li>\n<li style=\"text-align:left\">P\u00e9nalit\u00e9 financi\u00e8re de 5 000 \u20ac pour non-respect du budget valid\u00e9 2023\/24 et non-respect de l\u2019obligation de fonds de r\u00e9serve de la saison 2023\/24<\/li>\n<\/ul>\n<p style=\"text-align:center\"><strong>Stade Toulousain<\/strong><\/p>\n<p style=\"text-align:left\"><strong>Griefs<\/strong><\/p>\n<ul>\n<li style=\"text-align:left\">D\u00e9passement de l\u2019encadrement des charges de personnel sur la saison 2023\/24<\/li>\n<li style=\"text-align:left\">Non-respect du budget valid\u00e9 sur la saison 2023\/24<\/li>\n<li style=\"text-align:left\">Non-respect de l\u2019obligation de constitution du fonds de r\u00e9serve sur la saison 2023\/24<\/li>\n<li style=\"text-align:left\">Production de documents incomplets, ou non fiables, ou ne pr\u00e9sentant pas la r\u00e9alit\u00e9 de la situation financi\u00e8re du club<\/li>\n<\/ul>\n<p style=\"text-align:left\"><strong>D\u00e9cision<\/strong><\/p>\n<ul>\n<li style=\"text-align:left\">P\u00e9nalit\u00e9 financi\u00e8re de 2 000 \u20ac pour le d\u00e9passement de l\u2019encadrement des charges de personnel de la saison 2023\/24<\/li>\n<li style=\"text-align:left\">Retrait de 2 points au classement des phases 1 et 2 du Championnat NM1 2024\/25<\/li>\n<li style=\"text-align:left\">Blocage des charges de personnel 2024\/25 au montant du Tableau des Ressources Humaines pour le non-respect du budget valid\u00e9 2023\/24, le non-respect de l\u2019obligation de fonds de r\u00e9serve de la saison 2023\/24 et la production de documents incomplets, ou non fiables, ou ne pr\u00e9sentant pas la r\u00e9alit\u00e9 de la situation financi\u00e8re du club<\/li>\n<\/ul>\n<p style=\"text-align:center\"><strong>Aurore Vitr\u00e9<\/strong><\/p>\n<p style=\"text-align:left\"><strong>Griefs<\/strong><\/p>\n<ul>\n<li style=\"text-align:left\">D\u00e9passement de l\u2019encadrement des charges de personnel sur la saison 2023\/24<\/li>\n<li style=\"text-align:left\">Non-respect du budget valid\u00e9 sur la saison 2023\/24<\/li>\n<li style=\"text-align:left\">Non-respect de l\u2019obligation de constitution du fonds de r\u00e9serve sur la saison 2023\/24<\/li>\n<li style=\"text-align:left\">Production de documents incomplets, ou non fiables, ou ne pr\u00e9sentant pas la r\u00e9alit\u00e9 de la situation financi\u00e8re du club<\/li>\n<\/ul>\n<p style=\"text-align:left\"><strong>D\u00e9cision<\/strong><\/p>\n<ul>\n<li style=\"text-align:left\">P\u00e9nalit\u00e9 financi\u00e8re de 2 000 \u20ac pour le d\u00e9passement de l\u2019encadrement des charges de personnel de la saison 2023\/24<\/li>\n<li style=\"text-align:left\">Retrait d\u20191 point au classement des phases 1 et 2 du Championnat NM1 2024\/25<\/li>\n<li style=\"text-align:left\">Blocage des charges de personnel 2024\/25 au montant du Tableau des Ressources Humaines pour le non-respect du budget valid\u00e9 2023\/24, le non-respect de l\u2019obligation de fonds de r\u00e9serve de la saison 2023\/24 et la production de documents incomplets, ou non fiables, ou ne pr\u00e9sentant pas la r\u00e9alit\u00e9 de la situation financi\u00e8re du club<\/li>\n<\/ul>\n<\/blockquote>\n","protected":false},"excerpt":{"rendered":"Vainqueur du Troph\u00e9e Coupe de France 2024 et promu en NM1 cette saison, Pays de Foug\u00e8res a vu&hellip;\n","protected":false},"author":2,"featured_media":307794,"comment_status":"","ping_status":"","sticky":false,"template":"","format":"standard","meta":{"footnotes":""},"categories":[1414],"tags":[1465,1464,1011,27,60],"class_list":{"0":"post-307793","1":"post","2":"type-post","3":"status-publish","4":"format-standard","5":"has-post-thumbnail","7":"category-basket","8":"tag-basket","9":"tag-basketball","10":"tag-fr","11":"tag-france","12":"tag-sports"},"share_on_mastodon":{"url":"https:\/\/pubeurope.com\/@fr\/115000022500679269","error":""},"_links":{"self":[{"href":"https:\/\/www.europesays.com\/fr\/wp-json\/wp\/v2\/posts\/307793","targetHints":{"allow":["GET"]}}],"collection":[{"href":"https:\/\/www.europesays.com\/fr\/wp-json\/wp\/v2\/posts"}],"about":[{"href":"https:\/\/www.europesays.com\/fr\/wp-json\/wp\/v2\/types\/post"}],"author":[{"embeddable":true,"href":"https:\/\/www.europesays.com\/fr\/wp-json\/wp\/v2\/users\/2"}],"replies":[{"embeddable":true,"href":"https:\/\/www.europesays.com\/fr\/wp-json\/wp\/v2\/comments?post=307793"}],"version-history":[{"count":0,"href":"https:\/\/www.europesays.com\/fr\/wp-json\/wp\/v2\/posts\/307793\/revisions"}],"wp:featuredmedia":[{"embeddable":true,"href":"https:\/\/www.europesays.com\/fr\/wp-json\/wp\/v2\/media\/307794"}],"wp:attachment":[{"href":"https:\/\/www.europesays.com\/fr\/wp-json\/wp\/v2\/media?parent=307793"}],"wp:term":[{"taxonomy":"category","embeddable":true,"href":"https:\/\/www.europesays.com\/fr\/wp-json\/wp\/v2\/categories?post=307793"},{"taxonomy":"post_tag","embeddable":true,"href":"https:\/\/www.europesays.com\/fr\/wp-json\/wp\/v2\/tags?post=307793"}],"curies":[{"name":"wp","href":"https:\/\/api.w.org\/{rel}","templated":true}]}}