{"id":307805,"date":"2025-08-09T17:42:13","date_gmt":"2025-08-09T17:42:13","guid":{"rendered":"https:\/\/www.europesays.com\/fr\/307805\/"},"modified":"2025-08-09T17:42:13","modified_gmt":"2025-08-09T17:42:13","slug":"mais-qui-est-cet-artiste-oublie-du-confluent","status":"publish","type":"post","link":"https:\/\/www.europesays.com\/fr\/307805\/","title":{"rendered":"Mais qui est cet artiste oubli\u00e9 du Confluent\u00a0?"},"content":{"rendered":"<p>            Par<br \/>\n        <strong><br \/>\n            <a href=\"https:\/\/actu.fr\/auteur\/journaliste-rg\" title=\"Consulter tous les articles de R\u00e9daction Pontoise\" target=\"_blank\" rel=\"noopener\">R\u00e9daction Pontoise<\/a><br \/>\n        <\/strong><\/p>\n<p>        Publi\u00e9 le<\/p>\n<p>            9 ao\u00fbt 2025 \u00e0 8h56        <\/p>\n<p data-end=\"1015\"><b>Renefer<\/b>, de son vrai nom Raymond Fontanet, est profond\u00e9ment li\u00e9 \u00e0 la ville d\u2019<a href=\"https:\/\/actu.fr\/ile-de-france\/andresy_78015\" target=\"_blank\" rel=\"noopener\">Andr\u00e9sy<\/a> (Yvelines),\u00a0o\u00f9 sa famille r\u00e9sidait. Tr\u00e8s jeune, il manifeste un attrait pour le dessin et la peinture, inspir\u00e9 par les paysages de la vall\u00e9e de la Seine. \u00c9tudiant l\u2019architecture et les Beaux-Arts \u00e0 Paris, il n\u2019en reste pas moins attach\u00e9 \u00e0 ses racines andr\u00e9siennes.<\/p>\n<p data-end=\"1015\" class=\" wall-content\">D\u00e8s l\u2019enfance, il s\u00e9journe r\u00e9guli\u00e8rement chez son oncle, <b>Alfred Chaudouet<\/b>, artisan peintre install\u00e9 rue de l\u2019\u00c9glise \u00e0 <b>Andr\u00e9sy<\/b>.<\/p>\n<p>Une \u00e9cole d\u2019art\u2026 \u00e0 Conflans<\/p>\n<p data-end=\"1015\" class=\" wall-content\">Ce cadre familial et le charme des lieux nourrissent son imaginaire artistique. Il dessine inlassablement la ville, ses champs, ses bords de <b>Seine<\/b>, captant les reflets changeants des eaux au confluent de l\u2019<b>Oise<\/b> et du fleuve.<\/p>\n<p data-end=\"1015\" class=\" wall-content\">En <b>1942<\/b>, il choisit de s\u2019y \u00e9tablir d\u00e9finitivement, dans une maison surplombant la Seine, <b>avenue Maurice-Berteaux<\/b>.<\/p>\n<p>Vid\u00e9os : en ce moment sur Actu<\/p>\n<p data-end=\"1926\" class=\" wall-content\">En <b>1946<\/b>, port\u00e9 par une volont\u00e9 de partage artistique, Renefer fonde avec plusieurs amis peintres l\u2019acad\u00e9mie de Conflans-Sainte-Honorine, \u00e9cole d\u2019\u00e9ducation artistique populaire. <b>\u00ab\u00a0Leur ambition \u00e9tait de rendre l\u2019art accessible \u00e0 tous\u00a0\u00bb<\/b>, explique <b>Gabrielle Thierry<\/b>, pr\u00e9sidente de l\u2019association Renefer.<\/p>\n<p data-end=\"1926\" class=\" wall-content\">Install\u00e9e au <b>Ch\u00e2teau du Prieur\u00e9<\/b>, l\u2019Acad\u00e9mie multiplie les initiatives : expositions de peinture, de sculpture, de gravure ou d\u2019arts d\u00e9coratifs, concours litt\u00e9raires et musicaux\u2026<\/p>\n<p data-end=\"1926\" class=\" wall-content\">Le but est de d\u00e9velopper la sensibilit\u00e9 artistique du public et d\u2019accompagner les jeunes talents.<\/p>\n<p data-end=\"1926\" class=\" wall-content\">En <b>1947<\/b>, cette dynamique culturelle pouss\u00e9e par Renefer, aboutit \u00e0 la cr\u00e9ation d\u2019un mus\u00e9e, soutenue par la municipalit\u00e9 : le<b> mus\u00e9e de l\u2019\u00e9cole de Conflans<\/b>. Ce lieu deviendra en 1966 <b>le mus\u00e9e de la Batellerie et des Voies Navigables<\/b>, perp\u00e9tuant l\u2019esprit d\u2019\u00e9ducation artistique et la valorisation du patrimoine local.<\/p>\n<p data-end=\"1926\" class=\" wall-content\">Pour faire revivre l\u2019\u0153uvre de Renefer et son regard sur le <b>Confluent<\/b>, l\u2019association qui porte son nom a imagin\u00e9, en partenariat avec la Ville, un parcours artistique en ext\u00e9rieur.<\/p>\n<p>Sur les pas de l\u2019artiste<\/p>\n<p data-end=\"2878\" class=\" wall-content\">Long de <b>2,1 km<\/b>, ce cheminement invite \u00e0 une red\u00e9couverte des paysages que l\u2019artiste a tant aim\u00e9s. <b>Neuf reproductions d\u2019\u0153uvres <\/b>\u2013 encres, aquarelles et huiles sur toile \u2013 jalonnent le parcours, r\u00e9parties entre les quais de Seine et les ruelles du Vieux-Conflans.<\/p>\n<p>    <img   decoding=\"async\" loading=\"lazy\" class=\"size-large\" src=\"https:\/\/www.europesays.com\/fr\/wp-content\/uploads\/2025\/08\/e3c3354ae5986f7c3354ae598dbc33v-960x640.jpg\" alt=\"L'association Renefer, pr\u00e9sid\u00e9e par Gabrielle Thierry et cr\u00e9\u00e9e en 2004, organise un parcours artistique en collaboration avec la Ville de Conflans.\" width=\"960\" height=\"640\"\/><br \/>\n    L\u2019association Renefer, pr\u00e9sid\u00e9e par Gabrielle Thierry et cr\u00e9\u00e9e en 2004, organise un parcours artistique en collaboration avec la Ville de Conflans. \u00a9Evan MARGERIN<\/p>\n<p data-end=\"2878\" class=\" wall-content\">Chaque tableau a \u00e9t\u00e9 install\u00e9 \u00e0 l\u2019endroit m\u00eame o\u00f9 <b>Renefer <\/b>posait son chevalet, pour une immersion fid\u00e8le dans ses pas.<\/p>\n<p data-end=\"2878\" class=\" wall-content\">Le visiteur peut ainsi comparer le point de vue actuel au regard que le peintre portait sur le paysage il y a plusieurs d\u00e9cennies. <b>\u00ab\u00a0L\u2019objectif est de faire conna\u00eetre cet artiste et de transmettre sa m\u00e9moire\u00a0\u00bb<\/b>, souligne Gabrielle Thierry. Une balade entre histoire, art et nature, \u00e0 la crois\u00e9e des eaux et des \u00e9motions.<\/p>\n<p data-end=\"2878\" class=\" wall-content\"><b>Evan MARGERIN<\/b><\/p>\n<p class=\" wall-content\">Suivez toute l\u2019actualit\u00e9 de vos villes et m\u00e9dias favoris en vous inscrivant \u00e0 <a href=\"https:\/\/moncompte.actu.fr\" title=\"D\u00e9couvez Mon Actu\" rel=\"nofollow noopener\" data-trk=\"{&quot;cta&quot;:{&quot;action&quot;:&quot;https:\\\/\\\/moncompte.actu.fr&quot;,&quot;category&quot;:&quot;mon compte&quot;,&quot;from&quot;:&quot;article footer&quot;,&quot;name&quot;:&quot;Mon actu&quot;,&quot;type&quot;:&quot;cta&quot;}}\" target=\"_blank\">Mon Actu<\/a>.<\/p>\n","protected":false},"excerpt":{"rendered":"Par R\u00e9daction Pontoise Publi\u00e9 le 9 ao\u00fbt 2025 \u00e0 8h56 Renefer, de son vrai nom Raymond Fontanet, est&hellip;\n","protected":false},"author":2,"featured_media":307806,"comment_status":"","ping_status":"","sticky":false,"template":"","format":"standard","meta":{"footnotes":""},"categories":[1358],"tags":[1348,1384,1385,7552,1386,58,59,1011,27,104],"class_list":{"0":"post-307805","1":"post","2":"type-post","3":"status-publish","4":"format-standard","5":"has-post-thumbnail","7":"category-arts-et-design","8":"tag-arts","9":"tag-arts-and-design","10":"tag-arts-et-design","11":"tag-balade","12":"tag-design","13":"tag-divertissement","14":"tag-entertainment","15":"tag-fr","16":"tag-france","17":"tag-societe"},"share_on_mastodon":{"url":"https:\/\/pubeurope.com\/@fr\/115000046025943959","error":""},"_links":{"self":[{"href":"https:\/\/www.europesays.com\/fr\/wp-json\/wp\/v2\/posts\/307805","targetHints":{"allow":["GET"]}}],"collection":[{"href":"https:\/\/www.europesays.com\/fr\/wp-json\/wp\/v2\/posts"}],"about":[{"href":"https:\/\/www.europesays.com\/fr\/wp-json\/wp\/v2\/types\/post"}],"author":[{"embeddable":true,"href":"https:\/\/www.europesays.com\/fr\/wp-json\/wp\/v2\/users\/2"}],"replies":[{"embeddable":true,"href":"https:\/\/www.europesays.com\/fr\/wp-json\/wp\/v2\/comments?post=307805"}],"version-history":[{"count":0,"href":"https:\/\/www.europesays.com\/fr\/wp-json\/wp\/v2\/posts\/307805\/revisions"}],"wp:featuredmedia":[{"embeddable":true,"href":"https:\/\/www.europesays.com\/fr\/wp-json\/wp\/v2\/media\/307806"}],"wp:attachment":[{"href":"https:\/\/www.europesays.com\/fr\/wp-json\/wp\/v2\/media?parent=307805"}],"wp:term":[{"taxonomy":"category","embeddable":true,"href":"https:\/\/www.europesays.com\/fr\/wp-json\/wp\/v2\/categories?post=307805"},{"taxonomy":"post_tag","embeddable":true,"href":"https:\/\/www.europesays.com\/fr\/wp-json\/wp\/v2\/tags?post=307805"}],"curies":[{"name":"wp","href":"https:\/\/api.w.org\/{rel}","templated":true}]}}