{"id":307811,"date":"2025-08-09T17:45:12","date_gmt":"2025-08-09T17:45:12","guid":{"rendered":"https:\/\/www.europesays.com\/fr\/307811\/"},"modified":"2025-08-09T17:45:12","modified_gmt":"2025-08-09T17:45:12","slug":"le-pinkpop-2002-de-system-of-a-down-en-video","status":"publish","type":"post","link":"https:\/\/www.europesays.com\/fr\/307811\/","title":{"rendered":"le Pinkpop 2002 de System Of A Down en vid\u00e9o"},"content":{"rendered":"<p><strong>Les archives du festival Pinkpop viennent de d\u00e9voiler une vid\u00e9o professionnelle du concert de <a href=\"https:\/\/www.metalzone.fr\/system-of-a-down\/\" rel=\"nofollow noopener\" target=\"_blank\">System Of A Down<\/a> en 2002, offrant un rare aper\u00e7u d\u2019une performance marqu\u00e9e par des impr\u00e9vus techniques et l\u2019\u00e9nergie singuli\u00e8re du groupe.<\/strong><\/p>\n<p>Un document rare issu des archives<\/p>\n<p>Film\u00e9e le 20 mai 2002 \u00e0 Landgraaf, aux Pays-Bas, cette captation montre quatorze titres extraits du passage de System Of A Down au Pinkpop, alors que le groupe connaissait un succ\u00e8s fulgurant avec Toxicity, certifi\u00e9 double platine quelques semaines plus t\u00f4t. Si le set original comptait vingt-deux morceaux, seule une partie figure dans cette diffusion officielle.<\/p>\n<p>Le d\u00e9but du concert fut perturb\u00e9 par des probl\u00e8mes techniques affectant la guitare de Daron Malakian. Profitant de cette pause forc\u00e9e, le musicien s\u2019est offert un moment inattendu : quelques pas de breakdance, une s\u00e9ance de crowdsurfing, puis une sieste sur sc\u00e8ne.<\/p>\n<p>Une setlist embl\u00e9matique<\/p>\n<p>La vid\u00e9o propose un concentr\u00e9 de l\u2019\u00e9nergie sc\u00e9nique du groupe, entre titres explosifs et instants plus inattendus, avec notamment une reprise de Madonna. Les chansons diffus\u00e9es sont :<\/p>\n<ol>\n<li>Prison Song<\/li>\n<li>DDevil<\/li>\n<li>Drugs<\/li>\n<li>Jet Pilot<\/li>\n<li>Deer Dance<\/li>\n<li>Know<\/li>\n<li>Suggestions<\/li>\n<li>Psycho<\/li>\n<li>Chop Suey!<\/li>\n<li>La Isla Bonita (de Madonna)<\/li>\n<li>Bounce<\/li>\n<li>ATWA<\/li>\n<li>DAM<\/li>\n<li>Aerials<\/li>\n<\/ol>\n<p>Ce document permet aussi de replonger dans une p\u00e9riode o\u00f9 le groupe dominait la sc\u00e8ne internationale, tout en cultivant une identit\u00e9 sc\u00e9nique unique, un point d\u00e9j\u00e0 mis en avant <a href=\"https:\/\/www.metalzone.fr\/news\/218182-daron-malakian-system-of-a-down-tranche-scene-nu-metal\/\" target=\"_blank\" rel=\"noopener nofollow\">dans cet article<\/a>.<\/p><\/p>\n","protected":false},"excerpt":{"rendered":"Les archives du festival Pinkpop viennent de d\u00e9voiler une vid\u00e9o professionnelle du concert de System Of A Down&hellip;\n","protected":false},"author":2,"featured_media":307812,"comment_status":"","ping_status":"","sticky":false,"template":"","format":"standard","meta":{"footnotes":""},"categories":[1355],"tags":[58,59,1011,27,1361,873],"class_list":{"0":"post-307811","1":"post","2":"type-post","3":"status-publish","4":"format-standard","5":"has-post-thumbnail","7":"category-musique","8":"tag-divertissement","9":"tag-entertainment","10":"tag-fr","11":"tag-france","12":"tag-music","13":"tag-musique"},"share_on_mastodon":{"url":"https:\/\/pubeurope.com\/@fr\/115000057786151583","error":""},"_links":{"self":[{"href":"https:\/\/www.europesays.com\/fr\/wp-json\/wp\/v2\/posts\/307811","targetHints":{"allow":["GET"]}}],"collection":[{"href":"https:\/\/www.europesays.com\/fr\/wp-json\/wp\/v2\/posts"}],"about":[{"href":"https:\/\/www.europesays.com\/fr\/wp-json\/wp\/v2\/types\/post"}],"author":[{"embeddable":true,"href":"https:\/\/www.europesays.com\/fr\/wp-json\/wp\/v2\/users\/2"}],"replies":[{"embeddable":true,"href":"https:\/\/www.europesays.com\/fr\/wp-json\/wp\/v2\/comments?post=307811"}],"version-history":[{"count":0,"href":"https:\/\/www.europesays.com\/fr\/wp-json\/wp\/v2\/posts\/307811\/revisions"}],"wp:featuredmedia":[{"embeddable":true,"href":"https:\/\/www.europesays.com\/fr\/wp-json\/wp\/v2\/media\/307812"}],"wp:attachment":[{"href":"https:\/\/www.europesays.com\/fr\/wp-json\/wp\/v2\/media?parent=307811"}],"wp:term":[{"taxonomy":"category","embeddable":true,"href":"https:\/\/www.europesays.com\/fr\/wp-json\/wp\/v2\/categories?post=307811"},{"taxonomy":"post_tag","embeddable":true,"href":"https:\/\/www.europesays.com\/fr\/wp-json\/wp\/v2\/tags?post=307811"}],"curies":[{"name":"wp","href":"https:\/\/api.w.org\/{rel}","templated":true}]}}