{"id":307815,"date":"2025-08-09T17:47:15","date_gmt":"2025-08-09T17:47:15","guid":{"rendered":"https:\/\/www.europesays.com\/fr\/307815\/"},"modified":"2025-08-09T17:47:15","modified_gmt":"2025-08-09T17:47:15","slug":"etats-unis-une-chauve-souris-se-coince-dans-la-bouche-dune-touriste-la-facture-medicale-est-salee-actualites","status":"publish","type":"post","link":"https:\/\/www.europesays.com\/fr\/307815\/","title":{"rendered":"\u00c9tats-Unis : une chauve-souris se coince dans la bouche d&rsquo;une touriste, la facture m\u00e9dicale est sal\u00e9e : Actualit\u00e9s"},"content":{"rendered":"<p class=\"lead \"><strong>Une touriste am\u00e9ricaine, en voyage en Arizona, s\u2019est accidentellement retrouv\u00e9e avec une chauve-souris dans la bouche et 18 000 euros de frais m\u00e9dicaux \u00e0 payer pour son traitement contre la rage, apr\u00e8s un probl\u00e8me d\u2019assurance.<\/strong><\/p>\n<p class=\"lead \">C\u2019est un voyage qu\u2019elle ne risque pas d\u2019oublier. Erica Kahn, une Am\u00e9ricaine de 33 ans, voyageait avec son p\u00e8re dans le Glen Canyon, au mois d\u2019ao\u00fbt dernier. Alors qu\u2019elle photographiait le ciel, elle remarque que des chauves-souris virevoltent autour d\u2019eux. Sans paniquer dans un premier temps, elle finit par se mettre \u00e0 crier quand un des animaux se retrouve coinc\u00e9 entre son appareil photo et elle. En hurlant, elle permet alors \u00e0 l\u2019animal de se faufiler dans sa bouche quelques secondes, raconte <a href=\"https:\/\/www.leparisien.fr\/societe\/une-chauve-souris-se-coince-dans-la-bouche-dune-touriste-et-lui-coute-21-000-dollars-de-frais-medicaux-07-08-2025-TRHNI2GO2NACXIM73NGZVU7ROU.php\" target=\"_blank\" rel=\"nofollow noopener\">Le Parisien<\/a> qui relaye une information du m\u00e9dia sp\u00e9cialis\u00e9 <a href=\"https:\/\/kffhealthnews.org\/news\/article\/tourist-rabies-treatment-wild-bat-in-mouth-surprise-bill-of-the-month\/\" target=\"_blank\" rel=\"nofollow noopener\">KFF Health News<\/a>.<\/p>\n<p class=\"lead \">Si elle n&rsquo;a pas remarqu\u00e9 que la chauve-souris l&rsquo;avait mordue, son p\u00e8re, qui est m\u00e9decin, lui recommande tout de m\u00eame d&rsquo;aller \u00e0 l&rsquo;h\u00f4pital pour recevoir le vaccin contre la rage. Mais, aux \u00c9tats-Unis, les frais m\u00e9dicaux sont exorbitants et Erica Kahn venait de perdre son travail et son assurance sant\u00e9 avec. Inqui\u00e8te du co\u00fbt de son hospitalisation, elle souscrit une assurance en ligne et se rend finalement \u00e0 l\u2019h\u00f4pital.<\/p>\n<p>                                                                                                Un d\u00e9lai de 30 jours<\/p>\n<p class=\"lead \">Pendant deux semaines, elle va recevoir un traitement pr\u00e9ventif contre la rage dans des cliniques d\u2019Arizona et du Massachusetts, d\u2019o\u00f9 elle vient. Elle re\u00e7oit en tout quatre doses du vaccin antirabique et quatre injections d&rsquo;immunoglobuline, qui renforcent ses anticorps contre le virus de la rage. Apr\u00e8s toutes ces proc\u00e9dures, Erica Kahn re\u00e7oit finalement une facture de 20 749 dollars (17 800 euros) en d\u00e9cembre.<\/p>\n<p class=\"lead \">Si elle croyait \u00eatre prot\u00e9g\u00e9e, l&rsquo;assurance de la jeune femme ne couvrait en fait aucun traitement. Selon les termes de son contrat, un d\u00e9lai de carence de 30 jours est obligatoire avant que les traitements ne puissent \u00eatre pris en charge. Depuis l\u2019incident, elle a chang\u00e9 d\u2019assurance en trouvant un nouveau travail. N\u00e9anmoins, il reste encore 16 000 euros \u00e0 payer, d&rsquo;apr\u00e8s Le Parisien.<\/p>\n<p class=\"small font-weight-bold text-gray3 \"> publi\u00e9 le 8 ao\u00fbt \u00e0 11h30, Thea Ribault, 6medias<\/p>\n<p>                             Partager<\/p>\n","protected":false},"excerpt":{"rendered":"Une touriste am\u00e9ricaine, en voyage en Arizona, s\u2019est accidentellement retrouv\u00e9e avec une chauve-souris dans la bouche et 18&hellip;\n","protected":false},"author":2,"featured_media":307816,"comment_status":"","ping_status":"","sticky":false,"template":"","format":"standard","meta":{"footnotes":""},"categories":[10],"tags":[1011,27,72,71],"class_list":{"0":"post-307815","1":"post","2":"type-post","3":"status-publish","4":"format-standard","5":"has-post-thumbnail","7":"category-sante","8":"tag-fr","9":"tag-france","10":"tag-health","11":"tag-sante"},"share_on_mastodon":{"url":"https:\/\/pubeurope.com\/@fr\/115000065636716650","error":""},"_links":{"self":[{"href":"https:\/\/www.europesays.com\/fr\/wp-json\/wp\/v2\/posts\/307815","targetHints":{"allow":["GET"]}}],"collection":[{"href":"https:\/\/www.europesays.com\/fr\/wp-json\/wp\/v2\/posts"}],"about":[{"href":"https:\/\/www.europesays.com\/fr\/wp-json\/wp\/v2\/types\/post"}],"author":[{"embeddable":true,"href":"https:\/\/www.europesays.com\/fr\/wp-json\/wp\/v2\/users\/2"}],"replies":[{"embeddable":true,"href":"https:\/\/www.europesays.com\/fr\/wp-json\/wp\/v2\/comments?post=307815"}],"version-history":[{"count":0,"href":"https:\/\/www.europesays.com\/fr\/wp-json\/wp\/v2\/posts\/307815\/revisions"}],"wp:featuredmedia":[{"embeddable":true,"href":"https:\/\/www.europesays.com\/fr\/wp-json\/wp\/v2\/media\/307816"}],"wp:attachment":[{"href":"https:\/\/www.europesays.com\/fr\/wp-json\/wp\/v2\/media?parent=307815"}],"wp:term":[{"taxonomy":"category","embeddable":true,"href":"https:\/\/www.europesays.com\/fr\/wp-json\/wp\/v2\/categories?post=307815"},{"taxonomy":"post_tag","embeddable":true,"href":"https:\/\/www.europesays.com\/fr\/wp-json\/wp\/v2\/tags?post=307815"}],"curies":[{"name":"wp","href":"https:\/\/api.w.org\/{rel}","templated":true}]}}