{"id":307823,"date":"2025-08-09T17:52:08","date_gmt":"2025-08-09T17:52:08","guid":{"rendered":"https:\/\/www.europesays.com\/fr\/307823\/"},"modified":"2025-08-09T17:52:08","modified_gmt":"2025-08-09T17:52:08","slug":"liran-nautorisera-pas-la-creation-dun-corridor-reliant-lazerbaidjan-a-son-enclave-soutenue-par-donald-trump-rfi","status":"publish","type":"post","link":"https:\/\/www.europesays.com\/fr\/307823\/","title":{"rendered":"L&#039;Iran n&#039;autorisera pas la cr\u00e9ation d&#039;un corridor reliant l&#039;Azerba\u00efdjan \u00e0 son enclave, soutenue par Donald Trump &#8211; RFI"},"content":{"rendered":"<ol>\n<li><a href=\"https:\/\/news.google.com\/rss\/articles\/CBMi-AFBVV95cUxOWDB0N1ZOZzJmeDUySmh6cmhZQmxfcmNJN2VBSkxrX2owbWo2aHJGRGo2Zk5JMHFvRFE4S3AtVFN1NjN5aTdYNGMzQ2ExUHEyTi1Gd2pzNWFVWnd0eXl5TXZyLUJ1ZnNCVVYwdldkOUhlU2RFWVhiOFZqNUtTS0xVMkktMkxJVTg3LUQ2MU1VZjZEMXZiam1ZTkxfLWVaT0cwVXNRSkd4SXRkMGRwWW1iZzd0UlF5RWthUHlETDRoQTJrZlVRQno2dXRoWFN5ajlBajN3T1ExTXUtQnVsM29ITUVRdTI3d2Z4elZBZnVhQUFkaEstMXUyZA?oc=5\" target=\"_blank\" rel=\"nofollow noopener\">L&rsquo;Iran n&rsquo;autorisera pas la cr\u00e9ation d&rsquo;un corridor reliant l&rsquo;Azerba\u00efdjan \u00e0 son enclave, soutenue par Donald Trump<\/a>&nbsp;&nbsp;RFI<\/li>\n<li><a href=\"https:\/\/news.google.com\/rss\/articles\/CBMikwJBVV95cUxPTVhHbG9DWkE4cnpOd1FZVVFrVFVoTWFxaGREMDM2Q3htclM3WDIxanFBOHBsUEREbTNOcEVheXRaYzZ0QV9YZEt4Z2YxVUNOT1BhS21ILVc4bTdqRGt4MUtmWkhSbjZjTHJTWnNLZmNEWnVaUTlrU0VZVTdGMmQ3bGFKOUhOcDN2TjdWZVc2b292akoyUHctSUJQbDRuMFFNaVBTbThRZUVadldaMVBlNGpmSXZzSk9CQy1fTlNZVHdhNXYzeGpwUEt5amdXblhJaUlsdk12RmFqN2U5RjAybHZPZmxsT0I2eU5oRklLTGFybF9NVmZPajE4bWVpand4QVdCRXlIQ0pxOVJqUktfTGxlcw?oc=5\" target=\"_blank\" rel=\"nofollow noopener\">L\u2019Iran n\u2019autorisera pas la cr\u00e9ation d\u2019un corridor, soutenue par Donald Trump, reliant l\u2019Azerba\u00efdjan \u00e0 son enclave<\/a>&nbsp;&nbsp;Le Monde.fr<\/li>\n<li><a href=\"https:\/\/news.google.com\/rss\/articles\/CBMiugFBVV95cUxQS01qX1NKZFlMb0VrR0dkTkEtZ04yTEs2WFVvTW5GWFZBdG1BM2RQVjl4OFJaTGhNWm85N0V1RG5kMkNHdm1IY05HQ29ZdmZCTHZBb1VvMHZxWVVyTmwzYUJHeUtzME9SNUFCekN1aGZBVDg4RHJfdnN3N2o4d0JNN0JiWkNSdWRxQktZNmFvSEQtSlFtT0h5X05GZjdFclBadUMtN1J1U0ZCNFZjZjNucUNKdkVpMFJsZXc?oc=5\" target=\"_blank\" rel=\"nofollow noopener\">L&rsquo;Arm\u00e9nie et l&rsquo;Azerba\u00efdjan signent un accord de paix \u00e0 Washington<\/a>&nbsp;&nbsp;France Info<\/li>\n<li><a href=\"https:\/\/news.google.com\/rss\/articles\/CBMi6gFBVV95cUxNeDRuSXJaWExYSW9FYjg2NGNWMGc2YkRqNTlCUm16MUdCNVc1OWQxSWVjMlBnLWUwNFMxY3lvTHdWWmc4a05CUjE0d2Nqd052aEhCalBnZzM2WEN4TWl4ZE10ZXZkXzJCc2tlQVpURjFZNHFIandVcWFHSl9MaUZIaG5venRkV2xlRG0wT2xvZ1NDU0JGaVdyNDBuMXBVbG1BRzNzQnUybzFNNmNZQkhxcUZ6aC1TWlR1ZGxocU5DNENfNjNZcmdmUTA1SklPSk5HNlZnclk0cm1QVkJkbDJGSXl1dUVfY3k5Y1E?oc=5\" target=\"_blank\" rel=\"nofollow noopener\">S\u2019emparant du \u201ccorridor Trump\u201d, les \u00c9tats-Unis \u00e9cartent Moscou et T\u00e9h\u00e9ran du Caucase du Sud<\/a>&nbsp;&nbsp;Courrier international<\/li>\n<li><a href=\"https:\/\/news.google.com\/rss\/articles\/CBMilgJBVV95cUxOeFZnRTRjOTlJTXdSaVBGdTQxdEh2T0xuSGU4VnA3Z04yTlducXpPZlJIdHM0X3o5Q3h1X2dySVNfMWRLcFVlZkVPQjNKSmdXM0EweHZFVXctUHd0R2I0dGlLMWNZbmVISGtrVEVfdWZnZXJjT3JmUEROVXZSNnlqaFZRekI0MkpqZzl5ZGJsczRLRTBxZXQ1T3FLLU1zV2dvOFo5UXVSSkVtRWYzXzhzVy1LWVJYdGJJZU1scEpleEhrUkQ2bDdabGJDazdibTVWQVdSeW5OZUZKbi1USUoxcVN1bXBtNGRNMldkUEJqZVVvRkZVUkR0elBob3BscE5udDl2MGxTaTZHeG9meXBnV3VuZHhmdw?oc=5\" target=\"_blank\" rel=\"nofollow noopener\">\u00ab Voie Trump pour la paix \u00bb : qu\u2019est-ce que ce corridor que le pr\u00e9sident am\u00e9ricain veut b\u00e2tir \u00e0 travers l\u2019Arm\u00e9nie ?<\/a>&nbsp;&nbsp;Le Parisien<\/li>\n<\/ol>\n","protected":false},"excerpt":{"rendered":"L&rsquo;Iran n&rsquo;autorisera pas la cr\u00e9ation d&rsquo;un corridor reliant l&rsquo;Azerba\u00efdjan \u00e0 son enclave, soutenue par Donald Trump&nbsp;&nbsp;RFI L\u2019Iran n\u2019autorisera&hellip;\n","protected":false},"author":2,"featured_media":1445,"comment_status":"","ping_status":"","sticky":false,"template":"","format":"standard","meta":{"footnotes":""},"categories":[5],"tags":[11,1011,27,14,12,28],"class_list":{"0":"post-307823","1":"post","2":"type-post","3":"status-publish","4":"format-standard","5":"has-post-thumbnail","7":"category-international","8":"tag-actualites","9":"tag-fr","10":"tag-france","11":"tag-international","12":"tag-news","13":"tag-world"},"share_on_mastodon":{"url":"https:\/\/pubeurope.com\/@fr\/115000085386715796","error":""},"_links":{"self":[{"href":"https:\/\/www.europesays.com\/fr\/wp-json\/wp\/v2\/posts\/307823","targetHints":{"allow":["GET"]}}],"collection":[{"href":"https:\/\/www.europesays.com\/fr\/wp-json\/wp\/v2\/posts"}],"about":[{"href":"https:\/\/www.europesays.com\/fr\/wp-json\/wp\/v2\/types\/post"}],"author":[{"embeddable":true,"href":"https:\/\/www.europesays.com\/fr\/wp-json\/wp\/v2\/users\/2"}],"replies":[{"embeddable":true,"href":"https:\/\/www.europesays.com\/fr\/wp-json\/wp\/v2\/comments?post=307823"}],"version-history":[{"count":0,"href":"https:\/\/www.europesays.com\/fr\/wp-json\/wp\/v2\/posts\/307823\/revisions"}],"wp:featuredmedia":[{"embeddable":true,"href":"https:\/\/www.europesays.com\/fr\/wp-json\/wp\/v2\/media\/1445"}],"wp:attachment":[{"href":"https:\/\/www.europesays.com\/fr\/wp-json\/wp\/v2\/media?parent=307823"}],"wp:term":[{"taxonomy":"category","embeddable":true,"href":"https:\/\/www.europesays.com\/fr\/wp-json\/wp\/v2\/categories?post=307823"},{"taxonomy":"post_tag","embeddable":true,"href":"https:\/\/www.europesays.com\/fr\/wp-json\/wp\/v2\/tags?post=307823"}],"curies":[{"name":"wp","href":"https:\/\/api.w.org\/{rel}","templated":true}]}}