{"id":307830,"date":"2025-08-09T18:02:13","date_gmt":"2025-08-09T18:02:13","guid":{"rendered":"https:\/\/www.europesays.com\/fr\/307830\/"},"modified":"2025-08-09T18:02:13","modified_gmt":"2025-08-09T18:02:13","slug":"top-14-clermont-toulon-veut-recruter-jauneau","status":"publish","type":"post","link":"https:\/\/www.europesays.com\/fr\/307830\/","title":{"rendered":"Top 14 &#8211; Clermont : Toulon veut recruter Jauneau"},"content":{"rendered":"<p class=\"date\">\n                                                            Guillaume Marion, Media365, publi\u00e9 le samedi 09 ao\u00fbt 2025 \u00e0 13h30\n                                                    <\/p>\n<p>En fin de contrat l&rsquo;\u00e9t\u00e9 prochain, le prometteur demi de m\u00eal\u00e9e Baptiste Jauneau (21 ans) attise les convoitises, et notamment celle de Toulon, d&rsquo;apr\u00e8s les informations de Midi Olympique.<\/p>\n<p>D\u00e9cid\u00e9ment, Toulon a \u00e0 nouveau envie de jouer les premiers r\u00f4les en Top 14 et en Champions Cup. En effet, apr\u00e8s avoir r\u00e9ussi \u00e0 recruter du lourd en vue de cette saison (notamment Zach Mercer et les prometteurs Mathis Fert\u00e9 et Patrick Tuifua), <strong>le RCT viserait d\u00e9sormais un jeune et tr\u00e8s attirant demi de m\u00eal\u00e9e, \u00e0 savoir Baptiste Jauneau, d&rsquo;apr\u00e8s les informations de Midi Olympique.<\/strong> Auteur d&rsquo;une belle saison avec Clermont, lors de laquelle il a notamment r\u00e9alis\u00e9 un v\u00e9ritable chef-d&rsquo;oeuvre face au Stade Fran\u00e7ais en mai dernier (il avait alors \u00e9t\u00e9 impliqu\u00e9 sur six des sept essais de son \u00e9quipe), le champion du monde U20 avec les Bleuets en 2023 a depuis connu ses premi\u00e8res s\u00e9lections avec le XV de France lors de la tourn\u00e9e d&rsquo;\u00e9t\u00e9 en Nouvelle-Z\u00e9lande. <strong>En fin de contrat avec les Jaunards \u00e0 la fin de la saison 2024-25, Jauneau aurait notamment re\u00e7u une offre tr\u00e8s all\u00e9chante de la part de Toulon.<\/strong><\/p>\n<p><strong>Jauneau \u00e0 Toulon, Serin vers Montpellier ?<\/strong><\/p>\n<p>Une offre largement sup\u00e9rieur \u00e0 la proposition de Clermont, qui souhaite \u00e9videmment le prolonger, et qui ferait du coup de lui le num\u00e9ro un \u00e0 ce poste chez les Rouge et Noir. Si le club auvergnat n&rsquo;a pas dit son dernier mot et compte bien garder sa p\u00e9pite, d&rsquo;autres clubs de Top 14 sont \u00e9galement sur le coup. Toujours d&rsquo;apr\u00e8s Midi Olympique, <strong>Bordeaux-B\u00e8gles et Pau, o\u00f9 il est n\u00e9, suivent avec grande attention ce dossier<\/strong> tr\u00e8s rare vu qu&rsquo;il a en plus l&rsquo;avantage d&rsquo;\u00eatre JIFF (Joueurs issus des fili\u00e8res de formation). Une denr\u00e9e qui fait logiquement monter les prix assez rapidement. <strong>Si Toulon venait \u00e0 recruter Jauneau, l&rsquo;avenir de Baptiste Serin pourrait se poser, lui qui est sous contrat jusqu&rsquo;en 2026 avec le RCT<\/strong> (le club et le joueur ont une option pour une ann\u00e9e suppl\u00e9mentaire). Montpellier et&#8230; Clermont, en cas de d\u00e9part de Jauneau, pourraient donc se positionner pour l&rsquo;ancien joueur de l&rsquo;UBB (31 ans). Affaires \u00e0 suivre donc.<\/p>\n","protected":false},"excerpt":{"rendered":"Guillaume Marion, Media365, publi\u00e9 le samedi 09 ao\u00fbt 2025 \u00e0 13h30 En fin de contrat l&rsquo;\u00e9t\u00e9 prochain, le&hellip;\n","protected":false},"author":2,"featured_media":307831,"comment_status":"","ping_status":"","sticky":false,"template":"","format":"standard","meta":{"footnotes":""},"categories":[9619],"tags":[1111,11,1777,674,1011,27,12,882,25,2310],"class_list":{"0":"post-307830","1":"post","2":"type-post","3":"status-publish","4":"format-standard","5":"has-post-thumbnail","7":"category-toulon","8":"tag-actu","9":"tag-actualites","10":"tag-eu","11":"tag-europe","12":"tag-fr","13":"tag-france","14":"tag-news","15":"tag-provence-alpes-cote-dazur","16":"tag-republique-francaise","17":"tag-toulon"},"share_on_mastodon":{"url":"https:\/\/pubeurope.com\/@fr\/115000124602476645","error":""},"_links":{"self":[{"href":"https:\/\/www.europesays.com\/fr\/wp-json\/wp\/v2\/posts\/307830","targetHints":{"allow":["GET"]}}],"collection":[{"href":"https:\/\/www.europesays.com\/fr\/wp-json\/wp\/v2\/posts"}],"about":[{"href":"https:\/\/www.europesays.com\/fr\/wp-json\/wp\/v2\/types\/post"}],"author":[{"embeddable":true,"href":"https:\/\/www.europesays.com\/fr\/wp-json\/wp\/v2\/users\/2"}],"replies":[{"embeddable":true,"href":"https:\/\/www.europesays.com\/fr\/wp-json\/wp\/v2\/comments?post=307830"}],"version-history":[{"count":0,"href":"https:\/\/www.europesays.com\/fr\/wp-json\/wp\/v2\/posts\/307830\/revisions"}],"wp:featuredmedia":[{"embeddable":true,"href":"https:\/\/www.europesays.com\/fr\/wp-json\/wp\/v2\/media\/307831"}],"wp:attachment":[{"href":"https:\/\/www.europesays.com\/fr\/wp-json\/wp\/v2\/media?parent=307830"}],"wp:term":[{"taxonomy":"category","embeddable":true,"href":"https:\/\/www.europesays.com\/fr\/wp-json\/wp\/v2\/categories?post=307830"},{"taxonomy":"post_tag","embeddable":true,"href":"https:\/\/www.europesays.com\/fr\/wp-json\/wp\/v2\/tags?post=307830"}],"curies":[{"name":"wp","href":"https:\/\/api.w.org\/{rel}","templated":true}]}}