{"id":307836,"date":"2025-08-09T18:05:22","date_gmt":"2025-08-09T18:05:22","guid":{"rendered":"https:\/\/www.europesays.com\/fr\/307836\/"},"modified":"2025-08-09T18:05:22","modified_gmt":"2025-08-09T18:05:22","slug":"cest-une-declaration-de-sympathie","status":"publish","type":"post","link":"https:\/\/www.europesays.com\/fr\/307836\/","title":{"rendered":"\u00ab C&rsquo;est une d\u00e9claration de sympathie \u00bb"},"content":{"rendered":"<p>            Par<br \/>\n        <strong><br \/>\n            <a href=\"https:\/\/actu.fr\/auteur\/julien-bouteiller\" title=\"Consulter tous les articles de Julien Bouteiller\" rel=\"nofollow noopener\" target=\"_blank\">Julien Bouteiller<\/a><br \/>\n        <\/strong><\/p>\n<p>        Publi\u00e9 le<\/p>\n<p>            9 ao\u00fbt 2025 \u00e0 17h04        <\/p>\n<p>On y reconna\u00eet son trait spontan\u00e9, son jeu sur les perspectives. <a href=\"https:\/\/actu.fr\/normandie\/rouen_76540\/bande-dessinee-emmanuel-lemaire-propose-decouvrir-rouen-par-cent-chemins-differents_18387592.html\" rel=\"nofollow noopener\" target=\"_blank\">Le Rouennais Emmanuel Lemaire<\/a>, illustrateur maintenant bien install\u00e9 dans le milieu de la BD, s\u2019est lanc\u00e9 dans un nouveau d\u00e9fi\u2009:<strong> r\u00e9aliser sa propre carte de Rouen<\/strong>. Alors que ce grand format est d\u00e9j\u00e0 disponible \u00e0 l\u2019achat, il nous explique sa d\u00e9marche.<\/p>\n<p>Illustrateur reconnu<\/p>\n<p class=\" wall-content\">Biblioth\u00e9caire de profession, dessinateur autodidacte, Emmanuel Lemaire a plus de 20\u00a0ans de carri\u00e8re derri\u00e8re lui dans l\u2019illustration. \u00ab\u2009Il y a 30\u00a0ans, je r\u00eavais de dessiner comme les grands franco-belges\u2009\u00bb, se souvient-il. \u00ab\u2009Jusqu\u2019au jour o\u00f9, en festival, on m\u2019a dit que <strong>mes carnets de croquis \u00e9taient plus int\u00e9ressants que mes dessins<\/strong>. C\u2019est l\u00e0 que j\u2019ai appris \u00e0 accepter mon style.\u2009\u00bb<\/p>\n<p class=\" wall-content\">Un style fait de ratures, de traits vibrants, qui se pr\u00eate finalement assez bien selon lui pour repr\u00e9senter la ville, <strong>\u00ab\u2009un organisme vivant\u2009\u00bb<\/strong>.<\/p>\n<p>Une carte personnelle de Rouen<\/p>\n<p class=\" wall-content\">Alors quand Wandrille Leroy, d\u00e9j\u00e0 \u00e9diteur de son\u00a0Rouen par 100 chemins diff\u00e9rents, lui a propos\u00e9 de r\u00e9aliser une carte de Rouen pour sa nouvelle maison d\u2019\u00e9dition<strong> Ici sont les dragons<\/strong>, il n\u2019a pas tellement h\u00e9sit\u00e9.<\/p>\n<p class=\" wall-content\">\u00ab\u2009Chaque publication est une carte ou un plan, imagin\u00e9 de toutes pi\u00e8ces, dans un cadre libre et exigeant\u2009: celui de la cartographie personnelle\u2009\u00bb, d\u00e9crit le site de l\u2019\u00e9diteur. \u00ab\u2009La carte, \u00e7a s\u2019\u00e9loigne du livre, c\u2019est facile \u00e0 stocker, \u00e7a touche un public diff\u00e9rent de la BD, c\u2019est un cr\u00e9neau pas du tout utilis\u00e9\u2009\u00bb, compl\u00e8te Emmanuel Lemaire.<\/p>\n<p class=\" wall-content\">Rouennais de toujours, il a donc dessin\u00e9 cette carte <strong>comme \u00ab\u2009une d\u00e9claration de sympathie\u2009\u00bb \u00e0 sa ville<\/strong>. \u00ab\u2009On pourra s\u2019y balader en promenant son regard, de mani\u00e8re diff\u00e9rente, peut-\u00eatre red\u00e9couvrir des lieux. Il y a des parties que je n\u2019ai pas repr\u00e9sent\u00e9es, d\u2019autre que j\u2019ai surrepr\u00e9sent\u00e9es.\u2009\u00bb<\/p>\n<p>    <img   decoding=\"async\" loading=\"lazy\" src=\"https:\/\/www.europesays.com\/fr\/wp-content\/uploads\/2025\/08\/carte-rouen-emmanuel-lemaire-960x640.jpg\" alt=\"Emmanuel Lemaire d\u00e9crit sa carte comme une \" width=\"960\" height=\"640\"\/><br \/>\n    Emmanuel Lemaire d\u00e9crit sa carte comme une \u00ab\u2009d\u00e9claration de sympathie\u2009\u00bb \u00e0 Rouen. (\u00a9Emmanuel Lemaire)O\u00f9 trouver la carte\u2009?<\/p>\n<p class=\" wall-content\">Au final, la carte en dit probablement autant sur son auteur que sur la ville elle-m\u00eame. \u00ab\u2009C\u2019est fascinant de voir comment la ville s\u2019est transform\u00e9e (et positivement), \u00e7a gigote dans tous les sens.\u2009\u00bb<\/p>\n<p class=\" wall-content\">Emmanuel Lemaire aussi a la bougeotte, <strong>avec plusieurs projets sur le feu<\/strong> comme la sortie de Paris Toits Chats, avec une grande premi\u00e8re pour lui, des dessins mis en couleur et une expo \u00e0 Bruxelles.<\/p>\n<p class=\" wall-content\">Quant \u00e0 la carte de Rouen, on devrait pouvoir la retrouver dans les librairies locales autour de la rentr\u00e9e, lors du festival Normandiebulle et <a href=\"https:\/\/icisontlesdragons.fr\/cartes-artistiques-uniques\" rel=\"nofollow noopener\" target=\"_blank\">sur le site de l\u2019\u00e9diteur Ici sont les dragons<\/a>.<\/p>\n<p>Suivez l\u2019actualit\u00e9 de Rouen <a href=\"https:\/\/www.whatsapp.com\/channel\/0029VaKfnf99hXF2ddApFB1D\" rel=\"nofollow noopener\" target=\"_blank\">sur notre cha\u00eene WhatsApp<\/a> et <a href=\"https:\/\/www.tiktok.com\/@76actu.fr?lang=fr\" rel=\"nofollow noopener\" target=\"_blank\">sur notre compte TikTok<\/a><\/p>\n<p class=\" wall-content\">Suivez toute l\u2019actualit\u00e9 de vos villes et m\u00e9dias favoris en vous inscrivant \u00e0 <a href=\"https:\/\/moncompte.actu.fr\" title=\"D\u00e9couvez Mon Actu\" rel=\"nofollow noopener\" data-trk=\"{&quot;cta&quot;:{&quot;action&quot;:&quot;https:\\\/\\\/moncompte.actu.fr&quot;,&quot;category&quot;:&quot;mon compte&quot;,&quot;from&quot;:&quot;article footer&quot;,&quot;name&quot;:&quot;Mon actu&quot;,&quot;type&quot;:&quot;cta&quot;}}\" target=\"_blank\">Mon Actu<\/a>.<\/p>\n<ul class=\"ac-article-tag wall-content\">\n<li><a href=\"https:\/\/actu.fr\/tag\/bande-dessinee\" data-trk=\"{&quot;cta&quot;:{&quot;action&quot;:&quot;Bande dessin\\u00e9e&quot;,&quot;category&quot;:&quot;tag&quot;,&quot;from&quot;:&quot;article footer&quot;,&quot;name&quot;:&quot;Bande dessin\\u00e9e&quot;,&quot;type&quot;:&quot;cta&quot;}}\" rel=\"nofollow noopener\" target=\"_blank\">#Bande dessin\u00e9e<\/a><\/li>\n<li><a href=\"https:\/\/actu.fr\/tag\/insolite\" data-trk=\"{&quot;cta&quot;:{&quot;action&quot;:&quot;Insolite&quot;,&quot;category&quot;:&quot;tag&quot;,&quot;from&quot;:&quot;article footer&quot;,&quot;name&quot;:&quot;Insolite&quot;,&quot;type&quot;:&quot;cta&quot;}}\" rel=\"nofollow noopener\" target=\"_blank\">#Insolite<\/a><\/li>\n<\/ul>\n<p>                    <script async src=\"\/\/www.tiktok.com\/embed.js\"><\/script><\/p>\n","protected":false},"excerpt":{"rendered":"Par Julien Bouteiller Publi\u00e9 le 9 ao\u00fbt 2025 \u00e0 17h04 On y reconna\u00eet son trait spontan\u00e9, son jeu&hellip;\n","protected":false},"author":2,"featured_media":307837,"comment_status":"","ping_status":"","sticky":false,"template":"","format":"standard","meta":{"footnotes":""},"categories":[9587],"tags":[1111,11,13153,1777,674,1011,27,1757,12,5161,25,9590],"class_list":{"0":"post-307836","1":"post","2":"type-post","3":"status-publish","4":"format-standard","5":"has-post-thumbnail","7":"category-rouen","8":"tag-actu","9":"tag-actualites","10":"tag-bande-dessinee","11":"tag-eu","12":"tag-europe","13":"tag-fr","14":"tag-france","15":"tag-insolite","16":"tag-news","17":"tag-normandie","18":"tag-republique-francaise","19":"tag-rouen"},"share_on_mastodon":{"url":"https:\/\/pubeurope.com\/@fr\/115000136811500909","error":""},"_links":{"self":[{"href":"https:\/\/www.europesays.com\/fr\/wp-json\/wp\/v2\/posts\/307836","targetHints":{"allow":["GET"]}}],"collection":[{"href":"https:\/\/www.europesays.com\/fr\/wp-json\/wp\/v2\/posts"}],"about":[{"href":"https:\/\/www.europesays.com\/fr\/wp-json\/wp\/v2\/types\/post"}],"author":[{"embeddable":true,"href":"https:\/\/www.europesays.com\/fr\/wp-json\/wp\/v2\/users\/2"}],"replies":[{"embeddable":true,"href":"https:\/\/www.europesays.com\/fr\/wp-json\/wp\/v2\/comments?post=307836"}],"version-history":[{"count":0,"href":"https:\/\/www.europesays.com\/fr\/wp-json\/wp\/v2\/posts\/307836\/revisions"}],"wp:featuredmedia":[{"embeddable":true,"href":"https:\/\/www.europesays.com\/fr\/wp-json\/wp\/v2\/media\/307837"}],"wp:attachment":[{"href":"https:\/\/www.europesays.com\/fr\/wp-json\/wp\/v2\/media?parent=307836"}],"wp:term":[{"taxonomy":"category","embeddable":true,"href":"https:\/\/www.europesays.com\/fr\/wp-json\/wp\/v2\/categories?post=307836"},{"taxonomy":"post_tag","embeddable":true,"href":"https:\/\/www.europesays.com\/fr\/wp-json\/wp\/v2\/tags?post=307836"}],"curies":[{"name":"wp","href":"https:\/\/api.w.org\/{rel}","templated":true}]}}