{"id":307838,"date":"2025-08-09T18:06:39","date_gmt":"2025-08-09T18:06:39","guid":{"rendered":"https:\/\/www.europesays.com\/fr\/307838\/"},"modified":"2025-08-09T18:06:39","modified_gmt":"2025-08-09T18:06:39","slug":"un-invalide-force-a-soulever-une-valise-lourde-lors-dun-controle-dans-un-tgv","status":"publish","type":"post","link":"https:\/\/www.europesays.com\/fr\/307838\/","title":{"rendered":"Un invalide forc\u00e9 \u00e0 soulever une valise lourde lors d\u2019un contr\u00f4le dans un TGV"},"content":{"rendered":"<p><strong>TEMOIGNAGE &#8211; Une Normande a affirm\u00e9 qu\u2019elle et son mari, en fauteuil roulant, avaient \u00e9t\u00e9 maltrait\u00e9s par un contr\u00f4leur \u00e0 bord d\u2019un train entre Avignon et Rouen le 20 juillet dernier, entra\u00eenant une r\u00e9action de la SNCF<\/strong><\/p>\n<p>\u00ab <a href=\"https:\/\/www.20minutes.fr\/dossier\/sncf?at_medium=RSS%20feed&amp;at_campaign=ynews&amp;utm_source=yahoo&amp;utm_medium=rss&amp;utm_campaign=news_feed&amp;utm_content=in_article_link\" rel=\"nofollow noopener\" target=\"_blank\" data-ylk=\"slk:SNCF;elm:context_link;itc:0;sec:content-canvas\" class=\"link \">SNCF<\/a> Voyageurs a bien r\u00e9ceptionn\u00e9 cette r\u00e9clamation et regrette la situation v\u00e9cue par votre lectrice. Une r\u00e9ponse lui sera apport\u00e9e dans les meilleurs d\u00e9lais. \u00bb Voil\u00e0 comment l\u2019entreprise a r\u00e9agi aux faits d\u00e9nonc\u00e9s par une lectrice de <a href=\"https:\/\/www.paris-normandie.fr\/id650608\/article\/2025-08-06\/un-couple-de-rouennais-dont-le-mari-est-handicape-malmene-par-un-controleur-de?at_medium=RSS%20feed&amp;at_campaign=ynews&amp;utm_source=yahoo&amp;utm_medium=rss&amp;utm_campaign=news_feed&amp;utm_content=in_article_link\" rel=\"nofollow noopener\" target=\"_blank\" data-ylk=\"slk:Paris-Normandie;elm:context_link;itc:0;sec:content-canvas\" class=\"link \">Paris-Normandie<\/a> ayant emprunt\u00e9 le 20 juillet dernier <a href=\"https:\/\/www.20minutes.fr\/dossier\/tgv?at_medium=RSS%20feed&amp;at_campaign=ynews&amp;utm_source=yahoo&amp;utm_medium=rss&amp;utm_campaign=news_feed&amp;utm_content=in_article_link\" rel=\"nofollow noopener\" target=\"_blank\" data-ylk=\"slk:le TGV;elm:context_link;itc:0;sec:content-canvas\" class=\"link \">le TGV<\/a> Avignon \u2013 Rouen. La passag\u00e8re voyageait en compagnie de son mari qui se d\u00e9place en fauteuil roulant.<\/p>\n<p>Plusieurs documents demand\u00e9s<\/p>\n<p>Habitu\u00e9 de ce trajet, le couple avait comme \u00e0 chaque fois achet\u00e9 ses billets \u00e0 Rouen et, lors de l\u2019aller, avait pr\u00e9sent\u00e9 les justificatifs n\u00e9cessaires sans encombre. Au retour, la v\u00e9rification des titres de transport effectu\u00e9e en cours de voyage s\u2019est en revanche nettement moins bien pass\u00e9e. Le contr\u00f4leur a scann\u00e9 les billets et demand\u00e9 la carte s\u00e9nior pour ne finalement pas la regarder, a affirm\u00e9 l\u2019habitante de Bois-Guillaume (<a href=\"https:\/\/www.20minutes.fr\/dossier\/seine_maritime-1?at_medium=RSS%20feed&amp;at_campaign=ynews&amp;utm_source=yahoo&amp;utm_medium=rss&amp;utm_campaign=news_feed&amp;utm_content=in_article_link\" rel=\"nofollow noopener\" target=\"_blank\" data-ylk=\"slk:Seine-Maritime;elm:context_link;itc:0;sec:content-canvas\" class=\"link \">Seine-Maritime<\/a>). L\u2019employ\u00e9 a ensuite voulu voir la carte mobilit\u00e9 inclusion (CMI) du mari.<\/p>\n<p>Cette derni\u00e8re permet \u00e0 l\u2019accompagnateur de la personne invalide de ne payer que la moiti\u00e9 du prix bu billet. \u00ab Comme on ne nous l\u2019a jamais demand\u00e9 et que tout est inscrit sur le billet, je l\u2019avais rang\u00e9 dans une sacoche dans notre valise \u00bb, a t\u00e9moign\u00e9 la Normande. La voyageuse a expliqu\u00e9 que la carte se trouvait dans un bagage tr\u00e8s lourd rang\u00e9 au milieu d\u2019autres sacs par les agents de la SNCF ayant assist\u00e9 le couple \u00e0 sa mont\u00e9e dans le train \u00e0 Avignon. Le contr\u00f4leur a toutefois insist\u00e9.<\/p>\n<p>Pas de coup de main du contr\u00f4leur<\/p>\n<p>La passag\u00e8re a demand\u00e9(&#8230;)<\/p>\n<p><a href=\"https:\/\/www.20minutes.fr\/faits_divers\/4167222-20250808-sncf-invalide-force-soulever-valise-lourde-lors-controle-tgv?at_medium=RSS%20feed&amp;at_campaign=ynews&amp;utm_source=yahoo&amp;utm_medium=rss&amp;utm_campaign=news_feed&amp;utm_content=read_more_link\" rel=\"nofollow noopener\" target=\"_blank\" data-ylk=\"slk:Lire la suite sur 20minutes;elm:context_link;itc:0;sec:content-canvas\" class=\"link \">Lire la suite sur 20minutes<\/a><\/p>\n<p>\u00c0 lire aussi :<br \/><a href=\"https:\/\/www.20minutes.fr\/faits_divers\/4154900-20250522-omar-sy-accuse-avoir-menace-mort-outrage-agents-sncf-avant-rendre-defile-mode?at_medium=RSS%20feed&amp;at_campaign=ynews&amp;utm_source=yahoo&amp;utm_medium=rss&amp;utm_campaign=news_feed&amp;utm_content=related_content_link\" rel=\"nofollow noopener\" target=\"_blank\" data-ylk=\"slk:Omar Sy accus\u00e9 d\u2019avoir menac\u00e9 de mort et outrag\u00e9 des agents SNCF avant de se rendre \u00e0 un d\u00e9fil\u00e9 de mode;elm:context_link;itc:0;sec:content-canvas\" class=\"link \">Omar Sy accus\u00e9 d\u2019avoir menac\u00e9 de mort et outrag\u00e9 des agents SNCF avant de se rendre \u00e0 un d\u00e9fil\u00e9 de mode<\/a><br \/><a href=\"https:\/\/www.20minutes.fr\/societe\/4163855-20250716-belgique-controleur-train-va-etre-poursuivi-justice-avoir-dit-bonjour-francais?at_medium=RSS%20feed&amp;at_campaign=ynews&amp;utm_source=yahoo&amp;utm_medium=rss&amp;utm_campaign=news_feed&amp;utm_content=related_content_link\" rel=\"nofollow noopener\" target=\"_blank\" data-ylk=\"slk:Belgique : Un contr\u00f4leur de train va \u00eatre poursuivi en justice pour avoir dit \u00ab bonjour \u00bb en fran\u00e7ais;elm:context_link;itc:0;sec:content-canvas\" class=\"link \">Belgique : Un contr\u00f4leur de train va \u00eatre poursuivi en justice pour avoir dit \u00ab bonjour \u00bb en fran\u00e7ais<\/a><\/p>\n","protected":false},"excerpt":{"rendered":"TEMOIGNAGE &#8211; Une Normande a affirm\u00e9 qu\u2019elle et son mari, en fauteuil roulant, avaient \u00e9t\u00e9 maltrait\u00e9s par un&hellip;\n","protected":false},"author":2,"featured_media":307839,"comment_status":"","ping_status":"","sticky":false,"template":"","format":"standard","meta":{"footnotes":""},"categories":[9587],"tags":[1111,11,6184,1777,674,18313,1011,27,12,5161,25,9590,2215],"class_list":{"0":"post-307838","1":"post","2":"type-post","3":"status-publish","4":"format-standard","5":"has-post-thumbnail","7":"category-rouen","8":"tag-actu","9":"tag-actualites","10":"tag-avignon","11":"tag-eu","12":"tag-europe","13":"tag-fauteuil-roulant","14":"tag-fr","15":"tag-france","16":"tag-news","17":"tag-normandie","18":"tag-republique-francaise","19":"tag-rouen","20":"tag-sncf"},"share_on_mastodon":{"url":"https:\/\/pubeurope.com\/@fr\/115000140275296470","error":""},"_links":{"self":[{"href":"https:\/\/www.europesays.com\/fr\/wp-json\/wp\/v2\/posts\/307838","targetHints":{"allow":["GET"]}}],"collection":[{"href":"https:\/\/www.europesays.com\/fr\/wp-json\/wp\/v2\/posts"}],"about":[{"href":"https:\/\/www.europesays.com\/fr\/wp-json\/wp\/v2\/types\/post"}],"author":[{"embeddable":true,"href":"https:\/\/www.europesays.com\/fr\/wp-json\/wp\/v2\/users\/2"}],"replies":[{"embeddable":true,"href":"https:\/\/www.europesays.com\/fr\/wp-json\/wp\/v2\/comments?post=307838"}],"version-history":[{"count":0,"href":"https:\/\/www.europesays.com\/fr\/wp-json\/wp\/v2\/posts\/307838\/revisions"}],"wp:featuredmedia":[{"embeddable":true,"href":"https:\/\/www.europesays.com\/fr\/wp-json\/wp\/v2\/media\/307839"}],"wp:attachment":[{"href":"https:\/\/www.europesays.com\/fr\/wp-json\/wp\/v2\/media?parent=307838"}],"wp:term":[{"taxonomy":"category","embeddable":true,"href":"https:\/\/www.europesays.com\/fr\/wp-json\/wp\/v2\/categories?post=307838"},{"taxonomy":"post_tag","embeddable":true,"href":"https:\/\/www.europesays.com\/fr\/wp-json\/wp\/v2\/tags?post=307838"}],"curies":[{"name":"wp","href":"https:\/\/api.w.org\/{rel}","templated":true}]}}