{"id":307840,"date":"2025-08-09T18:09:45","date_gmt":"2025-08-09T18:09:45","guid":{"rendered":"https:\/\/www.europesays.com\/fr\/307840\/"},"modified":"2025-08-09T18:09:45","modified_gmt":"2025-08-09T18:09:45","slug":"direct-troyes-grenoble-ligue-2-1ere-journee-match-du-samedi-09-aout-2025-compo-et-resultat","status":"publish","type":"post","link":"https:\/\/www.europesays.com\/fr\/307840\/","title":{"rendered":"Direct Troyes &#8211; Grenoble, Ligue 2, 1\u00e8re journ\u00e9e, match du samedi 09 ao\u00fbt 2025 : compo et r\u00e9sultat"},"content":{"rendered":"<p>Suivez en direct les temps forts et le score de la rencontre de football qui oppose Troyes et Grenoble. Le coup d\u2019envoi du match est donn\u00e9 par Brendan Roffet. Le match se d\u00e9roule au stade Stade de l&rsquo;Aube le 09\/08\/2025. Troyes est entra\u00een\u00e9 par St\u00e9phane Dumont. En face Franck Rizzetto est sur le banc de Grenoble. Retrouvez le r\u00e9sultat et le r\u00e9sum\u00e9 du match Troyes &#8211; Grenoble en direct.<\/p>\n","protected":false},"excerpt":{"rendered":"Suivez en direct les temps forts et le score de la rencontre de football qui oppose Troyes et&hellip;\n","protected":false},"author":2,"featured_media":5765,"comment_status":"","ping_status":"","sticky":false,"template":"","format":"standard","meta":{"footnotes":""},"categories":[9566],"tags":[1111,11,2430,1777,674,1011,27,2731,12,25],"class_list":{"0":"post-307840","1":"post","2":"type-post","3":"status-publish","4":"format-standard","5":"has-post-thumbnail","7":"category-grenoble","8":"tag-actu","9":"tag-actualites","10":"tag-auvergne-rhone-alpes","11":"tag-eu","12":"tag-europe","13":"tag-fr","14":"tag-france","15":"tag-grenoble","16":"tag-news","17":"tag-republique-francaise"},"share_on_mastodon":{"url":"https:\/\/pubeurope.com\/@fr\/115000152120118538","error":""},"_links":{"self":[{"href":"https:\/\/www.europesays.com\/fr\/wp-json\/wp\/v2\/posts\/307840","targetHints":{"allow":["GET"]}}],"collection":[{"href":"https:\/\/www.europesays.com\/fr\/wp-json\/wp\/v2\/posts"}],"about":[{"href":"https:\/\/www.europesays.com\/fr\/wp-json\/wp\/v2\/types\/post"}],"author":[{"embeddable":true,"href":"https:\/\/www.europesays.com\/fr\/wp-json\/wp\/v2\/users\/2"}],"replies":[{"embeddable":true,"href":"https:\/\/www.europesays.com\/fr\/wp-json\/wp\/v2\/comments?post=307840"}],"version-history":[{"count":0,"href":"https:\/\/www.europesays.com\/fr\/wp-json\/wp\/v2\/posts\/307840\/revisions"}],"wp:featuredmedia":[{"embeddable":true,"href":"https:\/\/www.europesays.com\/fr\/wp-json\/wp\/v2\/media\/5765"}],"wp:attachment":[{"href":"https:\/\/www.europesays.com\/fr\/wp-json\/wp\/v2\/media?parent=307840"}],"wp:term":[{"taxonomy":"category","embeddable":true,"href":"https:\/\/www.europesays.com\/fr\/wp-json\/wp\/v2\/categories?post=307840"},{"taxonomy":"post_tag","embeddable":true,"href":"https:\/\/www.europesays.com\/fr\/wp-json\/wp\/v2\/tags?post=307840"}],"curies":[{"name":"wp","href":"https:\/\/api.w.org\/{rel}","templated":true}]}}