{"id":307843,"date":"2025-08-09T18:11:11","date_gmt":"2025-08-09T18:11:11","guid":{"rendered":"https:\/\/www.europesays.com\/fr\/307843\/"},"modified":"2025-08-09T18:11:11","modified_gmt":"2025-08-09T18:11:11","slug":"rennes-accroche-par-le-genoa-lens-simpose-face-a-leipzig-brest-et-sassuolo-dos-a-dos","status":"publish","type":"post","link":"https:\/\/www.europesays.com\/fr\/307843\/","title":{"rendered":"Rennes accroch\u00e9 par le Genoa, Lens s\u2019impose face \u00e0 Leipzig, Brest et Sassuolo dos \u00e0 dos"},"content":{"rendered":"<p>Le Stade Rennais affrontait le Genoa en amical ce samedi \u00e0 18h au Roazhon Park pour la premi\u00e8re de Frankowski, fra\u00eechement arriv\u00e9 de Galatasaray. Kalimuendo et Blas ont d\u00e9but\u00e9 sur le banc, remplac\u00e9s en attaque par Al-Tamari et Me\u00eft\u00e9. Un choix tactique payant pour Habib Beye, puisque l\u2019international jordanien a ouvert le score \u00e0 la 21e minute sur une passe de Fabian Rieder. Plus r\u00e9alistes dans les zones d\u00e9cisives, les Bretons ont men\u00e9 1-0 \u00e0 la pause apr\u00e8s avoir globalement ma\u00eetris\u00e9 la premi\u00e8re p\u00e9riode. En d\u00e9but de seconde p\u00e9riode, un seul changement a \u00e9t\u00e9 effectu\u00e9 : Mahamadou N\u2019Gid\u00e9 a remplac\u00e9 Frankowski. \u00c0 la 60e minute, Kader Me\u00eft\u00e9 a laiss\u00e9 sa place \u00e0 Ludovic Blas. D\u2019une frappe limpide et exceptionnelle, Djaoui Ciss\u00e9 a nettoy\u00e9 la lucarne adverse, offrant le break aux Rennais \u00e0 la 73e minute. Mais le Genoa a \u00e9galis\u00e9 dans la foul\u00e9e, \u00e0 la 78e minute, puis a pris l\u2019avantage dans les derni\u00e8res minutes du match gr\u00e2ce \u00e0 un but de Leo \u00d8stig\u00e5rd. Le score final a \u00e9t\u00e9 un nul 2-2, pour un match riche en rebondissements. <a href=\"https:\/\/www.footmercato.net\/club\/stade-rennais-fc\/\" rel=\"nofollow noopener\" target=\"_blank\">Rennes<\/a> a donc termin\u00e9 sa pr\u00e9-saison sans victoire.<\/p>\n<p>            La suite apr\u00e8s cette publicit\u00e9<\/p>\n<p>Dans le m\u00eame cr\u00e9neau horaire, le RC <a href=\"https:\/\/www.footmercato.net\/club\/racing-club-de-lens\/\" rel=\"nofollow noopener\" target=\"_blank\">Lens<\/a> recevait le RB Leipzig \u00e0 Bollaert. Les anciens de Ligue 1, Xavi Simons, Castello Lukeba et Lo\u00efs Openda, \u00e9taient titulaires c\u00f4t\u00e9 Leipzig. Pierre Sage avait opt\u00e9 pour une d\u00e9fense \u00e0 trois avec deux pistons, un dispositif qui a plut\u00f4t bien fonctionn\u00e9 en premi\u00e8re p\u00e9riode. Solides d\u00e9fensivement, les Lensois, intenses \u00e0 la r\u00e9cup\u00e9ration et actifs dans le dernier tiers adverse, ont montr\u00e9 de belles intentions face \u00e0 une \u00e9quipe allemande organis\u00e9e et dangereuse en transition. En seconde p\u00e9riode, \u00e0 la 48e minute (0-0), une grosse opportunit\u00e9 s\u2019est pr\u00e9sent\u00e9e pour les Sang et Or : sur une combinaison entre Adrien Thomasson et Morgan Guilavogui, ce dernier a tent\u00e9 de servir Rayan Fofana en retrait, mais le ballon a \u00e9t\u00e9 d\u00e9tourn\u00e9 en corner par un d\u00e9fenseur. Lens a finalement ouvert le score sur un centre pr\u00e9cis de Wesley Sa\u00efd, sur lequel Adrien Thomasson a plac\u00e9 un coup de t\u00eate imparable pour le portier allemand. \u00c0 la 64e minute (2-0), Florian Thauvin a r\u00e9alis\u00e9 un festival avant de centrer devant le but, o\u00f9 Uddol a repris le ballon de la t\u00eate et trouv\u00e9 le fond des filets, creusant l\u2019\u00e9cart. \u00c0 la 83e minute (2-1), Lo\u00efs Openda a r\u00e9duit la marque en deux temps malgr\u00e9 la premi\u00e8re parade de R\u00e9gis Gurtner. Les Lensois se sont finalement impos\u00e9s 2-1 contre Leipzig. De son c\u00f4t\u00e9, <a href=\"https:\/\/www.footmercato.net\/club\/stade-brestois-29\/\" rel=\"nofollow noopener\" target=\"_blank\">Brest<\/a> a affront\u00e9 Sassuolo. Les Ty-Zefs ont ouvert la marque d\u00e8s la 17e minute gr\u00e2ce \u00e0 Pierre Lees-Melou, servi id\u00e9alement par Ludovic Ajorque. Juste avant la pause, \u00e0 la 44e minute, Volpato a permis toutefois aux Italiens d\u2019\u00e9galiser, ramenant les deux \u00e9quipes \u00e0 1-1 \u00e0 la mi-temps. Le score n\u2019a plus boug\u00e9 en seconde p\u00e9riode, et les deux formations se sont quitt\u00e9es dos \u00e0 dos.<\/p>\n<p>\n    Pub. le 09\/08\/2025 19:59<br \/>\n            &#8211; MAJ le 09\/08\/2025 20:11\n    <\/p>\n","protected":false},"excerpt":{"rendered":"Le Stade Rennais affrontait le Genoa en amical ce samedi \u00e0 18h au Roazhon Park pour la premi\u00e8re&hellip;\n","protected":false},"author":2,"featured_media":307844,"comment_status":"","ping_status":"","sticky":false,"template":"","format":"standard","meta":{"footnotes":""},"categories":[2821],"tags":[1111,11,829,1777,674,1011,27,12,584,25],"class_list":{"0":"post-307843","1":"post","2":"type-post","3":"status-publish","4":"format-standard","5":"has-post-thumbnail","7":"category-rennes","8":"tag-actu","9":"tag-actualites","10":"tag-bretagne","11":"tag-eu","12":"tag-europe","13":"tag-fr","14":"tag-france","15":"tag-news","16":"tag-rennes","17":"tag-republique-francaise"},"share_on_mastodon":{"url":"https:\/\/pubeurope.com\/@fr\/115000159874495878","error":""},"_links":{"self":[{"href":"https:\/\/www.europesays.com\/fr\/wp-json\/wp\/v2\/posts\/307843","targetHints":{"allow":["GET"]}}],"collection":[{"href":"https:\/\/www.europesays.com\/fr\/wp-json\/wp\/v2\/posts"}],"about":[{"href":"https:\/\/www.europesays.com\/fr\/wp-json\/wp\/v2\/types\/post"}],"author":[{"embeddable":true,"href":"https:\/\/www.europesays.com\/fr\/wp-json\/wp\/v2\/users\/2"}],"replies":[{"embeddable":true,"href":"https:\/\/www.europesays.com\/fr\/wp-json\/wp\/v2\/comments?post=307843"}],"version-history":[{"count":0,"href":"https:\/\/www.europesays.com\/fr\/wp-json\/wp\/v2\/posts\/307843\/revisions"}],"wp:featuredmedia":[{"embeddable":true,"href":"https:\/\/www.europesays.com\/fr\/wp-json\/wp\/v2\/media\/307844"}],"wp:attachment":[{"href":"https:\/\/www.europesays.com\/fr\/wp-json\/wp\/v2\/media?parent=307843"}],"wp:term":[{"taxonomy":"category","embeddable":true,"href":"https:\/\/www.europesays.com\/fr\/wp-json\/wp\/v2\/categories?post=307843"},{"taxonomy":"post_tag","embeddable":true,"href":"https:\/\/www.europesays.com\/fr\/wp-json\/wp\/v2\/tags?post=307843"}],"curies":[{"name":"wp","href":"https:\/\/api.w.org\/{rel}","templated":true}]}}