{"id":307845,"date":"2025-08-09T18:14:19","date_gmt":"2025-08-09T18:14:19","guid":{"rendered":"https:\/\/www.europesays.com\/fr\/307845\/"},"modified":"2025-08-09T18:14:19","modified_gmt":"2025-08-09T18:14:19","slug":"strasbourg-accueille-un-nouveau-defenseur-et-ne-trouve-pas-la-faille-contre-mayence-france-rc-strasbourg","status":"publish","type":"post","link":"https:\/\/www.europesays.com\/fr\/307845\/","title":{"rendered":"Strasbourg accueille un nouveau d\u00e9fenseur et ne trouve pas la faille contre Mayence &#8211; France &#8211; RC Strasbourg"},"content":{"rendered":"<p>Visiblement, c\u2019est plut\u00f4t en attaque qu\u2019il faudrait continuer \u00e0 recruter.<\/p>\n<p>Pour son dernier amical de la pr\u00e9saison, ce samedi apr\u00e8s-midi face \u00e0 Mayence, Strasbourg n\u2019a pas marqu\u00e9, mais n\u2019a rien encaiss\u00e9 non plus <strong>(0-0)<\/strong>. \u00c0 noter que plus t\u00f4t, dans la matin\u00e9e, l\u2019\u00e9quipe \u00ab\u202fbis\u202f\u00bb strasbourgeoise s\u2019\u00e9tait inclin\u00e9e face au m\u00eame adversaire (2-1).<\/p>\n<blockquote class=\"twitter-tweet-lazy\">\n<p dir=\"ltr\" lang=\"ro\">\u270d\ufe0f <a target=\"_blank\" href=\"https:\/\/twitter.com\/hashtag\/MercatoRCSA?src=hash&amp;ref_src=twsrc%5Etfw\" rel=\"nofollow noopener\">#MercatoRCSA<\/a> I \ud835\udddf\ud835\ude02\ud835\uddf0\ud835\uddee\ud835\ude00 \ud835\udddb\u00f8\ud835\uddf4\ud835\ude00\ud835\uddef\ud835\uddf2\ud835\uddff\ud835\uddf4 \ud835\uddee\ud835\ude02 \ud835\udde5\ud835\uddee\ud835\uddf0\ud835\uddf6\ud835\uddfb\ud835\uddf4 \ud83c\udde9\ud83c\uddf0\ud83e\udd1d<\/p>\n<p>Le Racing et le FC Nordsj\u00e6lland ont trouv\u00e9 un accord pour l\u2019arriv\u00e9e de Lucas H\u00f8gsberg.<\/p>\n<p>Le communiqu\u00e9 \ud83d\udc49 <a target=\"_blank\" href=\"https:\/\/t.co\/YRtgUqFWuf\" rel=\"nofollow\">https:\/\/t.co\/YRtgUqFWuf<\/a> <a target=\"_blank\" href=\"https:\/\/t.co\/cOE4Tq5oJu\" rel=\"nofollow\">pic.twitter.com\/cOE4Tq5oJu<\/a><\/p>\n<p>\u2014 Racing Club de Strasbourg Alsace (@RCSA) <a target=\"_blank\" href=\"https:\/\/twitter.com\/RCSA\/status\/1954150690319675808?ref_src=twsrc%5Etfw\" rel=\"nofollow noopener\">August 9, 2025<\/a><\/p>\n<\/blockquote>\n<p>Le plus excitant de la journ\u00e9e, pour les supporters alsaciens, a peut-\u00eatre eu lieu dans les bureaux, puisque le Racing a enregistr\u00e9 <strong>sa treizi\u00e8me arriv\u00e9e de l\u2019\u00e9t\u00e9<\/strong> : celle du <strong>d\u00e9fenseur central Lucas H\u00f8gsberg, international danois de 19 ans<\/strong> (2 s\u00e9lections), venant du FC Nordsjaelland et d\u00e9sormais li\u00e9 \u00e0 Strasbourg jusqu\u2019en 2030. Un transfert estim\u00e9, \u00e0 la louche, \u00e0 15 millions d\u2019euros, avec un pourcentage \u00e0 la revente.<\/p>\n<p>Strasbourg a claqu\u00e9 plus de 100 millions d\u2019euros au cours de ce mercato. Voil\u00e0.<\/p>\n<p>\t\t\t\t\t\t\t\t\t\t<a class=\"lien-connexe\" href=\"https:\/\/www.sofoot.com\/articles\/ludovic-ajorque-jai-lache-une-petite-larme-en-partant-de-strasbourg\" rel=\"nofollow noopener\" target=\"_blank\">Ludovic Ajorque : \u00ab\u202fJ&rsquo;ai l\u00e2ch\u00e9 une petite larme en partant de Strasbourg\u202f\u00bb<\/a>\t\t\t\t\t<script async src=\"https:\/\/platform.twitter.com\/widgets.js\" charset=\"utf-8\"><\/script><\/p>\n","protected":false},"excerpt":{"rendered":"Visiblement, c\u2019est plut\u00f4t en attaque qu\u2019il faudrait continuer \u00e0 recruter. Pour son dernier amical de la pr\u00e9saison, ce&hellip;\n","protected":false},"author":2,"featured_media":307846,"comment_status":"","ping_status":"","sticky":false,"template":"","format":"standard","meta":{"footnotes":""},"categories":[2820],"tags":[1111,47,11,61,69,65,64,1777,674,63,1011,27,775,68,66,12,62,70,25,67,640],"class_list":{"0":"post-307845","1":"post","2":"type-post","3":"status-publish","4":"format-standard","5":"has-post-thumbnail","7":"category-strasbourg","8":"tag-actu","9":"tag-actualite","10":"tag-actualites","11":"tag-actus-football","12":"tag-bundesliga","13":"tag-championnats-europeens","14":"tag-equipe-de-france","15":"tag-eu","16":"tag-europe","17":"tag-football","18":"tag-fr","19":"tag-france","20":"tag-grand-est","21":"tag-ligua","22":"tag-ligue-1","23":"tag-news","24":"tag-news-foot","25":"tag-premier-league","26":"tag-republique-francaise","27":"tag-serie-a","28":"tag-strasbourg"},"share_on_mastodon":{"url":"https:\/\/pubeurope.com\/@fr\/115000171741545015","error":""},"_links":{"self":[{"href":"https:\/\/www.europesays.com\/fr\/wp-json\/wp\/v2\/posts\/307845","targetHints":{"allow":["GET"]}}],"collection":[{"href":"https:\/\/www.europesays.com\/fr\/wp-json\/wp\/v2\/posts"}],"about":[{"href":"https:\/\/www.europesays.com\/fr\/wp-json\/wp\/v2\/types\/post"}],"author":[{"embeddable":true,"href":"https:\/\/www.europesays.com\/fr\/wp-json\/wp\/v2\/users\/2"}],"replies":[{"embeddable":true,"href":"https:\/\/www.europesays.com\/fr\/wp-json\/wp\/v2\/comments?post=307845"}],"version-history":[{"count":0,"href":"https:\/\/www.europesays.com\/fr\/wp-json\/wp\/v2\/posts\/307845\/revisions"}],"wp:featuredmedia":[{"embeddable":true,"href":"https:\/\/www.europesays.com\/fr\/wp-json\/wp\/v2\/media\/307846"}],"wp:attachment":[{"href":"https:\/\/www.europesays.com\/fr\/wp-json\/wp\/v2\/media?parent=307845"}],"wp:term":[{"taxonomy":"category","embeddable":true,"href":"https:\/\/www.europesays.com\/fr\/wp-json\/wp\/v2\/categories?post=307845"},{"taxonomy":"post_tag","embeddable":true,"href":"https:\/\/www.europesays.com\/fr\/wp-json\/wp\/v2\/tags?post=307845"}],"curies":[{"name":"wp","href":"https:\/\/api.w.org\/{rel}","templated":true}]}}