{"id":307848,"date":"2025-08-09T18:18:27","date_gmt":"2025-08-09T18:18:27","guid":{"rendered":"https:\/\/www.europesays.com\/fr\/307848\/"},"modified":"2025-08-09T18:18:27","modified_gmt":"2025-08-09T18:18:27","slug":"abline-absent-pour-le-match-de-preparation-contre-le-paris-fc-sur-fond-de-souhait-de-transfert","status":"publish","type":"post","link":"https:\/\/www.europesays.com\/fr\/307848\/","title":{"rendered":"Abline absent pour le match de pr\u00e9paration contre le Paris FC, sur fond de souhait de transfert"},"content":{"rendered":"<p class=\"mb-4 text-lg md:leading-8 break-words\">Certains parlent de bras de fer, d&rsquo;autres de blessure. Reste que <a href=\"https:\/\/fr.news.yahoo.com\/sport\/mercato-paris-fc-veut-benjamin-101909596.html\" data-ylk=\"slk:Matthis Abline;elm:context_link;itc:0;sec:content-canvas;outcm:mb_qualified_link;_E:mb_qualified_link;ct:story;\" class=\"link  yahoo-link\" rel=\"nofollow noopener\" target=\"_blank\">Matthis Abline<\/a> sera absent ce samedi en amical face au Paris FC&#8230; club qui souhaite l&rsquo;arracher au FC Nantes. Le convoit\u00e9 attaquant fran\u00e7ais aurait fait passer le message \u00e0 ses dirigeants qu&rsquo;il souhaitait quitter le club rapidement.<\/p>\n<p class=\"mb-4 text-lg md:leading-8 break-words\">Selon <a href=\"https:\/\/www.ouest-france.fr\/sport\/football\/fc-nantes\/info-ouest-france-fc-nantes-matthis-abline-absent-face-au-paris-fc-engage-un-bras-de-fer-3e639a84-7532-11f0-9d15-80a5c5d7922a\" rel=\"nofollow noopener\" target=\"_blank\" data-ylk=\"slk:Ouest France;elm:context_link;itc:0;sec:content-canvas\" class=\"link \">Ouest France<\/a>, l&rsquo;international Espoirs (22 ans, neuf s\u00e9lections, deux buts) aurait m\u00eame d\u00e9j\u00e0 engag\u00e9 un bras de fer avec les Canaris. Ce qui pourrait expliquer son absence surprise dans le groupe, lui qui y figurait pourtant.<\/p>\n<p class=\"mb-4 text-lg md:leading-8 break-words\">&gt;&gt; <a href=\"https:\/\/rmcsport.bfmtv.com\/football\/transferts\/direct-mercato-toutes-les-infos-et-rumeurs-du-7-aout-2025-en-live_LN-202508070108.html\" rel=\"nofollow noopener\" target=\"_blank\" data-ylk=\"slk:Toute l&#039;actu du mercato en direct;elm:context_link;itc:0;sec:content-canvas\" class=\"link \">Toute l&rsquo;actu du mercato en direct<\/a><\/p>\n<p>Une proposition \u00e0 25 millions d&rsquo;euros<\/p>\n<p class=\"mb-4 text-lg md:leading-8 break-words\">De son c\u00f4t\u00e9, le FCNA, pour ne pas perdre la face dans ce dossier \u00e9pineux, aurait justifi\u00e9 sa d\u00e9fection par une blessure. Nantes et le PFC vont-ils profiter du dernier match amical avant la reprise de la Ligue 1 pour approfondir les discussions?<\/p>\n<p class=\"mb-4 text-lg md:leading-8 break-words\">Le nouveau riche parisien <a href=\"https:\/\/fr.news.yahoo.com\/sport\/mercato-nantes-refuse-grosse-offre-144646218.html\" data-ylk=\"slk:a propos\u00e9 cette semaine 25 millions d\u2019euros pour l&#039;attaquant;elm:context_link;itc:0;sec:content-canvas;outcm:mb_qualified_link;_E:mb_qualified_link;ct:story;\" class=\"link  yahoo-link\" rel=\"nofollow noopener\" target=\"_blank\">a propos\u00e9 cette semaine 25 millions d\u2019euros pour l&rsquo;attaquant<\/a>, comme r\u00e9v\u00e9l\u00e9 vendredi par Le Parisien et L&rsquo;Equipe, une information confirm\u00e9e par RMC Sport. Une offre refus\u00e9e par les Canaris, qui en voudraient 50.<\/p>\n<p class=\"mb-4 text-lg md:leading-8 break-words\"><a href=\"https:\/\/fr.news.yahoo.com\/sport\/nantes-abline-nira-%C3%A0-lom-043154858.html\" data-ylk=\"slk:Un temps pist\u00e9 par l&#039;OM;elm:context_link;itc:0;sec:content-canvas;outcm:mb_qualified_link;_E:mb_qualified_link;ct:story;\" class=\"link  yahoo-link\" rel=\"nofollow noopener\" target=\"_blank\">Un temps pist\u00e9 par l&rsquo;OM<\/a>, \u00e9galement dans l&rsquo;oeil de Wolverhampton, en Premier League, la trajectoire d&rsquo;Abline semble se diriger loin de la Beaujoire, o\u00f9 il pourrait avoir jou\u00e9 son dernier match le 17 mai. L&rsquo;ancien Rennais avait termin\u00e9 la saison pass\u00e9e \u00e0 9 buts en Ligue 1.<\/p>\n<p class=\"mb-4 text-lg md:leading-8 break-words\"><a href=\"https:\/\/rmcsport.bfmtv.com\/football\/transferts\/nantes-abline-absent-pour-le-match-de-preparation-contre-le-paris-fc-sur-fond-de-souhait-de-transfert_AV-202508090244.html#xtor=AL-68\" rel=\"nofollow noopener\" target=\"_blank\" data-ylk=\"slk:Article original publi\u00e9 sur RMC Sport;elm:context_link;itc:0;sec:content-canvas\" class=\"link \">Article original publi\u00e9 sur RMC Sport<\/a><\/p>\n","protected":false},"excerpt":{"rendered":"Certains parlent de bras de fer, d&rsquo;autres de blessure. Reste que Matthis Abline sera absent ce samedi en&hellip;\n","protected":false},"author":2,"featured_media":307849,"comment_status":"","ping_status":"","sticky":false,"template":"","format":"standard","meta":{"footnotes":""},"categories":[2818],"tags":[28711,1111,11,20424,21199,1777,674,462,1011,27,5553,40715,766,12,626,2636,25],"class_list":{"0":"post-307848","1":"post","2":"type-post","3":"status-publish","4":"format-standard","5":"has-post-thumbnail","7":"category-nantes","8":"tag-abline","9":"tag-actu","10":"tag-actualites","11":"tag-bras-de-fer","12":"tag-canaris","13":"tag-eu","14":"tag-europe","15":"tag-fc-nantes","16":"tag-fr","17":"tag-france","18":"tag-le-parisien","19":"tag-match-amical","20":"tag-nantes","21":"tag-news","22":"tag-paris","23":"tag-pays-de-la-loire","24":"tag-republique-francaise"},"share_on_mastodon":{"url":"https:\/\/pubeurope.com\/@fr\/115000187460841979","error":""},"_links":{"self":[{"href":"https:\/\/www.europesays.com\/fr\/wp-json\/wp\/v2\/posts\/307848","targetHints":{"allow":["GET"]}}],"collection":[{"href":"https:\/\/www.europesays.com\/fr\/wp-json\/wp\/v2\/posts"}],"about":[{"href":"https:\/\/www.europesays.com\/fr\/wp-json\/wp\/v2\/types\/post"}],"author":[{"embeddable":true,"href":"https:\/\/www.europesays.com\/fr\/wp-json\/wp\/v2\/users\/2"}],"replies":[{"embeddable":true,"href":"https:\/\/www.europesays.com\/fr\/wp-json\/wp\/v2\/comments?post=307848"}],"version-history":[{"count":0,"href":"https:\/\/www.europesays.com\/fr\/wp-json\/wp\/v2\/posts\/307848\/revisions"}],"wp:featuredmedia":[{"embeddable":true,"href":"https:\/\/www.europesays.com\/fr\/wp-json\/wp\/v2\/media\/307849"}],"wp:attachment":[{"href":"https:\/\/www.europesays.com\/fr\/wp-json\/wp\/v2\/media?parent=307848"}],"wp:term":[{"taxonomy":"category","embeddable":true,"href":"https:\/\/www.europesays.com\/fr\/wp-json\/wp\/v2\/categories?post=307848"},{"taxonomy":"post_tag","embeddable":true,"href":"https:\/\/www.europesays.com\/fr\/wp-json\/wp\/v2\/tags?post=307848"}],"curies":[{"name":"wp","href":"https:\/\/api.w.org\/{rel}","templated":true}]}}