{"id":307856,"date":"2025-08-09T18:24:13","date_gmt":"2025-08-09T18:24:13","guid":{"rendered":"https:\/\/www.europesays.com\/fr\/307856\/"},"modified":"2025-08-09T18:24:13","modified_gmt":"2025-08-09T18:24:13","slug":"a-lille-un-nouveau-cycle-mais-des-ambitions-intactes","status":"publish","type":"post","link":"https:\/\/www.europesays.com\/fr\/307856\/","title":{"rendered":"\u00e0 Lille, un nouveau cycle mais des ambitions intactes"},"content":{"rendered":"<p>Gr\u00e2ce \u00e0 sa cinqui\u00e8me place en Ligue 1 la saison derni\u00e8re, Lille sera \u00e0 nouveau europ\u00e9en cette ann\u00e9e. Mais ce sera cette fois en Ligue Europa, et pas en Ligue des champions o\u00f9 les Nordistes avaient brill\u00e9 l\u2019an dernier, avec la 7e\u00a0place de la premi\u00e8re phase et une qualification directe en huiti\u00e8mes de finale.\u00a0Le Losc continue ainsi d\u2019enrichir son ADN europ\u00e9en avec une sixi\u00e8me participation en sept saisons \u00e0 une comp\u00e9tition continentale.<\/p>\n<p>Dans l\u2019esprit de ses dirigeants, pas question de s\u2019arr\u00eater en si bon chemin\u00a0: \u00ab\u00a0J\u2019ai envie que notre club performe, que l\u2019on soit tr\u00e8s bons en championnat, tr\u00e8s bons en comp\u00e9tition europ\u00e9enne, c\u2019est \u00e7a l\u2019objectif\u00a0\u00bb, d\u00e9clarait d\u00e9but juillet Olivier L\u00e9tang, le pr\u00e9sident du club.<\/p>\n<p>Mais avec quel effectif\u00a0? Outre la prolongation jusqu\u2019en 2028 de son capitaine Benjamin Andr\u00e9 (35\u00a0ans), Lille s\u2019est d\u00e9j\u00e0 montr\u00e9 actif sur le march\u00e9 des transferts avec six arriv\u00e9es\u00a0: le gardien Arnaud Bodart, le d\u00e9fenseur central Nathan Ngoy, l\u2019arri\u00e8re gauche Romain Perraud, les ailiers F\u00e9lix Correia et Marius Broholm, ainsi que l\u2019embl\u00e9matique Olivier Giroud, l\u2019avant-centre aux 137 s\u00e9lections qui va red\u00e9couvrir la Ligue 1, treize ans apr\u00e8s son d\u00e9part de Montpellier.<\/p>\n<p>Giroud \u00ab\u00a0n\u2019arrive pas dans la peau d\u2019un Messie\u00a0\u00bb<\/p>\n<p>Mais, dans le sens inverse, Lille a vu partir au cours de l\u2019\u00e9t\u00e9 plusieurs cadres, dont le <a target=\"_self\" href=\"https:\/\/www.lanouvellerepublique.fr\/sports\/le-gardien-lucas-chevalier-rejoint-le-paris-saint-germain-1754679572\" rel=\"nofollow noopener\">gardien Lucas Chevalier au PSG,<\/a> les lat\u00e9raux Gabriel Gudmundsson et Ismaily, le milieu ex-international fran\u00e7ais R\u00e9my Cabella et surtout l\u2019attaquant num\u00e9ro\u00a01 Jonathan David.\u00a0Arriv\u00e9 en 2020, champion de France avec le club nordiste en 2021, l\u2019avant-centre canadien, troisi\u00e8me meilleur buteur de l\u2019histoire du club avec 109 r\u00e9alisations toutes comp\u00e9titions confondues en 232 matchs, va laisser un \u00e9norme vide, qui n\u2019a pour le moment pas totalement \u00e9t\u00e9 combl\u00e9.<\/p>\n<p>Car Olivier Giroud, 39\u00a0ans en septembre, a certes \u00e9t\u00e9 efficace lors des matchs de pr\u00e9paration, avec un doubl\u00e9 contre Venise cette semaine (3-0) puis un superbe but contr\u00f4le de la poitrine et encha\u00eenement en retourn\u00e9 acrobatique ce samedi face \u00e0 West Ham (d\u00e9faite 1-1, 5-4 aux tirs au but). Mais il n\u2019est plus en capacit\u00e9 d\u2019encha\u00eener tous les trois jours ou de jouer 90 minutes d\u2019affil\u00e9e. \u00ab\u00a0Je n\u2019arrive pas dans la peau du Messie\u00a0\u00bb, a d\u2019ailleurs pr\u00e9venu le champion du monde 2018 lors de sa <a target=\"_self\" href=\"https:\/\/www.lanouvellerepublique.fr\/sports\/olivier-giroud-pret-a-relever-le-defi-de-lille-et-de-la-ligue-1-1751473969\" rel=\"nofollow noopener\">pr\u00e9sentation officielle \u00e0 Lille d\u00e9but juillet<\/a>.<\/p>\n<p>Le Losc doit \u00e9galement se renforcer en d\u00e9fense, comme l\u2019a rappel\u00e9 son entra\u00eeneur Bruno Genesio samedi dernier, apr\u00e8s la d\u00e9faite contre Dortmund (3-2), en match de pr\u00e9paration\u00a0: \u00ab\u00a0La priorit\u00e9, c\u2019est bien s\u00fbr sur le c\u00f4t\u00e9 gauche. Parce qu\u2019on a perdu nos trois d\u00e9fenseurs lat\u00e9raux gauches\u00a0\u00bb, \u00e0 savoir Gudmundsson, Ismaily et Bakker, retourn\u00e9 \u00e0 l\u2019Atalanta Bergame qui l\u2019avait pr\u00eat\u00e9 \u00e0 Lille. Avec l\u2019ex-Ni\u00e7ois et Brestois Romain Perraud, arriv\u00e9 ce samedi, le club a combl\u00e9 une partie de ses lacunes. Reste \u00e0 trouver un nouveau gardien num\u00e9ro\u00a01 pour combler le d\u00e9part de Lucas Chevalier.<\/p>\n<p>Mais quoi qu\u2019il en soit, pour sa deuxi\u00e8me saison sur le banc du Losc, Genesio fait face \u00e0 un d\u00e9fi majeur\u00a0: cr\u00e9er rapidement une \u00e9quipe comp\u00e9titive avec un effectif en pleine recomposition, afin de maintenir le club parmi les premiers r\u00f4les de Ligue 1. Un sacr\u00e9 challenge.<\/p>\n","protected":false},"excerpt":{"rendered":"Gr\u00e2ce \u00e0 sa cinqui\u00e8me place en Ligue 1 la saison derni\u00e8re, Lille sera \u00e0 nouveau europ\u00e9en cette ann\u00e9e.&hellip;\n","protected":false},"author":2,"featured_media":307857,"comment_status":"","ping_status":"","sticky":false,"template":"","format":"standard","meta":{"footnotes":""},"categories":[2815],"tags":[1111,11,1777,674,63,1011,27,811,66,1307,12,25,60],"class_list":{"0":"post-307856","1":"post","2":"type-post","3":"status-publish","4":"format-standard","5":"has-post-thumbnail","7":"category-lille","8":"tag-actu","9":"tag-actualites","10":"tag-eu","11":"tag-europe","12":"tag-football","13":"tag-fr","14":"tag-france","15":"tag-hauts-de-france","16":"tag-ligue-1","17":"tag-lille","18":"tag-news","19":"tag-republique-francaise","20":"tag-sports"},"share_on_mastodon":{"url":"https:\/\/pubeurope.com\/@fr\/115000211107945004","error":""},"_links":{"self":[{"href":"https:\/\/www.europesays.com\/fr\/wp-json\/wp\/v2\/posts\/307856","targetHints":{"allow":["GET"]}}],"collection":[{"href":"https:\/\/www.europesays.com\/fr\/wp-json\/wp\/v2\/posts"}],"about":[{"href":"https:\/\/www.europesays.com\/fr\/wp-json\/wp\/v2\/types\/post"}],"author":[{"embeddable":true,"href":"https:\/\/www.europesays.com\/fr\/wp-json\/wp\/v2\/users\/2"}],"replies":[{"embeddable":true,"href":"https:\/\/www.europesays.com\/fr\/wp-json\/wp\/v2\/comments?post=307856"}],"version-history":[{"count":0,"href":"https:\/\/www.europesays.com\/fr\/wp-json\/wp\/v2\/posts\/307856\/revisions"}],"wp:featuredmedia":[{"embeddable":true,"href":"https:\/\/www.europesays.com\/fr\/wp-json\/wp\/v2\/media\/307857"}],"wp:attachment":[{"href":"https:\/\/www.europesays.com\/fr\/wp-json\/wp\/v2\/media?parent=307856"}],"wp:term":[{"taxonomy":"category","embeddable":true,"href":"https:\/\/www.europesays.com\/fr\/wp-json\/wp\/v2\/categories?post=307856"},{"taxonomy":"post_tag","embeddable":true,"href":"https:\/\/www.europesays.com\/fr\/wp-json\/wp\/v2\/tags?post=307856"}],"curies":[{"name":"wp","href":"https:\/\/api.w.org\/{rel}","templated":true}]}}