{"id":307858,"date":"2025-08-09T18:25:13","date_gmt":"2025-08-09T18:25:13","guid":{"rendered":"https:\/\/www.europesays.com\/fr\/307858\/"},"modified":"2025-08-09T18:25:13","modified_gmt":"2025-08-09T18:25:13","slug":"muriel-sivazlian-marseillaise-femme-libre-et-pionniere-des-fonds-marins","status":"publish","type":"post","link":"https:\/\/www.europesays.com\/fr\/307858\/","title":{"rendered":"Muriel Sivazlian, Marseillaise, femme libre et pionni\u00e8re des fonds marins"},"content":{"rendered":"<p>Libre. Muriel a toujours tout entrepris pour avoir de \u00ab\u00a0petites ailes dans le dos\u00a0\u00bb. Pour y parvenir, cette Marseillaise a souvent laiss\u00e9 la terre ferme derri\u00e8re elle, rejoignant ce monde sous-marin qui, enfant d\u00e9j\u00e0, la fascinait. Ses r\u00eaves se nourrissaient, alors, des aventures de <a href=\"https:\/\/www.laprovence.com\/article\/region\/4651270303754814\/les-noels-insolites-de-carpentras-mettent-lunivers-de-lecrivain-jules-verne-en-lumiere\" target=\"_blank\" rel=\"noopener\">Jules Verne<\/a> et des explorations du commandant Cousteau dont elle ne ratait aucun documentaire t\u00e9l\u00e9vis\u00e9 quand bien m\u00eame fallait-il braver l\u2019interdit parental au vu de l\u2019horaire des diffusions. Happ\u00e9e par les captivantes profondeurs, la gamine de 6\u00a0ans savait que le bitume de la vie urbaine ne ferait pas partie de son quotidien\u00a0: \u00ab\u00a0D\u00e8s cet \u00e2ge-l\u00e0, j\u2019ai voulu \u00eatre une aventuri\u00e8re.\u00a0\u00bb<\/p>\n","protected":false},"excerpt":{"rendered":"Libre. Muriel a toujours tout entrepris pour avoir de \u00ab\u00a0petites ailes dans le dos\u00a0\u00bb. Pour y parvenir, cette&hellip;\n","protected":false},"author":2,"featured_media":307859,"comment_status":"","ping_status":"","sticky":false,"template":"","format":"standard","meta":{"footnotes":""},"categories":[2814],"tags":[17,1111,11,154,1777,674,1294,1011,27,29023,11989,884,44810,12,44812,882,16,25,44811],"class_list":{"0":"post-307858","1":"post","2":"type-post","3":"status-publish","4":"format-standard","5":"has-post-thumbnail","7":"category-marseille","8":"tag-17","9":"tag-actu","10":"tag-actualites","11":"tag-des","12":"tag-eu","13":"tag-europe","14":"tag-femme","15":"tag-fr","16":"tag-france","17":"tag-libre","18":"tag-marseillaise","19":"tag-marseille","20":"tag-muriel","21":"tag-news","22":"tag-pionniere","23":"tag-provence-alpes-cote-dazur","24":"tag-region","25":"tag-republique-francaise","26":"tag-sivazlian"},"share_on_mastodon":{"url":"https:\/\/pubeurope.com\/@fr\/115000215031421218","error":""},"_links":{"self":[{"href":"https:\/\/www.europesays.com\/fr\/wp-json\/wp\/v2\/posts\/307858","targetHints":{"allow":["GET"]}}],"collection":[{"href":"https:\/\/www.europesays.com\/fr\/wp-json\/wp\/v2\/posts"}],"about":[{"href":"https:\/\/www.europesays.com\/fr\/wp-json\/wp\/v2\/types\/post"}],"author":[{"embeddable":true,"href":"https:\/\/www.europesays.com\/fr\/wp-json\/wp\/v2\/users\/2"}],"replies":[{"embeddable":true,"href":"https:\/\/www.europesays.com\/fr\/wp-json\/wp\/v2\/comments?post=307858"}],"version-history":[{"count":0,"href":"https:\/\/www.europesays.com\/fr\/wp-json\/wp\/v2\/posts\/307858\/revisions"}],"wp:featuredmedia":[{"embeddable":true,"href":"https:\/\/www.europesays.com\/fr\/wp-json\/wp\/v2\/media\/307859"}],"wp:attachment":[{"href":"https:\/\/www.europesays.com\/fr\/wp-json\/wp\/v2\/media?parent=307858"}],"wp:term":[{"taxonomy":"category","embeddable":true,"href":"https:\/\/www.europesays.com\/fr\/wp-json\/wp\/v2\/categories?post=307858"},{"taxonomy":"post_tag","embeddable":true,"href":"https:\/\/www.europesays.com\/fr\/wp-json\/wp\/v2\/tags?post=307858"}],"curies":[{"name":"wp","href":"https:\/\/api.w.org\/{rel}","templated":true}]}}