{"id":307862,"date":"2025-08-09T18:27:10","date_gmt":"2025-08-09T18:27:10","guid":{"rendered":"https:\/\/www.europesays.com\/fr\/307862\/"},"modified":"2025-08-09T18:27:10","modified_gmt":"2025-08-09T18:27:10","slug":"lenquete-classee-sans-suite-la-mort-de-la-lyonnaise-jamais-expliquee","status":"publish","type":"post","link":"https:\/\/www.europesays.com\/fr\/307862\/","title":{"rendered":"l&rsquo;enqu\u00eate class\u00e9e sans suite, la mort de la Lyonnaise jamais expliqu\u00e9e ?"},"content":{"rendered":"<p itemprop=\"description\"><strong>Myrtille Stcherbanioff \u00e9tait port\u00e9e disparue depuis le 13 mai.<\/strong><\/p>\n<p><a href=\"https:\/\/www.lyonmag.com\/article\/145722\/elle-avait-disparu-depuis-le-mois-de-mai-a-lyon-le-deces-de-myrtille-annoncee-par-sa-famille\" target=\"_blank\" rel=\"noopener nofollow\">Cette jeune Lyonnaise de 27 ans avait finalement \u00e9t\u00e9 retrouv\u00e9e morte<\/a> le 3 juillet dernier en Haute-Savoie, au pied de la t\u00eate de Charousse \u00e0 La Chapelle-d&rsquo;Abondance. Son corps \u00e9tait d\u00e9couvert par hasard par un parapentiste.<\/p>\n<p>Le procureur de la R\u00e9publique de Thonon-les-Bains a fait savoir dans un communiqu\u00e9 ce vendredi soir que \u00ab\u00a0l\u2019enqu\u00eate en recherche des causes de la mort qui a \u00e9t\u00e9 diligent\u00e9e a conduit \u00e0 \u00e9carter l\u2019intervention d\u2019un tiers et a en cons\u00e9quence \u00e9t\u00e9 class\u00e9e sans suite par (son) parquet\u00a0\u00bb. Aucune information n&rsquo;a \u00e9t\u00e9 donn\u00e9e sur le fait que sa voiture a \u00e9t\u00e9 retrouv\u00e9e ou non.<\/p>\n<p>Myrtille \u00e9tait partie de son domicile du 9e arrondissement de Lyon pour se rendre aux M\u00e9di\u00e9vales de Bresse dans l\u2019Ain o\u00f9 elle n&rsquo;est jamais arriv\u00e9e. D&rsquo;o\u00f9 l&rsquo;incompr\u00e9hension de ses proches sur le fait qu&rsquo;on retrouve son corps aussi loin de sa destination initiale, m\u00eame si elle \u00e9tait originaire de cette r\u00e9gion du Chablais.<\/p>\n<p>Accident ou suicide, sa famille ne conna\u00eetra probablement jamais la v\u00e9rit\u00e9 sur sa mort puisque le travail des enqu\u00eateurs est d\u00e9sormais termin\u00e9.<\/p>\n","protected":false},"excerpt":{"rendered":"Myrtille Stcherbanioff \u00e9tait port\u00e9e disparue depuis le 13 mai. Cette jeune Lyonnaise de 27 ans avait finalement \u00e9t\u00e9&hellip;\n","protected":false},"author":2,"featured_media":307863,"comment_status":"","ping_status":"","sticky":false,"template":"","format":"standard","meta":{"footnotes":""},"categories":[1889],"tags":[1111,11,2813,2190,2430,1109,251,1112,2811,1777,674,118,1011,27,1922,1110,1114,2428,2810,12,241,316,25,2812,517,800],"class_list":{"0":"post-307862","1":"post","2":"type-post","3":"status-publish","4":"format-standard","5":"has-post-thumbnail","7":"category-lyon","8":"tag-actu","9":"tag-actualites","10":"tag-article","11":"tag-asvel","12":"tag-auvergne-rhone-alpes","13":"tag-breves","14":"tag-culture","15":"tag-depeches","16":"tag-economique","17":"tag-eu","18":"tag-europe","19":"tag-faits-divers","20":"tag-fr","21":"tag-france","22":"tag-info","23":"tag-informations","24":"tag-infos","25":"tag-lyon","26":"tag-lyonmag","27":"tag-news","28":"tag-ol","29":"tag-politique","30":"tag-republique-francaise","31":"tag-sociale","32":"tag-sport","33":"tag-transports"},"share_on_mastodon":{"url":"https:\/\/pubeurope.com\/@fr\/115000222918802399","error":""},"_links":{"self":[{"href":"https:\/\/www.europesays.com\/fr\/wp-json\/wp\/v2\/posts\/307862","targetHints":{"allow":["GET"]}}],"collection":[{"href":"https:\/\/www.europesays.com\/fr\/wp-json\/wp\/v2\/posts"}],"about":[{"href":"https:\/\/www.europesays.com\/fr\/wp-json\/wp\/v2\/types\/post"}],"author":[{"embeddable":true,"href":"https:\/\/www.europesays.com\/fr\/wp-json\/wp\/v2\/users\/2"}],"replies":[{"embeddable":true,"href":"https:\/\/www.europesays.com\/fr\/wp-json\/wp\/v2\/comments?post=307862"}],"version-history":[{"count":0,"href":"https:\/\/www.europesays.com\/fr\/wp-json\/wp\/v2\/posts\/307862\/revisions"}],"wp:featuredmedia":[{"embeddable":true,"href":"https:\/\/www.europesays.com\/fr\/wp-json\/wp\/v2\/media\/307863"}],"wp:attachment":[{"href":"https:\/\/www.europesays.com\/fr\/wp-json\/wp\/v2\/media?parent=307862"}],"wp:term":[{"taxonomy":"category","embeddable":true,"href":"https:\/\/www.europesays.com\/fr\/wp-json\/wp\/v2\/categories?post=307862"},{"taxonomy":"post_tag","embeddable":true,"href":"https:\/\/www.europesays.com\/fr\/wp-json\/wp\/v2\/tags?post=307862"}],"curies":[{"name":"wp","href":"https:\/\/api.w.org\/{rel}","templated":true}]}}