{"id":307866,"date":"2025-08-09T18:30:15","date_gmt":"2025-08-09T18:30:15","guid":{"rendered":"https:\/\/www.europesays.com\/fr\/307866\/"},"modified":"2025-08-09T18:30:15","modified_gmt":"2025-08-09T18:30:15","slug":"la-plus-belle-ile-secrete-de-france-est-officiellement-cette-destination-paradisiaque","status":"publish","type":"post","link":"https:\/\/www.europesays.com\/fr\/307866\/","title":{"rendered":"La plus belle \u00eele secr\u00e8te de France est officiellement cette destination paradisiaque"},"content":{"rendered":"<p>Au cours de mes nombreuses p\u00e9r\u00e9grinations \u00e0 travers l\u2019Hexagone, j\u2019ai d\u00e9couvert de v\u00e9ritables havres de paix pr\u00e9serv\u00e9s du tourisme de masse. Parmi ces tr\u00e9sors cach\u00e9s, l\u2019<strong>\u00eele de Batz<\/strong> s\u2019est r\u00e9v\u00e9l\u00e9e \u00eatre une surprise enchanteresse. Nich\u00e9e au large des c\u00f4tes bretonnes, cette destination paradisiaque m\u00e9rite amplement le titre de plus belle \u00eele secr\u00e8te de France que je lui d\u00e9cerne aujourd\u2019hui. Laissez-moi vous emmener \u00e0 la d\u00e9couverte de ce joyau insulaire que peu de voyageurs ont eu la chance d\u2019chercher.<\/p>\n<p>L\u2019\u00eele de Batz, un secret bien gard\u00e9 au large de la Bretagne<\/p>\n<p>Situ\u00e9e \u00e0 seulement 15 minutes en bateau de Roscoff, l\u2019<strong>\u00eele de Batz demeure \u00e9tonnamment confidentielle<\/strong> malgr\u00e9 sa proximit\u00e9 avec le continent. J\u2019ai embarqu\u00e9 un matin de juillet, mon carnet de voyage \u00e0 la main, impatiente de fouler ce bout de terre dont on m\u2019avait vant\u00e9 la beaut\u00e9 sauvage. D\u00e8s mon arriv\u00e9e au port, j\u2019ai \u00e9t\u00e9 saisie par cette atmosph\u00e8re hors du temps qui r\u00e8gne sur l\u2019\u00eele.<\/p>\n<p>L\u2019absence de voitures \u2013 sauf quelques tracteurs agricoles \u2013 conf\u00e8re \u00e0 ce territoire une qui\u00e9tude incomparable. Vous pouvez parcourir ses 3,5 km de long \u00e0 pied ou \u00e0 v\u00e9lo, louable directement \u00e0 l\u2019embarcad\u00e8re. J\u2019ai opt\u00e9 pour la seconde option, id\u00e9ale pour analyser chaque recoin de ce petit paradis en une journ\u00e9e.<\/p>\n<p>Ce qui frappe imm\u00e9diatement, c\u2019est la luminosit\u00e9 exceptionnelle qui baigne les paysages. Les teintes changeantes de la mer, oscillant entre le turquoise et le bleu profond, m\u2019ont rappel\u00e9 certains rivages m\u00e9diterran\u00e9ens que j\u2019ai pu visiter lors de mes <a href=\"https:\/\/www.carredinfo.fr\/voyage\/decouvrez-des-vacances-enchanteresses-sur-la-magnifique-cote-damethyste\/\" target=\"_blank\" rel=\"noopener\">vacances enchanteresses sur la C\u00f4te d\u2019Am\u00e9thyste<\/a>. Pourtant, nous sommes bien en Bretagne, dans un microclimat \u00e9tonnamment doux gr\u00e2ce au Gulf Stream.<\/p>\n<p>Le charme de l\u2019\u00eele de Batz r\u00e9side dans sa mosa\u00efque de paysages condens\u00e9s sur un petit territoire :<\/p>\n<ul class=\"wp-block-list\">\n<li>Des plages de sable fin aux eaux cristallines<\/li>\n<li>Des criques secr\u00e8tes accessibles uniquement \u00e0 mar\u00e9e basse<\/li>\n<li>Des champs cultiv\u00e9s t\u00e9moignant de la tradition mara\u00eech\u00e8re<\/li>\n<li>Des sentiers c\u00f4tiers offrant des panoramas \u00e0 couper le souffle<\/li>\n<li>Un phare majestueux dominant l\u2019\u00eele de ses 44 m\u00e8tres<\/li>\n<\/ul>\n<p>Un patrimoine naturel et culturel pr\u00e9serv\u00e9<\/p>\n<p>L\u2019attraction principale de l\u2019\u00eele est sans conteste son <strong>jardin exotique Georges Delaselle<\/strong>. J\u2019y ai pass\u00e9 une matin\u00e9e enti\u00e8re, \u00e9merveill\u00e9e par la diversit\u00e9 des esp\u00e8ces m\u00e9diterran\u00e9ennes et tropicales qui s\u2019y \u00e9panouissent. Cr\u00e9\u00e9 en 1897 par un passionn\u00e9 de botanique, ce jardin abrite plus de 2000 esp\u00e8ces de plantes venues des cinq continents. Des palmiers de Californie aux eucalyptus d\u2019Australie, en passant par les agaves du Mexique, la promenade est un v\u00e9ritable voyage autour du monde.<\/p>\n<p>Pour les amateurs d\u2019histoire, l\u2019\u00e9glise Notre-Dame et sa statue miraculeuse m\u00e9ritent le d\u00e9tour. Selon la l\u00e9gende locale que m\u2019a racont\u00e9e un p\u00eacheur rencontr\u00e9 sur le port, cette Vierge aurait \u00e9t\u00e9 d\u00e9couverte en mer par des marins et aurait depuis prot\u00e9g\u00e9 l\u2019\u00eele des temp\u00eates. Les ex-voto qui ornent les murs de l\u2019\u00e9difice t\u00e9moignent de la ferveur des insulaires et de leur lien profond avec l\u2019oc\u00e9an.<\/p>\n<p>L\u2019ascension du phare, bien que sportive avec ses 198 marches, offre une r\u00e9compense incomparable : un panorama \u00e0 360\u00b0 sur l\u2019archipel, la baie de Morlaix et, par temps clair, jusqu\u2019\u00e0 la pointe du Finist\u00e8re. J\u2019ai eu la chance d\u2019y monter en fin de journ\u00e9e, quand la lumi\u00e8re dor\u00e9e du soleil couchant magnifiait les contours de cette terre d\u2019exception.<\/p>\n<tr>SaisonAvantagesActivit\u00e9s recommand\u00e9es<\/tr>\n<tr>\n<td>Printemps<\/td>\n<td>Floraison du jardin exotique, peu de touristes<\/td>\n<td>Randonn\u00e9e, observation ornithologique<\/td>\n<\/tr>\n<tr>\n<td>\u00c9t\u00e9<\/td>\n<td>Baignade possible, journ\u00e9es ensoleill\u00e9es<\/td>\n<td>Plage, v\u00e9lo, kayak<\/td>\n<\/tr>\n<tr>\n<td>Automne<\/td>\n<td>Couleurs changeantes, tranquillit\u00e9<\/td>\n<td>Photographie, p\u00eache \u00e0 pied<\/td>\n<\/tr>\n<p>Saveurs insulaires et art de vivre \u00e0 la batzienne<\/p>\n<p><img fetchpriority=\"high\" decoding=\"async\" width=\"1024\" height=\"683\" src=\"data:image\/svg+xml,%3Csvg%20xmlns=\" http:=\"\" alt=\"Une sc\u00e8ne de plage sereine avec un ciel bleu clair, des eaux turquoise tranquilles et un rivage sablonneux bord\u00e9 de v\u00e9g\u00e9tation verte et quelques personnes, quelques maisons visibles sur le c\u00f4t\u00e9 droit.\" class=\"wp-image-33643\" data-lazy- data-lazy- data-lazy-src=\"https:\/\/www.europesays.com\/fr\/wp-content\/uploads\/2025\/08\/ile-de-batz-plage-1024x683.jpg\"\/>Une sc\u00e8ne de plage sereine avec un ciel bleu clair, des eaux turquoise tranquilles et un rivage sablonneux bord\u00e9 de v\u00e9g\u00e9tation verte et quelques personnes, quelques maisons visibles sur le c\u00f4t\u00e9 droit.<\/p>\n<p>L\u2019\u00eele de Batz est r\u00e9put\u00e9e pour sa production de <strong>pommes de terre primeur<\/strong>, cultiv\u00e9es dans un sol sablonneux enrichi d\u2019algues. J\u2019ai eu l\u2019opportunit\u00e9 de d\u00e9guster ce produit d\u2019exception dans l\u2019un des restaurants du port, accompagn\u00e9 d\u2019un plateau de fruits de mer fra\u00eechement p\u00each\u00e9s. Les saveurs iod\u00e9es et la fra\u00eecheur des produits m\u2019ont transport\u00e9e dans l\u2019essence m\u00eame de ce territoire.<\/p>\n<p>Ce qui m\u2019a particuli\u00e8rement touch\u00e9e, c\u2019est l\u2019accueil chaleureux des insulaires, fiers de leur patrimoine et d\u00e9sireux de le partager avec les visiteurs curieux. Au d\u00e9tour d\u2019une conversation avec une artisane locale, j\u2019ai appris que l\u2019\u00eele compte \u00e0 peine 500 habitants permanents, une communaut\u00e9 soud\u00e9e qui perp\u00e9tue un mode de vie en harmonie avec la nature.<\/p>\n<p>Si vous souhaitez prolonger l\u2019exp\u00e9rience, quelques chambres d\u2019h\u00f4tes et un h\u00f4tel permettent de s\u00e9journer sur l\u2019\u00eele. J\u2019ai pass\u00e9 une nuit magique, berc\u00e9e par le bruit des vagues et r\u00e9veill\u00e9e par le chant des go\u00e9lands. Une parenth\u00e8se hors du temps qui restera grav\u00e9e dans ma m\u00e9moire de voyageuse.<\/p>\n<p><img loading=\"lazy\" decoding=\"async\" src=\"data:image\/svg+xml,%3Csvg%20xmlns=\" http:=\"\" width=\"100\" height=\"100\" alt=\"Anne-Sophie\" itemprop=\"image\" data-lazy-src=\"https:\/\/www.europesays.com\/fr\/wp-content\/uploads\/2025\/06\/Anne-Sophie.jpg\"\/><\/p>\n<p>Je m\u2019appelle Anne-Sophie et je suis la madame voyage en France de carr\u00e9 d\u2019info !<br \/>Exploratrice boh\u00e8me passionn\u00e9e de d\u00e9couvertes. Ma\u00eetrise l\u2019art de d\u00e9nicher les tr\u00e9sors cach\u00e9s des villes et des villages de France .<br \/>Je sait capturer l\u2019essence des lieux en photographies et j\u2019adore vous emmener avec moi pour profiter de notre magnifique pays \ud83d\ude42<\/p>\n","protected":false},"excerpt":{"rendered":"Au cours de mes nombreuses p\u00e9r\u00e9grinations \u00e0 travers l\u2019Hexagone, j\u2019ai d\u00e9couvert de v\u00e9ritables havres de paix pr\u00e9serv\u00e9s du&hellip;\n","protected":false},"author":2,"featured_media":307867,"comment_status":"","ping_status":"","sticky":false,"template":"","format":"standard","meta":{"footnotes":""},"categories":[1592],"tags":[1111,11,44813,1777,674,1011,27,11831,662,12,626,25,9584],"class_list":{"0":"post-307866","1":"post","2":"type-post","3":"status-publish","4":"format-standard","5":"has-post-thumbnail","7":"category-ile-de-france","8":"tag-actu","9":"tag-actualites","10":"tag-destination-paradisiaque-en-bretagne","11":"tag-eu","12":"tag-europe","13":"tag-fr","14":"tag-france","15":"tag-ile-de-batz","16":"tag-ile-de-france","17":"tag-news","18":"tag-paris","19":"tag-republique-francaise","20":"tag-tourisme-en-bretagne"},"share_on_mastodon":{"url":"https:\/\/pubeurope.com\/@fr\/115000234752054743","error":""},"_links":{"self":[{"href":"https:\/\/www.europesays.com\/fr\/wp-json\/wp\/v2\/posts\/307866","targetHints":{"allow":["GET"]}}],"collection":[{"href":"https:\/\/www.europesays.com\/fr\/wp-json\/wp\/v2\/posts"}],"about":[{"href":"https:\/\/www.europesays.com\/fr\/wp-json\/wp\/v2\/types\/post"}],"author":[{"embeddable":true,"href":"https:\/\/www.europesays.com\/fr\/wp-json\/wp\/v2\/users\/2"}],"replies":[{"embeddable":true,"href":"https:\/\/www.europesays.com\/fr\/wp-json\/wp\/v2\/comments?post=307866"}],"version-history":[{"count":0,"href":"https:\/\/www.europesays.com\/fr\/wp-json\/wp\/v2\/posts\/307866\/revisions"}],"wp:featuredmedia":[{"embeddable":true,"href":"https:\/\/www.europesays.com\/fr\/wp-json\/wp\/v2\/media\/307867"}],"wp:attachment":[{"href":"https:\/\/www.europesays.com\/fr\/wp-json\/wp\/v2\/media?parent=307866"}],"wp:term":[{"taxonomy":"category","embeddable":true,"href":"https:\/\/www.europesays.com\/fr\/wp-json\/wp\/v2\/categories?post=307866"},{"taxonomy":"post_tag","embeddable":true,"href":"https:\/\/www.europesays.com\/fr\/wp-json\/wp\/v2\/tags?post=307866"}],"curies":[{"name":"wp","href":"https:\/\/api.w.org\/{rel}","templated":true}]}}