{"id":307874,"date":"2025-08-09T18:34:13","date_gmt":"2025-08-09T18:34:13","guid":{"rendered":"https:\/\/www.europesays.com\/fr\/307874\/"},"modified":"2025-08-09T18:34:13","modified_gmt":"2025-08-09T18:34:13","slug":"psg-avec-chevalier-et-zabarnyi-paris-a-t-il-deja-termine-son-mercato","status":"publish","type":"post","link":"https:\/\/www.europesays.com\/fr\/307874\/","title":{"rendered":"PSG\u00a0: avec Chevalier et Zabarnyi, Paris a-t-il d\u00e9j\u00e0 termin\u00e9 son mercato\u00a0?"},"content":{"rendered":"<p class=\"paragraph text_align_left lp-f-body-02\">Le PSG vient de donner un s\u00e9rieux coup d\u2019acc\u00e9l\u00e9rateur \u00e0 son mercato. Apr\u00e8s avoir boucl\u00e9 l\u2019arriv\u00e9e de <a href=\"https:\/\/www.leparisien.fr\/sports\/football\/psg\/coco-on-degage-le-grand-parce-que-tu-es-meilleur-le-defi-colossal-de-lucas-chevalier-au-psg-09-08-2025-PKP6MQQH4VGFBG4U2BK2HVTVHA.php\" target=\"_blank\" rel=\"nofollow noopener\">Lucas Chevalier<\/a>, qui a sign\u00e9 ce vendredi jusqu\u2019en 2030 pour 40\u00a0millions d\u2019euros hors bonus, le club de la capitale va maintenant finaliser l\u2019arriv\u00e9e d\u2019une deuxi\u00e8me recrue d\u2019envergure\u00a0: <a href=\"https:\/\/www.leparisien.fr\/sports\/football\/psg\/de-trop-gentil-a-roc-defensif-la-metamorphose-dillya-zabarnyi-la-recrue-ukrainienne-du-psg-09-08-2025-G44K5BYXSFA3TD3BBAYOFYA5FA.php\" target=\"_self\" rel=\"nofollow noopener\">Illya Zabarnyi<\/a>.<\/p>\n<p class=\"paragraph text_align_left lp-f-body-02\">Identifi\u00e9 de longue date comme la priorit\u00e9 de Luis Enrique pour renforcer le secteur d\u00e9fensif, l\u2019international ukrainien (47 s\u00e9lections) va s\u2019engager pour cinq ans sous r\u00e9serve de la traditionnelle visite m\u00e9dicale. <a href=\"https:\/\/www.leparisien.fr\/sports\/football\/psg\/mercato-psg-accord-trouve-avec-bournemouth-pour-le-transfert-dillya-zabarnyi-08-08-2025-B3BOJWF2FZDHHAA3CAXYWXYCOQ.php\" target=\"_blank\" rel=\"nofollow noopener\">Comme annonc\u00e9 dans Le Parisien &#8211; Aujourd\u2019hui en France<\/a>, Paris et Bournemouth se sont entendus pour 66\u00a0millions d\u2019euros, bonus compris, soit un montant l\u00e9g\u00e8rement inf\u00e9rieur aux 70\u00a0M\u20ac que r\u00e9clamait le club anglais au d\u00e9but des discussions.<\/p>\n<p class=\"paragraph text_align_left lp-f-body-02\">Dans ce dossier, comme pour le gardien fran\u00e7ais, <a href=\"https:\/\/www.leparisien.fr\/sports\/football\/psg\/\" target=\"_blank\" rel=\"nofollow noopener\">le PSG<\/a> a su se montrer patient, attentif au moindre d\u00e9tail pour ne pas avoir \u00e0 surpayer un joueur avec lequel il s\u2019\u00e9tait mis d\u2019accord depuis plusieurs semaines. Luis Enrique voulait compter sur ses premi\u00e8res recrues avant la Supercoupe d\u2019Europe contre Tottenham, le 13\u00a0ao\u00fbt. Souhait exauc\u00e9\u00a0!<\/p>\n<p>Donnarumma, LE dossier chaud\u00a0!<\/p>\n<p class=\"paragraph text_align_left lp-f-body-02\">Zabarnyi va en effet arriver en France dans les prochaines heures pour conclure son transfert. Chevalier, pour sa part, a particip\u00e9 \u00e0 son premier entra\u00eenement collectif ce samedi matin et partira probablement titulaire face aux Spurs, au d\u00e9triment de Gianluigi Donnarumma, pouss\u00e9 dehors par sa direction.<\/p>\n<p class=\"paragraph text_align_left lp-f-body-02\">Tout r\u00e9cemment, l\u2019entourage de l\u2019Italien diffusait le message qu\u2019il pourrait toutefois rester. Une cohabitation que Paris veut \u00e0 tout prix \u00e9viter. Chevalier partira bien num\u00e9ro un et le clan du Transalpin a compris depuis un moment que les \u00e9l\u00e9ments lui \u00e9taient d\u00e9favorables. Le probable d\u00e9part de \u00ab\u00a0Gigio\u00a0\u00bb devrait largement animer les prochains jours.<\/p>\n<p class=\"paragraph text_align_left lp-f-body-02\">Dans le sens des arriv\u00e9es, l\u2019essentiel est d\u00e9j\u00e0 fait. Apr\u00e8s avoir rapidement \u00e9rig\u00e9 en priorit\u00e9 les recrutements d\u2019un gardien et d\u2019un d\u00e9fenseur axe droit qui entrera en concurrence avec <a href=\"https:\/\/www.leparisien.fr\/sports\/football\/psg\/psg-marquinhos-un-amour-indefectible-a-lepreuve-de-la-concurrence-16-07-2025-AIKDSP3J6BAYVPD3Y7YUE2YIYU.php\" target=\"_blank\" rel=\"nofollow noopener\">Marquinhos<\/a>, Luis Campos a rempli sa mission. Le conseiller sportif n\u2019en a pas fini pour autant avec le mercato. En cas de d\u00e9part, un dernier mouvement n\u2019est pas \u00e0 \u00e9carter, m\u00eame si les dirigeants misent essentiellement sur la stabilit\u00e9 avec un groupe qui a extr\u00eamement bien tourn\u00e9 la saison derni\u00e8re. <a href=\"https:\/\/www.leparisien.fr\/sports\/football\/ligue-1\/psg-prolonge-et-conforte-luis-campos-lance-les-grands-chantiers-de-lete-22-05-2025-BS2ZGRMUFBH2FJALUSVGMCD574.php\" target=\"_blank\" rel=\"nofollow noopener\">Au d\u00e9but de l\u2019\u00e9t\u00e9<\/a>, la direction sportive avait notamment regard\u00e9 pour un ailier droit \u00ab\u00a0faux pied\u00a0\u00bb.<\/p>\n<p class=\"paragraph text_align_left lp-f-body-02\">Au Campus, l\u2019ambiance est sereine et les intentions de d\u00e9part sont rares dans un contexte o\u00f9 il fait bon \u00eatre Parisien. Kang-in Lee, sous contrat jusqu\u2019en 2028, est un cas qu\u2019il faudra suivre tout de m\u00eame, au vu de son temps de jeu r\u00e9duit et des int\u00e9r\u00eats (Naples, Manchester United) parus cette semaine dans la presse espagnole.<\/p>\n<p class=\"paragraph text_align_left lp-f-body-02\">En d\u00e9fense, l\u2019entourage de Lucas Beraldo a bien mandat\u00e9 un grand agent \u00e9tranger pour explorer certains march\u00e9s, mais la porte reste ferm\u00e9e. Comme r\u00e9v\u00e9l\u00e9 dans nos colonnes, l<a href=\"https:\/\/www.leparisien.fr\/sports\/football\/psg\/mercato-psg-paris-ouvre-la-porte-au-depart-de-presnel-kimpembe-05-08-2025-4Z46W7WWPVBP7BLLRAIVSOKTS4.php\" target=\"_self\" rel=\"nofollow noopener\">e club cherche un projet \u00e0 Presnel Kimpembe.<\/a> Enfin, Gon\u00e7alo Ramos, que la direction voudrait conserver, est susceptible d\u2019\u00eatre sollicit\u00e9 dans les semaines \u00e0 venir.<\/p>\n<p class=\"paragraph text_align_left lp-f-body-02\">Pour le moment, le PSG n\u2019a vendu que <a href=\"https:\/\/www.leparisien.fr\/sports\/football\/psg\/mercato-psg-avec-la-vente-de-milan-skriniar-a-fenerbahce-paris-realise-une-honorable-plus-value-30-07-2025-EW7L2O6URBEXDJMZINLVK5BYEA.php\" target=\"_blank\" rel=\"noreferrer nofollow noopener\">Milan Skriniar \u00e0 Fenerbah\u00e7e pour 10\u00a0millions d\u2019euros hors bonus<\/a>. Les autres \u00e9l\u00e9ments disposant d\u2019un bon de sortie &#8211; Renato Sanches, Carlos Soler (pist\u00e9 par Villarreal), Nordi Mukiele, Marco Asensio (Aston Villa, Fenerbah\u00e7e) et Randal Kolo Muani (Juventus) &#8211; continuent de s\u2019entra\u00eener \u00e0 part en attendant de trouver un point de chute.<\/p>\n","protected":false},"excerpt":{"rendered":"Le PSG vient de donner un s\u00e9rieux coup d\u2019acc\u00e9l\u00e9rateur \u00e0 son mercato. Apr\u00e8s avoir boucl\u00e9 l\u2019arriv\u00e9e de Lucas&hellip;\n","protected":false},"author":2,"featured_media":307875,"comment_status":"","ping_status":"","sticky":false,"template":"","format":"standard","meta":{"footnotes":""},"categories":[1888],"tags":[11,1777,674,63,1011,27,12,626,93,25,60],"class_list":{"0":"post-307874","1":"post","2":"type-post","3":"status-publish","4":"format-standard","5":"has-post-thumbnail","7":"category-paris","8":"tag-actualites","9":"tag-eu","10":"tag-europe","11":"tag-football","12":"tag-fr","13":"tag-france","14":"tag-news","15":"tag-paris","16":"tag-psg","17":"tag-republique-francaise","18":"tag-sports"},"share_on_mastodon":{"url":"https:\/\/pubeurope.com\/@fr\/115000250694423641","error":""},"_links":{"self":[{"href":"https:\/\/www.europesays.com\/fr\/wp-json\/wp\/v2\/posts\/307874","targetHints":{"allow":["GET"]}}],"collection":[{"href":"https:\/\/www.europesays.com\/fr\/wp-json\/wp\/v2\/posts"}],"about":[{"href":"https:\/\/www.europesays.com\/fr\/wp-json\/wp\/v2\/types\/post"}],"author":[{"embeddable":true,"href":"https:\/\/www.europesays.com\/fr\/wp-json\/wp\/v2\/users\/2"}],"replies":[{"embeddable":true,"href":"https:\/\/www.europesays.com\/fr\/wp-json\/wp\/v2\/comments?post=307874"}],"version-history":[{"count":0,"href":"https:\/\/www.europesays.com\/fr\/wp-json\/wp\/v2\/posts\/307874\/revisions"}],"wp:featuredmedia":[{"embeddable":true,"href":"https:\/\/www.europesays.com\/fr\/wp-json\/wp\/v2\/media\/307875"}],"wp:attachment":[{"href":"https:\/\/www.europesays.com\/fr\/wp-json\/wp\/v2\/media?parent=307874"}],"wp:term":[{"taxonomy":"category","embeddable":true,"href":"https:\/\/www.europesays.com\/fr\/wp-json\/wp\/v2\/categories?post=307874"},{"taxonomy":"post_tag","embeddable":true,"href":"https:\/\/www.europesays.com\/fr\/wp-json\/wp\/v2\/tags?post=307874"}],"curies":[{"name":"wp","href":"https:\/\/api.w.org\/{rel}","templated":true}]}}