{"id":30788,"date":"2025-04-17T04:25:10","date_gmt":"2025-04-17T04:25:10","guid":{"rendered":"https:\/\/www.europesays.com\/fr\/30788\/"},"modified":"2025-04-17T04:25:10","modified_gmt":"2025-04-17T04:25:10","slug":"le-metro-est-completement-bloque-et-le-tram-roule-au-ralenti","status":"publish","type":"post","link":"https:\/\/www.europesays.com\/fr\/30788\/","title":{"rendered":"le m\u00e9tro est compl\u00e8tement bloqu\u00e9 et le tram roule au ralenti"},"content":{"rendered":"<p>            Par<br \/>\n        <strong><br \/>\n            <a href=\"https:\/\/actu.fr\/auteur\/hervine-mahaud\" title=\"Consulter tous les articles de Hervine Mahaud\" rel=\"nofollow noopener\" target=\"_blank\">Hervine Mahaud<\/a><br \/>\n        <\/strong><\/p>\n<p>        Publi\u00e9 le<\/p>\n<p>            16 avr. 2025 \u00e0 15h04        <\/p>\n<p>Nouvelle journ\u00e9e compliqu\u00e9e, pour les <b>usagers du r\u00e9seau Ilevia \u00e0 Lille<\/b>. Ce mercredi 16 avril 2025, la <b>ligne 1 du m\u00e9tro<\/b> a subi un nouveau dysfonctionnement, causant une<b> interruption de trafic<\/b> durant une bonne partie de l\u2019apr\u00e8s-midi. Le <b>tram<\/b>, quant \u00e0 lui, tourne au ralenti.<\/p>\n<p>\u00ab\u00a0Un incident sur une rame\u00a0\u00bb<\/p>\n<p class=\" wall-content\">Il fallait encore une fois prendre son mal en patience, ou alors se reporter sur la ligne 2, pour ceux qui le pouvaient. Ce mercredi vers 13h30 le trafic a \u00e9t\u00e9 interrompu sur la ligne 1 du m\u00e9tro. En cause, \u00ab\u00a0un incident sur une rame\u00a0\u00bb, a expliqu\u00e9 Ilevia sur son compte X.<\/p>\n<p class=\" wall-content\">La circulation a donc \u00e9t\u00e9 stopp\u00e9e entre les stations R\u00e9publique Beaux-Arts et CHU Eurasant\u00e9. Dans les stations de m\u00e9tro, les annonces sonores indiquaient une reprise du trafic vers 13h55, puis \u00e0 14h20.<\/p>\n<p class=\" wall-content\">\n<p class=\" wall-content\">Peu avant 14h30, Ilevia a finalement expliqu\u00e9 que la r\u00e9solution de l\u2019incident prenait \u00ab\u00a0plus de temps que pr\u00e9vu\u00a0\u00bb, avant d\u2019estimer la reprise du trafic \u00e0 \u00ab\u00a016h environ\u00a0\u00bb.<\/p>\n<p>Des bus relais d\u00e9vi\u00e9s<\/p>\n<p class=\" wall-content\">Pour tenter de fluidifier la circulation, des bus relais ont \u00e9t\u00e9 mis en place entre R\u00e9publique Beaux-Arts et CHU Eurasant\u00e9. Malheureusement, c\u2019\u00e9tait sans compter les nombreuses d\u00e9viations en cours. \u00ab\u00a0L\u2019itin\u00e9raire des bus relais est impact\u00e9 par plusieurs d\u00e9viations\u00a0\u00bb, a indiqu\u00e9 la soci\u00e9t\u00e9 de transports en commun, conseillant de se r\u00e9f\u00e9rer au site et \u00e0 l\u2019application mobile Ilevia.<\/p>\n<p>Et le tram est au ralenti<\/p>\n<p class=\" wall-content\">Du c\u00f4t\u00e9 du tram, ce n\u2019est pas mieux. Des ralentissements ont impact\u00e9 la circulation d\u00e8s 14h. \u00ab\u00a0Les ralentissements sont toujours en cours sur le r\u00e9seau Tramway. Une reprise des fr\u00e9quences habituelles est estim\u00e9e \u00e0 15h45 environ\u00a0\u00bb, a expliqu\u00e9 Ilevia.<\/p>\n<p>Vid\u00e9os : en ce moment sur Actu<\/p>\n<p class=\" wall-content\">Suivez toute l\u2019actualit\u00e9 de vos villes et m\u00e9dias favoris en vous inscrivant \u00e0 <a href=\"https:\/\/moncompte.actu.fr\" title=\"D\u00e9couvez Mon Actu\" rel=\"nofollow noopener\" data-trk=\"{&quot;cta&quot;:{&quot;action&quot;:&quot;https:\\\/\\\/moncompte.actu.fr&quot;,&quot;category&quot;:&quot;mon compte&quot;,&quot;from&quot;:&quot;article footer&quot;,&quot;name&quot;:&quot;Mon actu&quot;,&quot;type&quot;:&quot;cta&quot;}}\" target=\"_blank\">Mon Actu<\/a>.<\/p>\n","protected":false},"excerpt":{"rendered":"Par Hervine Mahaud Publi\u00e9 le 16 avr. 2025 \u00e0 15h04 Nouvelle journ\u00e9e compliqu\u00e9e, pour les usagers du r\u00e9seau&hellip;\n","protected":false},"author":2,"featured_media":30789,"comment_status":"","ping_status":"","sticky":false,"template":"","format":"standard","meta":{"footnotes":""},"categories":[2815],"tags":[1111,11,1777,674,1011,27,811,4288,1307,12,25,104,2803],"class_list":{"0":"post-30788","1":"post","2":"type-post","3":"status-publish","4":"format-standard","5":"has-post-thumbnail","7":"category-lille","8":"tag-actu","9":"tag-actualites","10":"tag-eu","11":"tag-europe","12":"tag-fr","13":"tag-france","14":"tag-hauts-de-france","15":"tag-ilevia","16":"tag-lille","17":"tag-news","18":"tag-republique-francaise","19":"tag-societe","20":"tag-transport"},"share_on_mastodon":{"url":"https:\/\/pubeurope.com\/@fr\/114351408653875148","error":""},"_links":{"self":[{"href":"https:\/\/www.europesays.com\/fr\/wp-json\/wp\/v2\/posts\/30788","targetHints":{"allow":["GET"]}}],"collection":[{"href":"https:\/\/www.europesays.com\/fr\/wp-json\/wp\/v2\/posts"}],"about":[{"href":"https:\/\/www.europesays.com\/fr\/wp-json\/wp\/v2\/types\/post"}],"author":[{"embeddable":true,"href":"https:\/\/www.europesays.com\/fr\/wp-json\/wp\/v2\/users\/2"}],"replies":[{"embeddable":true,"href":"https:\/\/www.europesays.com\/fr\/wp-json\/wp\/v2\/comments?post=30788"}],"version-history":[{"count":0,"href":"https:\/\/www.europesays.com\/fr\/wp-json\/wp\/v2\/posts\/30788\/revisions"}],"wp:featuredmedia":[{"embeddable":true,"href":"https:\/\/www.europesays.com\/fr\/wp-json\/wp\/v2\/media\/30789"}],"wp:attachment":[{"href":"https:\/\/www.europesays.com\/fr\/wp-json\/wp\/v2\/media?parent=30788"}],"wp:term":[{"taxonomy":"category","embeddable":true,"href":"https:\/\/www.europesays.com\/fr\/wp-json\/wp\/v2\/categories?post=30788"},{"taxonomy":"post_tag","embeddable":true,"href":"https:\/\/www.europesays.com\/fr\/wp-json\/wp\/v2\/tags?post=30788"}],"curies":[{"name":"wp","href":"https:\/\/api.w.org\/{rel}","templated":true}]}}