{"id":307880,"date":"2025-08-09T18:37:14","date_gmt":"2025-08-09T18:37:14","guid":{"rendered":"https:\/\/www.europesays.com\/fr\/307880\/"},"modified":"2025-08-09T18:37:14","modified_gmt":"2025-08-09T18:37:14","slug":"usa-un-militant-poursuivi-puis-libere-pour-avoir-distribue-des-masques-de-protection-%f0%9f%94%b4-info-libertaire","status":"publish","type":"post","link":"https:\/\/www.europesays.com\/fr\/307880\/","title":{"rendered":"[USA] Un militant poursuivi puis lib\u00e9r\u00e9 pour avoir distribu\u00e9 des masques de protection \u2013 \ud83d\udd34 Info Libertaire"},"content":{"rendered":"<p><\/p>\n<p>Un juge f\u00e9d\u00e9ral a rejet\u00e9 mercredi les poursuites contre un activiste anti-ICE accus\u00e9 d\u2019avoir distribu\u00e9 des masques de protection \u00e0 des manifestants le mois dernier \u00e0 Los Angeles. Alejandro Orellana, 29 ans, membre de l\u2019organisation communautaire bas\u00e9e \u00e0 Boyle Heights, Centro CSO, avait \u00e9t\u00e9 inculp\u00e9 en juin par un grand jury f\u00e9d\u00e9ral pour crime de complot et aide et encouragement au trouble civil. Il a \u00e9t\u00e9 lib\u00e9r\u00e9. \u00ab\u00a0La protection de notre communaut\u00e9 n\u2019est pas un crime\u00a0\u00bb, a d\u00e9clar\u00e9 Orellana qui, avec au moins deux autres personnes avait distribu\u00e9s des masques de protection Bionic Uvex aux manifestants anti-ICE rassembl\u00e9s pr\u00e8s du b\u00e2timent f\u00e9d\u00e9ral sur la rue Los Angeles le 9\u00a0juin. <\/p>\n<p><br clear=\"both\"\/><\/p>\n<p><\/p>\n<p><strong>Source:<\/strong> <a href=\"https:\/\/stuut.info\/USA-Un-militant-poursuivi-puis-libere-pour-avoir-distribue-des-masques-de-7591\" target=\"_blank\" rel=\"nofollow noopener\">Stuut.info<\/a><br \/>\n<\/p>\n<tr>\n<td style=\"vertical-align:top\">\n<img decoding=\"async\" class=\"lazy\" src=\"\/rss_aggregator\/favicons\/stuutinfo38.ico?x28756\" style=\"max-height:100px;width:auto;float:left;min-width:50px;max-width:85px;margin-right:25px;border-radius:50%;background-color:#fff;border:2px solid #fff\" data-pagespeed-url-hash=\"2295055879\" onload=\"pagespeed.CriticalImages.checkImageForCriticality(this);\"\/>\n<\/td>\n<td style=\"vertical-align:top\">\n<a href=\"https:\/\/www.infolibertaire.net\/author\/stuut\/\" title=\"Articles par Stuut\" rel=\"author nofollow noopener\" target=\"_blank\">Stuut<\/a><\/p>\n<p>Le Stuut est une plateforme collaborative et ind\u00e9pendante de tout parti politique, organe de presse ou syndicat, bas\u00e9e \u00e0 Bruxelles. C\u2019est un (&#8230;)\t<\/p>\n<p>Site web: <a style=\"color:#efefef\" href=\"https:\/\/stuut.info\" target=\"_blank\" rel=\"nofollow noopener\">Stuut.info<\/a>\n<\/p>\n<\/td>\n<\/tr>\n<p><a href=\"https:\/\/www.libertaire.net\" class=\"forum-button\" style=\"border-top:0\" rel=\"nofollow noopener\" target=\"_blank\"><\/p>\n<p>Commenter Dans Le Forum\t<\/a><\/p>\n","protected":false},"excerpt":{"rendered":"Un juge f\u00e9d\u00e9ral a rejet\u00e9 mercredi les poursuites contre un activiste anti-ICE accus\u00e9 d\u2019avoir distribu\u00e9 des masques de&hellip;\n","protected":false},"author":2,"featured_media":60091,"comment_status":"","ping_status":"","sticky":false,"template":"","format":"standard","meta":{"footnotes":""},"categories":[1589],"tags":[11,73,1866,12,1864,1865,1863,308],"class_list":{"0":"post-307880","1":"post","2":"type-post","3":"status-publish","4":"format-standard","5":"has-post-thumbnail","7":"category-etats-unis","8":"tag-actualites","9":"tag-etats-unis","10":"tag-etats-unis-damerique","11":"tag-news","12":"tag-united-states","13":"tag-united-states-of-america","14":"tag-us","15":"tag-usa"},"share_on_mastodon":{"url":"https:\/\/pubeurope.com\/@fr\/115000262277050939","error":""},"_links":{"self":[{"href":"https:\/\/www.europesays.com\/fr\/wp-json\/wp\/v2\/posts\/307880","targetHints":{"allow":["GET"]}}],"collection":[{"href":"https:\/\/www.europesays.com\/fr\/wp-json\/wp\/v2\/posts"}],"about":[{"href":"https:\/\/www.europesays.com\/fr\/wp-json\/wp\/v2\/types\/post"}],"author":[{"embeddable":true,"href":"https:\/\/www.europesays.com\/fr\/wp-json\/wp\/v2\/users\/2"}],"replies":[{"embeddable":true,"href":"https:\/\/www.europesays.com\/fr\/wp-json\/wp\/v2\/comments?post=307880"}],"version-history":[{"count":0,"href":"https:\/\/www.europesays.com\/fr\/wp-json\/wp\/v2\/posts\/307880\/revisions"}],"wp:featuredmedia":[{"embeddable":true,"href":"https:\/\/www.europesays.com\/fr\/wp-json\/wp\/v2\/media\/60091"}],"wp:attachment":[{"href":"https:\/\/www.europesays.com\/fr\/wp-json\/wp\/v2\/media?parent=307880"}],"wp:term":[{"taxonomy":"category","embeddable":true,"href":"https:\/\/www.europesays.com\/fr\/wp-json\/wp\/v2\/categories?post=307880"},{"taxonomy":"post_tag","embeddable":true,"href":"https:\/\/www.europesays.com\/fr\/wp-json\/wp\/v2\/tags?post=307880"}],"curies":[{"name":"wp","href":"https:\/\/api.w.org\/{rel}","templated":true}]}}