{"id":307881,"date":"2025-08-09T18:38:09","date_gmt":"2025-08-09T18:38:09","guid":{"rendered":"https:\/\/www.europesays.com\/fr\/307881\/"},"modified":"2025-08-09T18:38:09","modified_gmt":"2025-08-09T18:38:09","slug":"15-migrants-montes-dans-un-camion-frigorifique-a-destination-du-royaume-uni-ont-ete-secourus","status":"publish","type":"post","link":"https:\/\/www.europesays.com\/fr\/307881\/","title":{"rendered":"15 migrants mont\u00e9s dans un camion frigorifique \u00e0 destination du Royaume-Uni ont \u00e9t\u00e9 secourus"},"content":{"rendered":"<p>Ces migrants, parmi lesquels se trouvait une seule femme, ont \u00e9t\u00e9 secourus apr\u00e8s que le chauffeur marocain du camion, qui transportait des l\u00e9gumes, a signal\u00e9 qu\u2019il entendait des coups \u00e0 l\u2019int\u00e9rieur de sa remorque.<\/p>\n<p class=\"fig-paragraph\">Quinze migrants \u00e9rythr\u00e9ens qui \u00e9taient mont\u00e9s dans un camion frigorifique\u00a0<a href=\"http:\/\/www.lefigaro.fr\/international\/keir-starmer-annonce-un-accord-pour-un-echange-de-migrants-entre-le-royaume-uni-et-la-france-20250710\" data-fig-type=\"NewsFlash\" data-gtm-custom-categorie=\"navigation\" data-gtm-custom-action=\"crossclick\" data-gtm-custom-label=\"Contextuel\" data-gtm-event=\"customEventSPE\" data-fig-domain=\"LEFIGARO\" rel=\"nofollow noopener\" target=\"_blank\">\u00e0 destination du Royaume-Uni<\/a>\u00a0ont \u00e9t\u00e9 secourus ce samedi 9 ao\u00fbt sur une aire de repos de l&rsquo;autoroute A26, \u00e0 Saint-Hilaire-Cottes (Pas-de-Calais), certains en hypothermie, a appris l&rsquo;AFP aupr\u00e8s de la pr\u00e9fecture.<\/p>\n<p class=\"fig-paragraph\">Ces migrants, parmi lesquels se trouvait une seule femme, ont \u00e9t\u00e9 secourus apr\u00e8s que le chauffeur marocain du camion, qui transportait des l\u00e9gumes, a signal\u00e9 qu&rsquo;il entendait des coups \u00e0 l&rsquo;int\u00e9rieur de sa remorque, a rapport\u00e9 \u00e0 l&rsquo;AFP le directeur de cabinet du pr\u00e9fet du Pas-de-Calais, Christian Vedelago. \u00abLeur \u00e9tat d&rsquo;<a href=\"https:\/\/sante.lefigaro.fr\/actualite\/2016\/02\/11\/24614-survivre-hypothermie-moins-20-degc\" data-fig-type=\"Article\" data-gtm-custom-categorie=\"navigation\" data-gtm-custom-action=\"crossclick\" data-gtm-custom-label=\"Contextuel\" data-gtm-event=\"customEventSPE\" data-fig-domain=\"SANTE\" rel=\"nofollow noopener\" target=\"_blank\">hypothermie<\/a> \u00a0laisse supposer qu&rsquo;ils y \u00e9taient depuis plusieurs heures\u00bb, a-t-il ajout\u00e9.<\/p>\n<p>                                    <a class=\"fig-a11y-skip a11y-hidden\" href=\"#fig-a11y-skip-main-inarticle\"><br \/>\n        Passer la publicit\u00e9<br \/>\n    <\/a><\/p>\n<p>Quatre hospitalisations pour hypothermie<\/p>\n<p class=\"fig-paragraph\">Quatre d&rsquo;entre eux ont \u00e9t\u00e9 hospitalis\u00e9s pour hypothermie, tandis que quatre autres, \u00abqui se sont d\u00e9clar\u00e9s mineurs\u00bb, ont \u00e9t\u00e9 pris en charge par l&rsquo;association France terre d&rsquo;asile. Ceux qui n&rsquo;avaient pas quitt\u00e9 les lieux tr\u00e8s rapidement ont \u00e9t\u00e9 plac\u00e9s en retenue et \u00e9taient en cours d&rsquo;audition samedi en fin d&rsquo;apr\u00e8s-midi, selon Christian Vedelago.<\/p>\n<p class=\"fig-paragraph\">Plusieurs d&rsquo;entre eux sont sous le coup d&rsquo;une obligation de quitter le territoire fran\u00e7ais (<a href=\"http:\/\/www.lefigaro.fr\/vox\/politique\/en-matiere-d-oqtf-l-etat-doit-concentrer-ses-efforts-sur-les-individus-les-plus-dangereux-pour-les-francais-20250709\" data-fig-type=\"Article\" data-gtm-custom-categorie=\"navigation\" data-gtm-custom-action=\"crossclick\" data-gtm-custom-label=\"Contextuel\" data-gtm-event=\"customEventSPE\" data-fig-domain=\"LEFIGARO\" rel=\"nofollow noopener\" target=\"_blank\">OQTF<\/a>), a-t-il pr\u00e9cis\u00e9. Le chauffeur du camion \u00abn&rsquo;est pas inqui\u00e9t\u00e9\u00bb, selon la m\u00eame source.<\/p>\n<p class=\"fig-paragraph\">Malgr\u00e9 l&rsquo;ampleur des dispositifs de s\u00e9curit\u00e9 autour du port de Calais et du\u00a0<a href=\"http:\/\/www.lefigaro.fr\/flash-eco\/getlink-le-gestionnaire-du-tunnel-sous-la-manche-subit-un-revers-de-35-sur-son-benefice-net-20250724\" data-fig-type=\"NewsFlash\" data-gtm-custom-categorie=\"navigation\" data-gtm-custom-action=\"crossclick\" data-gtm-custom-label=\"Contextuel\" data-gtm-event=\"customEventSPE\" data-fig-domain=\"LEFIGARO\" rel=\"nofollow noopener\" target=\"_blank\">tunnel sous la Manche<\/a>, des migrants tentent toujours de monter dans des camions qui se dirigent vers l&rsquo;Angleterre. Ces derni\u00e8res ann\u00e9es, la plupart des candidats \u00e0 l&rsquo;exil se sont toutefois rabattus vers des travers\u00e9es maritimes clandestines \u00e0 bord d&#8217;embarcations de fortune, une solution g\u00e9n\u00e9ralement beaucoup plus co\u00fbteuse que les camions, et \u00e9galement tr\u00e8s dangereuse.<\/p>\n","protected":false},"excerpt":{"rendered":"Ces migrants, parmi lesquels se trouvait une seule femme, ont \u00e9t\u00e9 secourus apr\u00e8s que le chauffeur marocain du&hellip;\n","protected":false},"author":2,"featured_media":307882,"comment_status":"","ping_status":"","sticky":false,"template":"","format":"standard","meta":{"footnotes":""},"categories":[1588],"tags":[11,1777,674,1251,12,23862,473,1853,1851,1850,1852],"class_list":{"0":"post-307881","1":"post","2":"type-post","3":"status-publish","4":"format-standard","5":"has-post-thumbnail","7":"category-royaume-uni","8":"tag-actualites","9":"tag-eu","10":"tag-europe","11":"tag-migrants","12":"tag-news","13":"tag-pas-de-calais","14":"tag-royaume-uni","15":"tag-royaume-uni-de-grande-bretagne-et-dirlande-du-nord","16":"tag-uk","17":"tag-united-kingdom","18":"tag-united-kingdom-of-great-britain-and-northern-ireland"},"share_on_mastodon":{"url":"https:\/\/pubeurope.com\/@fr\/115000266148722686","error":""},"_links":{"self":[{"href":"https:\/\/www.europesays.com\/fr\/wp-json\/wp\/v2\/posts\/307881","targetHints":{"allow":["GET"]}}],"collection":[{"href":"https:\/\/www.europesays.com\/fr\/wp-json\/wp\/v2\/posts"}],"about":[{"href":"https:\/\/www.europesays.com\/fr\/wp-json\/wp\/v2\/types\/post"}],"author":[{"embeddable":true,"href":"https:\/\/www.europesays.com\/fr\/wp-json\/wp\/v2\/users\/2"}],"replies":[{"embeddable":true,"href":"https:\/\/www.europesays.com\/fr\/wp-json\/wp\/v2\/comments?post=307881"}],"version-history":[{"count":0,"href":"https:\/\/www.europesays.com\/fr\/wp-json\/wp\/v2\/posts\/307881\/revisions"}],"wp:featuredmedia":[{"embeddable":true,"href":"https:\/\/www.europesays.com\/fr\/wp-json\/wp\/v2\/media\/307882"}],"wp:attachment":[{"href":"https:\/\/www.europesays.com\/fr\/wp-json\/wp\/v2\/media?parent=307881"}],"wp:term":[{"taxonomy":"category","embeddable":true,"href":"https:\/\/www.europesays.com\/fr\/wp-json\/wp\/v2\/categories?post=307881"},{"taxonomy":"post_tag","embeddable":true,"href":"https:\/\/www.europesays.com\/fr\/wp-json\/wp\/v2\/tags?post=307881"}],"curies":[{"name":"wp","href":"https:\/\/api.w.org\/{rel}","templated":true}]}}