{"id":307885,"date":"2025-08-09T18:40:15","date_gmt":"2025-08-09T18:40:15","guid":{"rendered":"https:\/\/www.europesays.com\/fr\/307885\/"},"modified":"2025-08-09T18:40:15","modified_gmt":"2025-08-09T18:40:15","slug":"les-incendies-de-foret-font-rage-dans-le-sud-de-leurope-en-raison-de-temperatures-record-2","status":"publish","type":"post","link":"https:\/\/www.europesays.com\/fr\/307885\/","title":{"rendered":"Les incendies de for\u00eat font rage dans le sud de l&rsquo;Europe en raison de temp\u00e9ratures record"},"content":{"rendered":"<p>Les pompiers luttaient samedi contre les incendies de for\u00eat dans le sud de l&rsquo;Europe, alors qu&rsquo;une chaleur extr\u00eame s&rsquo;abat sur la r\u00e9gion avec des temp\u00e9ratures record.<\/p>\n<p>En France, plus de 1\u00a0000 pompiers sont toujours mobilis\u00e9s pour lutter contre les flammes dans l&rsquo;Aude, afin d&#8217;emp\u00eacher la reprise du plus grand incendie de for\u00eat que le pays ait connu depuis des d\u00e9cennies, alors que tous les habitants ont \u00e9t\u00e9 autoris\u00e9s \u00e0 rentrer chez eux.<\/p>\n<p>\u00ab\u00a0L&rsquo;incendie est fix\u00e9, le combat continue\u00a0\u00bb, a assur\u00e9 Christian Pouget, pr\u00e9fet de l&rsquo;Aude, alors que plus de 1\u00a0000\u00a0pompiers \u00ab\u00a0travaillent toujours sur des reprises\u00a0\u00bb, selon franceinfo.<\/p>\n<p>Le feu a d\u00e9j\u00e0 parcouru \u00ab\u00a016\u00a0000\u00a0hectares\u00a0\u00bb et les autorit\u00e9s s&rsquo;attendent \u00e0 une journ\u00e9e \u00ab\u00a0difficile\u00a0\u00bb, dimanche, avec des vents violents et des temp\u00e9ratures \u00e9lev\u00e9es, alors que l&rsquo;Aude est plac\u00e9e par M\u00e9t\u00e9o France en vigilance orange canicule, avec 27 autres d\u00e9partements samedi et 41, dimanche.<\/p>\n<p>Toutes les routes ont \u00e9t\u00e9 rouvertes, mais les autorit\u00e9s ont \u00e9mis une interdiction stricte d&rsquo;acc\u00e8s \u00e0 la for\u00eat, a pr\u00e9cis\u00e9 M. Pouget lors d&rsquo;une conf\u00e9rence de presse samedi.<\/p>\n<p><img decoding=\"async\" class=\"caas-img caas-lazy has-preview\" alt=\"Des arbres br\u00fbl\u00e9s sont photographi\u00e9s lors d'un des plus grands incendies de for\u00eat depuis des d\u00e9cennies \u00e0 Fontjoncouse, dans le sud de la France, le vendredi 8 ao\u00fbt 2025.\" src=\"https:\/\/www.europesays.com\/fr\/wp-content\/uploads\/2025\/08\/ac2a7ed69f13d1031fac4b3c94043a15.jpeg\"\/><\/p>\n<p> Des arbres br\u00fbl\u00e9s sont photographi\u00e9s lors d&rsquo;un des plus grands incendies de for\u00eat depuis des d\u00e9cennies \u00e0 Fontjoncouse, dans le sud de la France, le vendredi 8 ao\u00fbt 2025.   &#8211; AP Photo\/Manu Fernandez <\/p>\n<p>L&rsquo;incendie a fait un mort et 25 bless\u00e9s, dont 19 pompiers, selon le pr\u00e9fet.<\/p>\n<p>Les temp\u00e9ratures \u00e9lev\u00e9es des prochains jours, pouvant atteindre 39\u00b0C, devraient compliquer les efforts des pompiers.<\/p>\n<p>Fix\u00e9 depuis jeudi soir, l&rsquo;incendie dans l&rsquo;Aude ne sera pas \u00ab\u00a0ma\u00eetris\u00e9\u00a0\u00bb avant dimanche soir, a pr\u00e9venu le colonel Christophe Magny, du Service d\u00e9partemental d&rsquo;incendie et de secours de l&rsquo;Aude, lors d&rsquo;une conf\u00e9rence de presse samedi, en indiquant plusieurs \u00ab\u00a0points chauds\u00a0\u00bb qui font l&rsquo;objet d&rsquo;une surveillance \u00e9troite.<\/p>\n<p><b class=\"c-widget-related__title__text\">Related<\/b><\/p>\n<p>Les incendies se poursuivent en Espagne et en Gr\u00e8ce<\/p>\n<p>Les pompiers ont continu\u00e9 \u00e0 lutter contre un incendie de for\u00eat dans la province d&rsquo;\u00c1vila, dans le centre-ouest de l&rsquo;Espagne, samedi.<\/p>\n<p>L&rsquo;incendie s&rsquo;est d\u00e9clar\u00e9 vendredi apr\u00e8s-midi, et l&rsquo;Unit\u00e9 militaire d&rsquo;urgence (UME) espagnole a travaill\u00e9 toute la nuit pour le ma\u00eetriser et l&#8217;emp\u00eacher de s&rsquo;approcher des routes et des lignes de chemin de fer.<\/p>\n<p>Avec des temp\u00e9ratures avoisinant les 39\u00b0C dans certaines r\u00e9gions d&rsquo;Espagne et du Portugal, le risque d&rsquo;incendie est extr\u00eamement \u00e9lev\u00e9.<\/p>\n<p>La p\u00e9riode actuelle de temp\u00e9ratures extr\u00eames devrait se poursuivre au moins jusqu&rsquo;\u00e0 mercredi prochain, selon le service m\u00e9t\u00e9orologique national espagnol AEMET.<\/p>\n<p>En Gr\u00e8ce, un vaste incendie de for\u00eat qui s&rsquo;est d\u00e9clar\u00e9 vendredi apr\u00e8s-midi \u00e0 Keratea, \u00e0 quelque 40 kilom\u00e8tres au sud-est d&rsquo;Ath\u00e8nes, a continu\u00e9 \u00e0 faire rage dans l&rsquo;est et le sud de l&rsquo;Attique pendant la nuit, causant d&rsquo;importants d\u00e9g\u00e2ts aux habitations et faisant un mort.<\/p>\n<p><img decoding=\"async\" class=\"caas-img caas-lazy has-preview\" alt=\"Un h\u00e9licopt\u00e8re vole \u00e0 travers la fum\u00e9e d'un incendie \u00e0 Keratea, dans la banlieue d'Ath\u00e8nes, le vendredi 8 ao\u00fbt 2025.\" src=\"https:\/\/www.europesays.com\/fr\/wp-content\/uploads\/2025\/08\/e31476cb0f676b5a4e543ee7c65de652.jpeg\"\/><\/p>\n<p> Un h\u00e9licopt\u00e8re vole \u00e0 travers la fum\u00e9e d&rsquo;un incendie \u00e0 Keratea, dans la banlieue d&rsquo;Ath\u00e8nes, le vendredi 8 ao\u00fbt 2025.   &#8211; AP Photo\/Thanassis Stavrakis <\/p>\n<p>Les autorit\u00e9s ont \u00e9mis des ordres d&rsquo;\u00e9vacuation alors que le feu s&rsquo;approchait des zones r\u00e9sidentielles et que les pompiers luttaient contre des vents violents.<\/p>\n<p>Au moins 260 pompiers, appuy\u00e9s par 77 v\u00e9hicules, s&rsquo;effor\u00e7aient de circonscrire l&rsquo;incendie, avec l&rsquo;aide de nombreux volontaires et civils dans les zones touch\u00e9es.<\/p>\n<p>Incendie en Turquie sous contr\u00f4le<\/p>\n<p>Les incendies de for\u00eat dans les districts centraux de \u00c7anakkale et la r\u00e9gion de Bayrami\u00e7 dans l&rsquo;ouest de la Turquie ont \u00e9t\u00e9 largement ma\u00eetris\u00e9s, selon le ministre de l&rsquo;Agriculture et des for\u00eats \u0130brahim Yumakl\u0131.<\/p>\n<p>M. Yumakli a d\u00e9clar\u00e9 que les \u00e9quipes de lutte contre les incendies ont travaill\u00e9 toute la nuit pour stopper la progression des flammes. Il a confirm\u00e9 que la propagation des incendies avait \u00e9t\u00e9 stopp\u00e9e et que les efforts de refroidissement se poursuivaient.<\/p>\n<p>L&rsquo;incendie, qui s&rsquo;est d\u00e9clar\u00e9 vendredi pr\u00e8s du village de Yigitler et s&rsquo;est propag\u00e9 \u00e0 une zone foresti\u00e8re sous l&rsquo;effet de vents violents, a entra\u00een\u00e9 des \u00e9vacuations pr\u00e9ventives dans les villages de Sacakli, Ahmetceli, Doganca, Zeytinli et Pitirelli.<\/p>\n<p>Au total, 654 habitants ont \u00e9t\u00e9 relog\u00e9s dans des zones s\u00fbres. Les autorit\u00e9s ont indiqu\u00e9 que quatre suspects ont \u00e9t\u00e9 plac\u00e9s en garde \u00e0 vue dans le cadre de l&rsquo;enqu\u00eate en cours sur les causes des incendies.<\/p>\n<p><img decoding=\"async\" class=\"caas-img caas-lazy has-preview\" alt=\"De la fum\u00e9e s'\u00e9l\u00e8ve des d\u00e9combres apr\u00e8s un incendie \u00e0 Sacakli, dans la province de \u00c7anakkale, au nord-ouest, samedi 9 ao\u00fbt 2025.\" src=\"https:\/\/www.europesays.com\/fr\/wp-content\/uploads\/2025\/08\/2e25990c9154cdacd127fe1227e8e46a.jpeg\"\/><\/p>\n<p> De la fum\u00e9e s&rsquo;\u00e9l\u00e8ve des d\u00e9combres apr\u00e8s un incendie \u00e0 Sacakli, dans la province de \u00c7anakkale, au nord-ouest, samedi 9 ao\u00fbt 2025.   &#8211; Berkman Ulutin\/Dia Photo via AP <\/p>\n<p>Une nouvelle normalit\u00e9<\/p>\n<p>Le sud de l&rsquo;Europe a connu de nombreux grands incendies cet \u00e9t\u00e9. Les scientifiques avertissent que le changement climatique exacerbe la fr\u00e9quence et l&rsquo;intensit\u00e9 de la chaleur et de la s\u00e9cheresse, rendant la r\u00e9gion plus vuln\u00e9rable aux incendies de for\u00eat.<\/p>\n<p>Cette semaine, l&rsquo;Organisation m\u00e9t\u00e9orologique mondiale (OMM) des Nations unies a publi\u00e9 un rapport d\u00e9taillant l&rsquo;impact des chaleurs extr\u00eames dans le monde.<\/p>\n<p>Le rapport indique que les temp\u00e9ratures extr\u00eames ont caus\u00e9 environ 489 000 d\u00e9c\u00e8s li\u00e9s \u00e0 la chaleur chaque ann\u00e9e entre 2000 et 2019, dont 36 % en Europe<\/p>\n<p>En ce mois de juillet record, la Turquie a enregistr\u00e9 un nouveau record national extr\u00eame de 50,5\u00b0C, pr\u00e9cise le rapport. La Su\u00e8de et la Finlande ont \u00e9galement connu des p\u00e9riodes inhabituellement longues de temp\u00e9ratures sup\u00e9rieures \u00e0 30\u00b0C.<\/p>\n<p>L&rsquo;OMM pr\u00e9vient que les pays doivent agir plus rapidement pour s&rsquo;adapter au changement climatique et limiter le r\u00e9chauffement de la plan\u00e8te, conform\u00e9ment \u00e0 l&rsquo;Accord de Paris de 2015.<\/p>\n<p>\u00ab\u00a0La chaleur extr\u00eame est parfois appel\u00e9e le tueur silencieux, mais avec la science, les donn\u00e9es et les technologies d&rsquo;aujourd&rsquo;hui, le silence n&rsquo;est plus une excuse. Chaque d\u00e9c\u00e8s d\u00fb \u00e0 la chaleur extr\u00eame peut \u00eatre \u00e9vit\u00e9\u00a0\u00bb, a d\u00e9clar\u00e9 Ko Barrett, vice-secr\u00e9taire g\u00e9n\u00e9ral de l&rsquo;OMM.<\/p>\n<p>L&rsquo;Organisation estime que la mise en place de syst\u00e8mes d&rsquo;alerte chaleur-sant\u00e9 dans 57 pays permettrait \u00e0 elle seule de sauver pr\u00e8s de 100 000 vies par an.<\/p>\n<p>\u00ab\u00a0Il ne s&rsquo;agit pas seulement d&rsquo;un probl\u00e8me climatique, mais d&rsquo;une urgence de sant\u00e9 publique\u00a0\u00bb, a d\u00e9clar\u00e9 Joy Shumake-Guillemot, responsable du programme conjoint OMS-OMM sur le climat et la sant\u00e9 et codirectrice du R\u00e9seau mondial d&rsquo;information sur la chaleur et la sant\u00e9 (GHHIN).<\/p>\n","protected":false},"excerpt":{"rendered":"Les pompiers luttaient samedi contre les incendies de for\u00eat dans le sud de l&rsquo;Europe, alors qu&rsquo;une chaleur extr\u00eame&hellip;\n","protected":false},"author":2,"featured_media":307886,"comment_status":"","ping_status":"","sticky":false,"template":"","format":"standard","meta":{"footnotes":""},"categories":[1586],"tags":[11,1777,674,1011,27,44818,30312,2794,35718,12,1311,25,13209],"class_list":{"0":"post-307885","1":"post","2":"type-post","3":"status-publish","4":"format-standard","5":"has-post-thumbnail","7":"category-europe","8":"tag-actualites","9":"tag-eu","10":"tag-europe","11":"tag-fr","12":"tag-france","13":"tag-incendie-de-foret","14":"tag-incendies-de-foret","15":"tag-la-region","16":"tag-le-sud","17":"tag-news","18":"tag-pompiers","19":"tag-republique-francaise","20":"tag-temperatures"},"share_on_mastodon":{"url":"https:\/\/pubeurope.com\/@fr\/115000274094425441","error":""},"_links":{"self":[{"href":"https:\/\/www.europesays.com\/fr\/wp-json\/wp\/v2\/posts\/307885","targetHints":{"allow":["GET"]}}],"collection":[{"href":"https:\/\/www.europesays.com\/fr\/wp-json\/wp\/v2\/posts"}],"about":[{"href":"https:\/\/www.europesays.com\/fr\/wp-json\/wp\/v2\/types\/post"}],"author":[{"embeddable":true,"href":"https:\/\/www.europesays.com\/fr\/wp-json\/wp\/v2\/users\/2"}],"replies":[{"embeddable":true,"href":"https:\/\/www.europesays.com\/fr\/wp-json\/wp\/v2\/comments?post=307885"}],"version-history":[{"count":0,"href":"https:\/\/www.europesays.com\/fr\/wp-json\/wp\/v2\/posts\/307885\/revisions"}],"wp:featuredmedia":[{"embeddable":true,"href":"https:\/\/www.europesays.com\/fr\/wp-json\/wp\/v2\/media\/307886"}],"wp:attachment":[{"href":"https:\/\/www.europesays.com\/fr\/wp-json\/wp\/v2\/media?parent=307885"}],"wp:term":[{"taxonomy":"category","embeddable":true,"href":"https:\/\/www.europesays.com\/fr\/wp-json\/wp\/v2\/categories?post=307885"},{"taxonomy":"post_tag","embeddable":true,"href":"https:\/\/www.europesays.com\/fr\/wp-json\/wp\/v2\/tags?post=307885"}],"curies":[{"name":"wp","href":"https:\/\/api.w.org\/{rel}","templated":true}]}}