{"id":307887,"date":"2025-08-09T18:41:09","date_gmt":"2025-08-09T18:41:09","guid":{"rendered":"https:\/\/www.europesays.com\/fr\/307887\/"},"modified":"2025-08-09T18:41:09","modified_gmt":"2025-08-09T18:41:09","slug":"le-plus-beau-paysage-quon-ait-jamais-eu-a-disparu-dans-laude-cest-deja-le-retour-meme-si-le-feu-brule-toujours","status":"publish","type":"post","link":"https:\/\/www.europesays.com\/fr\/307887\/","title":{"rendered":"\u00ab\u00a0Le plus beau paysage qu\u2019on ait jamais eu a disparu\u00a0\u00bb\u00a0: dans l\u2019Aude, c\u2019est d\u00e9j\u00e0 le retour m\u00eame si le feu br\u00fble toujours"},"content":{"rendered":"<p class=\"paragraph text_align_left lp-f-body-02\">Le <a href=\"https:\/\/www.leparisien.fr\/faits-divers\/incendies\/\" target=\"_self\" rel=\"nofollow noopener\">feu<\/a> qui a parcouru <a href=\"https:\/\/www.leparisien.fr\/faits-divers\/il-demeure-actif-le-point-de-situation-sur-lincendie-de-laude-fixe-jeudi-soir-qui-a-ravage-17-000-hectares-09-08-2025-YBM3AZQAXFFUXCIY4Z245ZFX5E.php\" target=\"_self\" rel=\"nofollow noopener\">plus de 16 000 ha<\/a> dans le massif des Corbi\u00e8res ne gagne plus de terrain. Pour les habitants des 16 communes de l\u2019Aude impact\u00e9es, c\u2019est un grand soulagement. Beaucoup ayant fui en catastrophe mardi soir leur domicile, tous attendaient avec impatience mais aussi avec angoisse de pouvoir enfin rentrer chez eux.<\/p>\n<p class=\"paragraph text_align_left lp-f-body-02\">Tout juste de retour depuis ce samedi matin \u00e0 Jonqui\u00e8res, France et Paul, un couple de retrait\u00e9 install\u00e9s dans ce petit village de 25 habitants depuis huit ans, en sont encore tout h\u00e9b\u00e9t\u00e9s. \u00ab Le plus beau paysage qu\u2019on ait jamais eu depuis notre fen\u00eatre a disparu \u00bb, se d\u00e9sole France.<\/p>\n","protected":false},"excerpt":{"rendered":"Le feu qui a parcouru plus de 16 000 ha dans le massif des Corbi\u00e8res ne gagne plus&hellip;\n","protected":false},"author":2,"featured_media":307888,"comment_status":"","ping_status":"","sticky":false,"template":"","format":"standard","meta":{"footnotes":""},"categories":[1586],"tags":[11,459,436,1777,674,1779,1011,27,12,25,1778,364],"class_list":{"0":"post-307887","1":"post","2":"type-post","3":"status-publish","4":"format-standard","5":"has-post-thumbnail","7":"category-europe","8":"tag-actualites","9":"tag-departements-horsidfo","10":"tag-environnement","11":"tag-eu","12":"tag-europe","13":"tag-european-union","14":"tag-fr","15":"tag-france","16":"tag-news","17":"tag-republique-francaise","18":"tag-ue","19":"tag-union-europeenne"},"share_on_mastodon":{"url":"https:\/\/pubeurope.com\/@fr\/115000277954638527","error":""},"_links":{"self":[{"href":"https:\/\/www.europesays.com\/fr\/wp-json\/wp\/v2\/posts\/307887","targetHints":{"allow":["GET"]}}],"collection":[{"href":"https:\/\/www.europesays.com\/fr\/wp-json\/wp\/v2\/posts"}],"about":[{"href":"https:\/\/www.europesays.com\/fr\/wp-json\/wp\/v2\/types\/post"}],"author":[{"embeddable":true,"href":"https:\/\/www.europesays.com\/fr\/wp-json\/wp\/v2\/users\/2"}],"replies":[{"embeddable":true,"href":"https:\/\/www.europesays.com\/fr\/wp-json\/wp\/v2\/comments?post=307887"}],"version-history":[{"count":0,"href":"https:\/\/www.europesays.com\/fr\/wp-json\/wp\/v2\/posts\/307887\/revisions"}],"wp:featuredmedia":[{"embeddable":true,"href":"https:\/\/www.europesays.com\/fr\/wp-json\/wp\/v2\/media\/307888"}],"wp:attachment":[{"href":"https:\/\/www.europesays.com\/fr\/wp-json\/wp\/v2\/media?parent=307887"}],"wp:term":[{"taxonomy":"category","embeddable":true,"href":"https:\/\/www.europesays.com\/fr\/wp-json\/wp\/v2\/categories?post=307887"},{"taxonomy":"post_tag","embeddable":true,"href":"https:\/\/www.europesays.com\/fr\/wp-json\/wp\/v2\/tags?post=307887"}],"curies":[{"name":"wp","href":"https:\/\/api.w.org\/{rel}","templated":true}]}}